{"id":9944,"date":"2018-02-07T11:59:11","date_gmt":"2018-02-07T09:59:11","guid":{"rendered":"http:\/\/tanzen-weilheim.de\/cms\/?p=9944"},"modified":"2018-02-07T11:59:11","modified_gmt":"2018-02-07T09:59:11","slug":"standard-show-unseres-s-paares-koterba-rothbock-beim-schwarz-weis-ball-von-narrhalla-und-stadt-weilheim","status":"publish","type":"post","link":"https:\/\/tanzen-weilheim.de\/cms\/9944\/standard-show-unseres-s-paares-koterba-rothbock-beim-schwarz-weis-ball-von-narrhalla-und-stadt-weilheim","title":{"rendered":"Standard-Show unseres S-Paares Koterba-Rothb\u00f6ck beim Schwarz-Wei\u00df-Ball von Narrhalla und Stadt Weilheim"},"content":{"rendered":"<p><b>Weilheim<\/b>.\u00a0 Am Samstag, den 03. Februar 2018 er\u00f6ffneten die Stadt Weilheim und die Narrhalla Weilheim in Kooperation nach langen Jahren endlich mal wieder den Fasching in Weilheim mit einem festlichen Schwarz-Wei\u00df-Ball in der wundersch\u00f6nen Weilheimer Stadthalle. <!--more--><\/p>\n<p>In seiner Er\u00f6ffnung gab der 2. B\u00fcrgermeister der Stadt Weilheim, Horst Martin mit \u00e4u\u00dferst launigen und witzigen Worten gute Tip\u00b4s f\u00fcr einen erfolgreichen Ballbesuch. Der Pr\u00e4sident der Weilheimer Narrhalla, Sepp Wiedemann, erl\u00e4uterte nochmal die Idee des Balles, n\u00e4mlich die Besucher viel zum Selber-Tanzen kommen zu lassen. Hierf\u00fcr wurde das hochrangige Tanzorchester H\u00f6gl engagiert. F\u00fcr die Show-Einlagen gab er das Motto vor \u201eweniger ist mehr\u201c, um eben den Leuten Gelegenheit zu geben, viel zu tanzen, wovon auch ausgiebig und vor allem begeistert Gebrauch gemacht wurde.<\/p>\n<p>Und so durften, als eine der wenigen Showeinlagen, Thomas Koterba und Ren\u00e9e Rothb\u00f6ck, unser Senioren III S-Paar, dem Publikum eine Standard-Show bieten. Die beiden suchten sich tolle Musik aus und begeisterten das Publikum mit Ausz\u00fcgen aus ihren aktuellen Turnierprogrammen. Beschwingt moderiert von unserer Schriftf\u00fchrerin Monika Marschall zeigten Thomas und Ren\u00e9e alle f\u00fcnf Standardt\u00e4nze und mu\u00dften auch eine Zugabe liefern \u2013 so stark war der Applaus.<\/p>\n<p><a href=\"https:\/\/tanzen-weilheim.de\/cms\/wp-content\/uploads\/2018\/02\/1954984510-ball-kopie-Pha7.jpg\"><img loading=\"lazy\" decoding=\"async\" class=\"alignnone size-medium wp-image-9945\" alt=\"1954984510-ball-kopie-Pha7\" src=\"https:\/\/tanzen-weilheim.de\/cms\/wp-content\/uploads\/2018\/02\/1954984510-ball-kopie-Pha7-300x202.jpg\" width=\"300\" height=\"202\" \/><\/a> <a href=\"https:\/\/tanzen-weilheim.de\/cms\/wp-content\/uploads\/2018\/02\/2016824509-ball-kopie-P7a7.jpg\"><img loading=\"lazy\" decoding=\"async\" class=\"alignnone size-medium wp-image-9946\" alt=\"2016824509-ball-kopie-P7a7\" src=\"https:\/\/tanzen-weilheim.de\/cms\/wp-content\/uploads\/2018\/02\/2016824509-ball-kopie-P7a7-300x199.jpg\" width=\"300\" height=\"199\" \/><\/a><\/p>\n<p>Wenn auch Sie eine Show eines unserer Paare als Bereicherung Ihrer Veranstaltung buchen m\u00f6chten, dann schreiben Sie an <a href=\"mailto:sportwart@tanzen-weilheim.de\">sportwart@tanzen-weilheim.de<\/a> .<\/p>\n<p>07.02.2018\/tk<\/p>\n<p>Fotos: \u00a9 Georg M\u00fcller<\/p>\n","protected":false},"excerpt":{"rendered":"<p>Weilheim.\u00a0 Am Samstag, den 03. Februar 2018 er\u00f6ffneten die Stadt Weilheim und die Narrhalla Weilheim in Kooperation nach langen Jahren endlich mal wieder den Fasching in Weilheim mit einem festlichen Schwarz-Wei\u00df-Ball in der wundersch\u00f6nen Weilheimer Stadthalle.<\/p>\n","protected":false},"author":17,"featured_media":0,"comment_status":"open","ping_status":"open","sticky":false,"template":"","format":"standard","meta":{"_jetpack_memberships_contains_paid_content":false,"footnotes":""},"categories":[1],"tags":[],"class_list":["post-9944","post","type-post","status-publish","format-standard","hentry","category-allgemein"],"jetpack_featured_media_url":"","jetpack_sharing_enabled":true,"_links":{"self":[{"href":"https:\/\/tanzen-weilheim.de\/cms\/wp-json\/wp\/v2\/posts\/9944","targetHints":{"allow":["GET"]}}],"collection":[{"href":"https:\/\/tanzen-weilheim.de\/cms\/wp-json\/wp\/v2\/posts"}],"about":[{"href":"https:\/\/tanzen-weilheim.de\/cms\/wp-json\/wp\/v2\/types\/post"}],"author":[{"embeddable":true,"href":"https:\/\/tanzen-weilheim.de\/cms\/wp-json\/wp\/v2\/users\/17"}],"replies":[{"embeddable":true,"href":"https:\/\/tanzen-weilheim.de\/cms\/wp-json\/wp\/v2\/comments?post=9944"}],"version-history":[{"count":1,"href":"https:\/\/tanzen-weilheim.de\/cms\/wp-json\/wp\/v2\/posts\/9944\/revisions"}],"predecessor-version":[{"id":9947,"href":"https:\/\/tanzen-weilheim.de\/cms\/wp-json\/wp\/v2\/posts\/9944\/revisions\/9947"}],"wp:attachment":[{"href":"https:\/\/tanzen-weilheim.de\/cms\/wp-json\/wp\/v2\/media?parent=9944"}],"wp:term":[{"taxonomy":"category","embeddable":true,"href":"https:\/\/tanzen-weilheim.de\/cms\/wp-json\/wp\/v2\/categories?post=9944"},{"taxonomy":"post_tag","embeddable":true,"href":"https:\/\/tanzen-weilheim.de\/cms\/wp-json\/wp\/v2\/tags?post=9944"}],"curies":[{"name":"wp","href":"https:\/\/api.w.org\/{rel}","templated":true}]}}