{"id":9940,"date":"2018-02-06T07:47:04","date_gmt":"2018-02-06T05:47:04","guid":{"rendered":"http:\/\/tanzen-weilheim.de\/cms\/?p=9940"},"modified":"2018-02-07T12:00:09","modified_gmt":"2018-02-07T10:00:09","slug":"formations-tanzsport-team-weilheim-dritter-beim-auftaktturnier-der-hobbyliga-2018","status":"publish","type":"post","link":"https:\/\/tanzen-weilheim.de\/cms\/9940\/formations-tanzsport-team-weilheim-dritter-beim-auftaktturnier-der-hobbyliga-2018","title":{"rendered":"Formations-Tanzsport: Team Weilheim Dritter beim Auftaktturnier der Hobbyliga 2018"},"content":{"rendered":"<p><b>Weilheim \/ Bayreuth<\/b>.\u00a0 Das erste Turnier der Hobbyliga-Serie des Landestanzsportverbandes Bayern (LTVB) in Bayreuth endete mit einem hervorragenden dritten Platz f\u00fcr das Team Weilheim!<\/p>\n<p><!--more--><\/p>\n<p>Bei der Premiere dieser Serie im vergangenen Jahr konnte sich das Team Weilheim nicht nur den Sieg im Auftaktturnier, sondern durch kontinuierlich hervorragende Ergebnisse w\u00e4hrend aller Ligaturniere sogar den Gesamtsieg sichern. Insofern war man schon auch bisserl nerv\u00f6s vor dem Start in die diesj\u00e4hrigen Ligaturniere, war man ja doch diesmal so etwas wie ein Mitfavorit. F\u00fcr den LTVB ist es schon jetzt eine absolute Erfolgsstory, quasi aus dem Nichts eine solche Hobbyliga mit perfekter Verzahnung zwischen Leistungs- und Breitensport mit solchen Leistungen und solchem Zulauf geschaffen zu haben. Da w\u00e4chst weiterhin erkennbar etwas ganz Tolles!<\/p>\n<p>Die Oberfrankenhalle in Bayreuth war nun am vergangenen Wochenende der Schauplatz der Auftaktturniere der bayerischen Formationsligen, in deren Turniere auch die der 2017 neu geschaffenen Hobbyliga immer integriert werden. Eingebettet zwischen die Wettbewerbe der Landes- und der Oberliga k\u00e4mpften in der Hobbyliga 6 Formationen um den Turniersieg, der an die Tanzschule Hiller aus Crailsheim ging, eine junge Lateinformation, die nach allgemeinem Bekunden so gut, so outstanding getanzt haben, da\u00df sie wohl locker auch in der Oberliga h\u00e4tten mithalten k\u00f6nnen. Platz zwei ging an die Formation aus Holzkirchen, dicht gefolgt dann vom Team Weilheim!<\/p>\n<p><a href=\"https:\/\/tanzen-weilheim.de\/cms\/wp-content\/uploads\/2018\/02\/Formation-2018-01.jpg\"><img loading=\"lazy\" decoding=\"async\" class=\"alignnone size-medium wp-image-9941\" alt=\"Formation 2018 01\" src=\"https:\/\/tanzen-weilheim.de\/cms\/wp-content\/uploads\/2018\/02\/Formation-2018-01-300x210.jpg\" width=\"300\" height=\"210\" srcset=\"https:\/\/tanzen-weilheim.de\/cms\/wp-content\/uploads\/2018\/02\/Formation-2018-01-300x210.jpg 300w, https:\/\/tanzen-weilheim.de\/cms\/wp-content\/uploads\/2018\/02\/Formation-2018-01-960x673.jpg 960w, https:\/\/tanzen-weilheim.de\/cms\/wp-content\/uploads\/2018\/02\/Formation-2018-01-1920x1346.jpg 1920w, https:\/\/tanzen-weilheim.de\/cms\/wp-content\/uploads\/2018\/02\/Formation-2018-01-768x538.jpg 768w, https:\/\/tanzen-weilheim.de\/cms\/wp-content\/uploads\/2018\/02\/Formation-2018-01-1024x718.jpg 1024w, https:\/\/tanzen-weilheim.de\/cms\/wp-content\/uploads\/2018\/02\/Formation-2018-01-400x280.jpg 400w, https:\/\/tanzen-weilheim.de\/cms\/wp-content\/uploads\/2018\/02\/Formation-2018-01-800x561.jpg 800w\" sizes=\"auto, (max-width: 300px) 100vw, 300px\" \/><\/a> <a href=\"https:\/\/tanzen-weilheim.de\/cms\/wp-content\/uploads\/2018\/02\/Formation-2018-02.jpg\"><img loading=\"lazy\" decoding=\"async\" class=\"alignnone size-medium wp-image-9942\" alt=\"Formation 2018 02\" src=\"https:\/\/tanzen-weilheim.de\/cms\/wp-content\/uploads\/2018\/02\/Formation-2018-02-300x206.jpg\" width=\"300\" height=\"206\" \/><\/a><\/p>\n<p>Alle Teilnehmer waren am Schlu\u00df rundum zufrieden! Durch die gelungene Kombination mit dem Leistungssport f\u00fchlten sich die Formationen der Hobbyliga wiederum von Anfang an super an- und aufgenommen und konnten so tollen Sport vor vollem Publikum zeigen. Bestens vorbereitet vom Trainerteam um Julia Jussel, Birgit Handel und Paul Handel zeigte das Team Weilheim eine wirklich gute Leistung \u2013 der Platz auf dem Trepperl war komplett verdient! Und die Freude dar\u00fcber war den Weilheimer Paaren dann nat\u00fcrlich \u201eins Gesicht geschrieben\u201c. Auch durch dieses gute Ergebnis angespornt, hei\u00dft es jetzt wieder flei\u00dfig trainieren, denn schon am 17.02.2018 steht in Wasserburg das n\u00e4chste Turnier der Hobbyliga-Serie an.<\/p>\n<p>Die Abteilung gratuliert ganz herzlich und als Sportwart m\u00f6chte ich da nur sagen: weiter so!<\/p>\n<p>06.02.2018\/tk<\/p>\n","protected":false},"excerpt":{"rendered":"<p>Weilheim \/ Bayreuth.\u00a0 Das erste Turnier der Hobbyliga-Serie des Landestanzsportverbandes Bayern (LTVB) in Bayreuth endete mit einem hervorragenden dritten Platz f\u00fcr das Team Weilheim!<\/p>\n","protected":false},"author":17,"featured_media":0,"comment_status":"open","ping_status":"open","sticky":false,"template":"","format":"standard","meta":{"_jetpack_memberships_contains_paid_content":false,"footnotes":""},"categories":[1],"tags":[],"class_list":["post-9940","post","type-post","status-publish","format-standard","hentry","category-allgemein"],"jetpack_featured_media_url":"","jetpack_sharing_enabled":true,"_links":{"self":[{"href":"https:\/\/tanzen-weilheim.de\/cms\/wp-json\/wp\/v2\/posts\/9940","targetHints":{"allow":["GET"]}}],"collection":[{"href":"https:\/\/tanzen-weilheim.de\/cms\/wp-json\/wp\/v2\/posts"}],"about":[{"href":"https:\/\/tanzen-weilheim.de\/cms\/wp-json\/wp\/v2\/types\/post"}],"author":[{"embeddable":true,"href":"https:\/\/tanzen-weilheim.de\/cms\/wp-json\/wp\/v2\/users\/17"}],"replies":[{"embeddable":true,"href":"https:\/\/tanzen-weilheim.de\/cms\/wp-json\/wp\/v2\/comments?post=9940"}],"version-history":[{"count":2,"href":"https:\/\/tanzen-weilheim.de\/cms\/wp-json\/wp\/v2\/posts\/9940\/revisions"}],"predecessor-version":[{"id":9948,"href":"https:\/\/tanzen-weilheim.de\/cms\/wp-json\/wp\/v2\/posts\/9940\/revisions\/9948"}],"wp:attachment":[{"href":"https:\/\/tanzen-weilheim.de\/cms\/wp-json\/wp\/v2\/media?parent=9940"}],"wp:term":[{"taxonomy":"category","embeddable":true,"href":"https:\/\/tanzen-weilheim.de\/cms\/wp-json\/wp\/v2\/categories?post=9940"},{"taxonomy":"post_tag","embeddable":true,"href":"https:\/\/tanzen-weilheim.de\/cms\/wp-json\/wp\/v2\/tags?post=9940"}],"curies":[{"name":"wp","href":"https:\/\/api.w.org\/{rel}","templated":true}]}}