{"id":9843,"date":"2018-01-28T16:52:46","date_gmt":"2018-01-28T14:52:46","guid":{"rendered":"http:\/\/tanzen-weilheim.de\/cms\/?p=9843"},"modified":"2018-02-01T15:43:06","modified_gmt":"2018-02-01T13:43:06","slug":"turniersieg-fur-ehepaar-stuhler-in-ebersberg-bronze-fur-koterba-rothbock-bei-der-vorarlberger-meisterschaft","status":"publish","type":"post","link":"https:\/\/tanzen-weilheim.de\/cms\/9843\/turniersieg-fur-ehepaar-stuhler-in-ebersberg-bronze-fur-koterba-rothbock-bei-der-vorarlberger-meisterschaft","title":{"rendered":"Turniersieg f\u00fcr Ehepaar St\u00fchler in Ebersberg, Bronze f\u00fcr Koterba-Rothb\u00f6ck bei der Vorarlberger Landesmeisterschaft"},"content":{"rendered":"<p><b>Weilheim \/ Ebersberg \/ Hohenweiler (Vorarlberg\/\u00d6sterreich)<\/b>. Die Paare der Altersklassen Senioren II und III der Tanzsportabteilung des TSV 1847 Weilheim e.V. (TSA) sind in der Endphase der Vorbereitung f\u00fcr die Bayerischen Meisterschaften am 03.\/04. M\u00e4rz 2018 in Weilheim und K\u00f6nigsbrunn. Und die Ergebnisse der \u201eVorbereitungsturniere\u201c sind aller Ehren wert und lassen f\u00fcr die heimischen Titelk\u00e4mpfe viel erwarten. <!--more--><\/p>\n<p>Regelm\u00e4\u00dfig Ende Januar richtet die Tanzsportgemeinschaft DaCapo Ebersberg e.V. traditionsgem\u00e4\u00df die sog. EbersBergKristall-Turniere aus. Nach ersten Top-Ergebnissen f\u00fcr unsere TSA Ende 2017 meldeten sich Bernd &amp; Angela St\u00fchler auch zu diesem Standard-Turnier der Alterklasse Senioren II (Ein Partner \u00fcber 40, der andere \u00fcber 45) in ihrer Leistungsklasse A an, um hier weiterhin als Meisterschaftsvorbereitung Turnierroutine zu sammeln. Bereits in den Vor- und Zwischenrunden souver\u00e4n auf Platz 1 liegend dominierten die Beiden nach Belieben auch die Endrunde und gewannen das Turnier mit fast allen Einser-Wertungen. Als Lohn daf\u00fcr durften sie den Siegespreis, diesmal nicht, wie sonst auf Turnieren \u00fcblich, einen Pokal, mit nach Hause nehmen, sondern \u2013 eine Besonderheit dieses Turniers \u2013 eine sch\u00f6ne Glasschale. Ihnen fehlen jetzt lediglich noch 11 P\u00fcnktchen, um den Aufstieg in die S-Klasse, die h\u00f6chste deutsche und internationale Leistungsklasse im Tanzsport, zu erreichen. Das Ziel, dies bei der Meisterschaft am 04.03.18 in K\u00f6nigsbrunn zu schaffen, liegt nun zum Greifen nahe!<\/p>\n<p><a href=\"https:\/\/tanzen-weilheim.de\/cms\/wp-content\/uploads\/2018\/01\/St\u00fchler-04.jpg\"><img loading=\"lazy\" decoding=\"async\" class=\"alignnone size-medium wp-image-9844\" alt=\"St\u00fchler 04\" src=\"https:\/\/tanzen-weilheim.de\/cms\/wp-content\/uploads\/2018\/01\/St\u00fchler-04-300x225.jpg\" width=\"300\" height=\"225\" srcset=\"https:\/\/tanzen-weilheim.de\/cms\/wp-content\/uploads\/2018\/01\/St\u00fchler-04-300x225.jpg 300w, https:\/\/tanzen-weilheim.de\/cms\/wp-content\/uploads\/2018\/01\/St\u00fchler-04-960x720.jpg 960w, https:\/\/tanzen-weilheim.de\/cms\/wp-content\/uploads\/2018\/01\/St\u00fchler-04-768x576.jpg 768w, https:\/\/tanzen-weilheim.de\/cms\/wp-content\/uploads\/2018\/01\/St\u00fchler-04-1024x768.jpg 1024w, https:\/\/tanzen-weilheim.de\/cms\/wp-content\/uploads\/2018\/01\/St\u00fchler-04-400x300.jpg 400w, https:\/\/tanzen-weilheim.de\/cms\/wp-content\/uploads\/2018\/01\/St\u00fchler-04-800x600.jpg 800w, https:\/\/tanzen-weilheim.de\/cms\/wp-content\/uploads\/2018\/01\/St\u00fchler-04.jpg 1280w\" sizes=\"auto, (max-width: 300px) 100vw, 300px\" \/><\/a> <a href=\"https:\/\/tanzen-weilheim.de\/cms\/wp-content\/uploads\/2018\/01\/St\u00fchler-05b.jpg\"><img loading=\"lazy\" decoding=\"async\" class=\"alignnone size-medium wp-image-9845\" alt=\"St\u00fchler 05b\" src=\"https:\/\/tanzen-weilheim.de\/cms\/wp-content\/uploads\/2018\/01\/St\u00fchler-05b-200x300.jpg\" width=\"150\" height=\"225\" srcset=\"https:\/\/tanzen-weilheim.de\/cms\/wp-content\/uploads\/2018\/01\/St\u00fchler-05b-200x300.jpg 200w, https:\/\/tanzen-weilheim.de\/cms\/wp-content\/uploads\/2018\/01\/St\u00fchler-05b-640x960.jpg 640w, https:\/\/tanzen-weilheim.de\/cms\/wp-content\/uploads\/2018\/01\/St\u00fchler-05b-1280x1920.jpg 1280w, https:\/\/tanzen-weilheim.de\/cms\/wp-content\/uploads\/2018\/01\/St\u00fchler-05b-768x1152.jpg 768w, https:\/\/tanzen-weilheim.de\/cms\/wp-content\/uploads\/2018\/01\/St\u00fchler-05b-400x600.jpg 400w, https:\/\/tanzen-weilheim.de\/cms\/wp-content\/uploads\/2018\/01\/St\u00fchler-05b-533x800.jpg 533w, https:\/\/tanzen-weilheim.de\/cms\/wp-content\/uploads\/2018\/01\/St\u00fchler-05b-683x1024.jpg 683w\" sizes=\"auto, (max-width: 150px) 100vw, 150px\" \/><\/a><\/p>\n<p>Am gleichen Tag startete ein weiteres Paar unserer TSA seine gemeinsame Turnierkarriere. Thomas Koterba &amp; Ren\u00e9e Rothb\u00f6ck trainierten nach Thomas\u00b4 Partnerwechsel Mitte 2017 nun seit September 2017 sehr intensiv; wie das Ehepaar St\u00fchler auch mit dem Ziel eines guten Ergebnisses bei der Bayerischen Meisterschaft in ihrer Altersklasse Senioren III (ein Partner \u00fcber 50, der andere \u00fcber 55), die am 03.03.18 ausgerechnet in der heimischen Stadthalle in Weilheim, also vor Weilheimer Publikum stattfindet. Im Zuge dieser Vorbereitung wollten die Beiden nat\u00fcrlich auch vorab schon mal gemeinsam ein Turnier \u201etesten\u201c und suchten sich dazu die Landesmeisterschaften der Standardt\u00e4nze in der Sonderklasse S des \u00f6sterreichischen Bundeslandes Vorarlberg in Hohenweiler aus. Sie waren nach eigenem Bekunden schon ein wenig nerv\u00f6s, wie das bei ersten Turnieren immer ist. Aber auch sie qualifizierten sich mit fast allen Kreuzen der dort sieben Wertungsrichter locker f\u00fcrs Finale der besten sechs Paare. Auch hier lieferten sie eine konzentrierte und gute Leistung ab, so da\u00df sie mit dem 3. Platz dieser Meisterschaft belohnt wurden. Da fiel nat\u00fcrlich dann die Nervosit\u00e4t auf einmal ab, als den beiden klar wurde, da\u00df sie in der h\u00f6chsten Leistungsklasse gleich beim allerersten gemeinsamen Turnier einen der hei\u00df begehrten Trepperl-Pl\u00e4tze erringen konnten, und das bei sehr guter Konkurrenz aus \u00d6sterreich! Auch f\u00fcr Thomas &amp; Ren\u00e9e scheint somit die Meisterschaftsvorbereitung planm\u00e4\u00dfig zu laufen und so d\u00fcrfen auch Sie berechtigt auf ein gutes Ergebnis im M\u00e4rz in der Weilheimer Stadthalle hoffen.<\/p>\n<p><a href=\"https:\/\/tanzen-weilheim.de\/cms\/wp-content\/uploads\/2018\/01\/Koterba-Rothb\u00f6ck-01.jpg\"><img loading=\"lazy\" decoding=\"async\" class=\"alignnone size-medium wp-image-9846\" alt=\"Koterba-Rothb\u00f6ck 01\" src=\"https:\/\/tanzen-weilheim.de\/cms\/wp-content\/uploads\/2018\/01\/Koterba-Rothb\u00f6ck-01-300x200.jpg\" width=\"339\" height=\"226\" srcset=\"https:\/\/tanzen-weilheim.de\/cms\/wp-content\/uploads\/2018\/01\/Koterba-Rothb\u00f6ck-01-300x200.jpg 300w, https:\/\/tanzen-weilheim.de\/cms\/wp-content\/uploads\/2018\/01\/Koterba-Rothb\u00f6ck-01-960x640.jpg 960w, https:\/\/tanzen-weilheim.de\/cms\/wp-content\/uploads\/2018\/01\/Koterba-Rothb\u00f6ck-01-768x512.jpg 768w, https:\/\/tanzen-weilheim.de\/cms\/wp-content\/uploads\/2018\/01\/Koterba-Rothb\u00f6ck-01.jpg 1024w, https:\/\/tanzen-weilheim.de\/cms\/wp-content\/uploads\/2018\/01\/Koterba-Rothb\u00f6ck-01-400x267.jpg 400w, https:\/\/tanzen-weilheim.de\/cms\/wp-content\/uploads\/2018\/01\/Koterba-Rothb\u00f6ck-01-800x534.jpg 800w\" sizes=\"auto, (max-width: 339px) 100vw, 339px\" \/><\/a> <a href=\"https:\/\/tanzen-weilheim.de\/cms\/wp-content\/uploads\/2018\/01\/Koterba-Rothb\u00f6ck-02.jpg\"><img loading=\"lazy\" decoding=\"async\" class=\"alignnone size-medium wp-image-9847\" alt=\"Koterba-Rothb\u00f6ck 02\" src=\"https:\/\/tanzen-weilheim.de\/cms\/wp-content\/uploads\/2018\/01\/Koterba-Rothb\u00f6ck-02-217x300.jpg\" width=\"164\" height=\"226\" srcset=\"https:\/\/tanzen-weilheim.de\/cms\/wp-content\/uploads\/2018\/01\/Koterba-Rothb\u00f6ck-02-217x300.jpg 217w, https:\/\/tanzen-weilheim.de\/cms\/wp-content\/uploads\/2018\/01\/Koterba-Rothb\u00f6ck-02-695x960.jpg 695w, https:\/\/tanzen-weilheim.de\/cms\/wp-content\/uploads\/2018\/01\/Koterba-Rothb\u00f6ck-02-768x1061.jpg 768w, https:\/\/tanzen-weilheim.de\/cms\/wp-content\/uploads\/2018\/01\/Koterba-Rothb\u00f6ck-02-741x1024.jpg 741w, https:\/\/tanzen-weilheim.de\/cms\/wp-content\/uploads\/2018\/01\/Koterba-Rothb\u00f6ck-02-400x552.jpg 400w, https:\/\/tanzen-weilheim.de\/cms\/wp-content\/uploads\/2018\/01\/Koterba-Rothb\u00f6ck-02-579x800.jpg 579w, https:\/\/tanzen-weilheim.de\/cms\/wp-content\/uploads\/2018\/01\/Koterba-Rothb\u00f6ck-02.jpg 1055w\" sizes=\"auto, (max-width: 164px) 100vw, 164px\" \/><\/a><\/p>\n<p>Die Abteilung gratuliert beiden Paaren ganz herzlich zu den tollen Ergebnissen!<\/p>\n<p>&nbsp;<\/p>\n<p>28.01.2018\/tk<\/p>\n<p>Fotos: TSA d. TSV 1847 Weilheim e.V., Ivo Sol\u00e9r, Klaus Butensch\u00f6n<\/p>\n","protected":false},"excerpt":{"rendered":"<p>Weilheim \/ Ebersberg \/ Hohenweiler (Vorarlberg\/\u00d6sterreich). Die Paare der Altersklassen Senioren II und III der Tanzsportabteilung des TSV 1847 Weilheim e.V. (TSA) sind in der Endphase der Vorbereitung f\u00fcr die Bayerischen Meisterschaften am 03.\/04. M\u00e4rz 2018 in Weilheim und K\u00f6nigsbrunn. Und die Ergebnisse der \u201eVorbereitungsturniere\u201c sind aller Ehren wert und lassen f\u00fcr die heimischen Titelk\u00e4mpfe [&hellip;]<\/p>\n","protected":false},"author":17,"featured_media":0,"comment_status":"open","ping_status":"open","sticky":false,"template":"","format":"standard","meta":{"_jetpack_memberships_contains_paid_content":false,"footnotes":""},"categories":[1],"tags":[],"class_list":["post-9843","post","type-post","status-publish","format-standard","hentry","category-allgemein"],"jetpack_featured_media_url":"","jetpack_sharing_enabled":true,"_links":{"self":[{"href":"https:\/\/tanzen-weilheim.de\/cms\/wp-json\/wp\/v2\/posts\/9843","targetHints":{"allow":["GET"]}}],"collection":[{"href":"https:\/\/tanzen-weilheim.de\/cms\/wp-json\/wp\/v2\/posts"}],"about":[{"href":"https:\/\/tanzen-weilheim.de\/cms\/wp-json\/wp\/v2\/types\/post"}],"author":[{"embeddable":true,"href":"https:\/\/tanzen-weilheim.de\/cms\/wp-json\/wp\/v2\/users\/17"}],"replies":[{"embeddable":true,"href":"https:\/\/tanzen-weilheim.de\/cms\/wp-json\/wp\/v2\/comments?post=9843"}],"version-history":[{"count":7,"href":"https:\/\/tanzen-weilheim.de\/cms\/wp-json\/wp\/v2\/posts\/9843\/revisions"}],"predecessor-version":[{"id":9849,"href":"https:\/\/tanzen-weilheim.de\/cms\/wp-json\/wp\/v2\/posts\/9843\/revisions\/9849"}],"wp:attachment":[{"href":"https:\/\/tanzen-weilheim.de\/cms\/wp-json\/wp\/v2\/media?parent=9843"}],"wp:term":[{"taxonomy":"category","embeddable":true,"href":"https:\/\/tanzen-weilheim.de\/cms\/wp-json\/wp\/v2\/categories?post=9843"},{"taxonomy":"post_tag","embeddable":true,"href":"https:\/\/tanzen-weilheim.de\/cms\/wp-json\/wp\/v2\/tags?post=9843"}],"curies":[{"name":"wp","href":"https:\/\/api.w.org\/{rel}","templated":true}]}}