{"id":9730,"date":"2018-01-23T20:25:51","date_gmt":"2018-01-23T18:25:51","guid":{"rendered":"http:\/\/tanzen-weilheim.de\/cms\/?p=9730"},"modified":"2018-01-23T20:25:51","modified_gmt":"2018-01-23T18:25:51","slug":"intensiver-standard-workshop-mit-manfred-kober","status":"publish","type":"post","link":"https:\/\/tanzen-weilheim.de\/cms\/9730\/intensiver-standard-workshop-mit-manfred-kober","title":{"rendered":"Intensiver Standard-Workshop mit Manfred Kober"},"content":{"rendered":"<p><b>Weilheim<\/b>. In der Tanzsportabteilung des TSV 1847 Weilheim e.V. (TSA) ist es seit Jahren \u00fcblich, das neue Tanzsportjahr mit intensiven Trainings zu beginnen. In den letzten Jahren war dies meist noch in den Weihnachtsferien, dies war aus Termingr\u00fcnden in 2018 nicht m\u00f6glich und so verlegten wir uns auf das dritte Januarwochenende. <!--more--><\/p>\n<p>Der renommierte und den meisten Weilheimer Paaren inzwischen bestens bekannte Spitzentrainer Manfred Kober \u201everpa\u00dfte\u201c den Standard-Turnierpaaren der TSA einen zweit\u00e4gigen Workshop. Zus\u00e4tzlich gab es wieder ausreichend Gelegenheit f\u00fcr die Paare, sich in Privatstunden den vor allem in den h\u00f6heren Klassen so notwendigen individuellen Feinschliff zu erarbeiten.<\/p>\n<p>Der Manfred brachte uns in seiner unnachahmlichen Art das Jahres-Lehrthema 2018 des Deutschen Tanzsportverbandes nahe, das den vielsagenden Titel \u201eLittle Difference\u201c tr\u00e4gt. Er interpretierte dies insbesondere am kleinen, aber bedeutenden Unterschied von recht- und linksgedrehten Figuren und Folgenelementen. Wie immer kamen dabei die Grundpositionen des K\u00f6rpers, der Aufbau der Gewichtsbl\u00f6cke, die Positionierung der beiden Partner zueinander und das gemeinsame Movement nicht zu kurz. Und f\u00fcr die h\u00f6herklassigen Paare gab er auch immer wieder gute Hinweise, wie und mit welchen Energieformen dann diese Bewegungsmuster auf die individuellen Figurenprogramme \u00fcbertragbar sind. Er versteht es sehr, sehr gut, alle teilnehmenden Paare (wir konnten erneut mehrere Gastpaare umliegenden Vereine begr\u00fc\u00dfen!) \u201emitzunehmen\u201c, auch wenn die Unterschiede zwischen Paaren der D-, C-, B-, A- und S-Klassen sowie zweier ebenfalls mittrainierenden Paaren aus Breitensportwettbewerben dies nicht immer ganz einfach machen. Er vermittelt uns seine Lehrinhalte auch z.T. in auf den ersten Blick ungew\u00f6hnlichen \u00dcbungen. So erkl\u00e4rte er uns u.a. die richtige Positionierung und Ansteuerung der Sitzbeinh\u00f6cker eben mal \u201eim Sitzen\u201c, was dann durchaus auch f\u00fcr Heiterkeit sorgte, die bei ihm sowieso nie zu kurz kommt.<\/p>\n<p><a href=\"https:\/\/tanzen-weilheim.de\/cms\/wp-content\/uploads\/2018\/01\/Sitz-1.jpg\"><img loading=\"lazy\" decoding=\"async\" class=\"alignnone size-medium wp-image-9731\" alt=\"Sitz 1\" src=\"https:\/\/tanzen-weilheim.de\/cms\/wp-content\/uploads\/2018\/01\/Sitz-1-300x225.jpg\" width=\"300\" height=\"225\" srcset=\"https:\/\/tanzen-weilheim.de\/cms\/wp-content\/uploads\/2018\/01\/Sitz-1-300x225.jpg 300w, https:\/\/tanzen-weilheim.de\/cms\/wp-content\/uploads\/2018\/01\/Sitz-1-960x720.jpg 960w, https:\/\/tanzen-weilheim.de\/cms\/wp-content\/uploads\/2018\/01\/Sitz-1-1920x1440.jpg 1920w, https:\/\/tanzen-weilheim.de\/cms\/wp-content\/uploads\/2018\/01\/Sitz-1-768x576.jpg 768w, https:\/\/tanzen-weilheim.de\/cms\/wp-content\/uploads\/2018\/01\/Sitz-1-400x300.jpg 400w, https:\/\/tanzen-weilheim.de\/cms\/wp-content\/uploads\/2018\/01\/Sitz-1-800x600.jpg 800w, https:\/\/tanzen-weilheim.de\/cms\/wp-content\/uploads\/2018\/01\/Sitz-1-1024x768.jpg 1024w\" sizes=\"auto, (max-width: 300px) 100vw, 300px\" \/><\/a> <a href=\"https:\/\/tanzen-weilheim.de\/cms\/wp-content\/uploads\/2018\/01\/Sitz-2.jpg\"><img loading=\"lazy\" decoding=\"async\" class=\"alignnone size-medium wp-image-9732\" alt=\"Sitz 2\" src=\"https:\/\/tanzen-weilheim.de\/cms\/wp-content\/uploads\/2018\/01\/Sitz-2-300x225.jpg\" width=\"300\" height=\"225\" srcset=\"https:\/\/tanzen-weilheim.de\/cms\/wp-content\/uploads\/2018\/01\/Sitz-2-300x225.jpg 300w, https:\/\/tanzen-weilheim.de\/cms\/wp-content\/uploads\/2018\/01\/Sitz-2-960x720.jpg 960w, https:\/\/tanzen-weilheim.de\/cms\/wp-content\/uploads\/2018\/01\/Sitz-2-1920x1440.jpg 1920w, https:\/\/tanzen-weilheim.de\/cms\/wp-content\/uploads\/2018\/01\/Sitz-2-768x576.jpg 768w, https:\/\/tanzen-weilheim.de\/cms\/wp-content\/uploads\/2018\/01\/Sitz-2-400x300.jpg 400w, https:\/\/tanzen-weilheim.de\/cms\/wp-content\/uploads\/2018\/01\/Sitz-2-800x600.jpg 800w, https:\/\/tanzen-weilheim.de\/cms\/wp-content\/uploads\/2018\/01\/Sitz-2-1024x768.jpg 1024w\" sizes=\"auto, (max-width: 300px) 100vw, 300px\" \/><\/a> <a href=\"https:\/\/tanzen-weilheim.de\/cms\/wp-content\/uploads\/2018\/01\/Sitz-3.jpg\"><img loading=\"lazy\" decoding=\"async\" class=\"alignnone size-medium wp-image-9733\" alt=\"Sitz 3\" src=\"https:\/\/tanzen-weilheim.de\/cms\/wp-content\/uploads\/2018\/01\/Sitz-3-300x225.jpg\" width=\"300\" height=\"225\" srcset=\"https:\/\/tanzen-weilheim.de\/cms\/wp-content\/uploads\/2018\/01\/Sitz-3-300x225.jpg 300w, https:\/\/tanzen-weilheim.de\/cms\/wp-content\/uploads\/2018\/01\/Sitz-3-960x720.jpg 960w, https:\/\/tanzen-weilheim.de\/cms\/wp-content\/uploads\/2018\/01\/Sitz-3-1920x1440.jpg 1920w, https:\/\/tanzen-weilheim.de\/cms\/wp-content\/uploads\/2018\/01\/Sitz-3-768x576.jpg 768w, https:\/\/tanzen-weilheim.de\/cms\/wp-content\/uploads\/2018\/01\/Sitz-3-400x300.jpg 400w, https:\/\/tanzen-weilheim.de\/cms\/wp-content\/uploads\/2018\/01\/Sitz-3-800x600.jpg 800w, https:\/\/tanzen-weilheim.de\/cms\/wp-content\/uploads\/2018\/01\/Sitz-3-1024x768.jpg 1024w\" sizes=\"auto, (max-width: 300px) 100vw, 300px\" \/><\/a><\/p>\n<p>Waren am Samstag noch die eher rechtsgedrehten Figuren dran, die er insb. im langsamen Walzer demonstrierte, so wechselte er am Sonntag nach kurzer Wiederholung der Vortagsinhalte zu den linksgedrehten Elementen und stellte diese insb. im Slowfox dar. Dabei vermittelte er insb. den Paaren der unteren Turnierklassen eine komplett neue Slowfox-Turnierfolge, die in der C-Klasse problemlos tanzbar ist und sich von den sonst \u00fcblichen und weit verbreiteten Basic-Folgen doch deutlich optisch unterscheidet.<\/p>\n<p><a href=\"https:\/\/tanzen-weilheim.de\/cms\/wp-content\/uploads\/2018\/01\/Workshop-2.jpg\"><img loading=\"lazy\" decoding=\"async\" class=\"alignnone size-medium wp-image-9734\" alt=\"Workshop 2\" src=\"https:\/\/tanzen-weilheim.de\/cms\/wp-content\/uploads\/2018\/01\/Workshop-2-300x169.jpg\" width=\"300\" height=\"169\" \/><\/a> <a href=\"https:\/\/tanzen-weilheim.de\/cms\/wp-content\/uploads\/2018\/01\/Workshop-3.jpg\"><img loading=\"lazy\" decoding=\"async\" class=\"alignnone size-medium wp-image-9735\" alt=\"Workshop 3\" src=\"https:\/\/tanzen-weilheim.de\/cms\/wp-content\/uploads\/2018\/01\/Workshop-3-300x124.jpg\" width=\"300\" height=\"124\" srcset=\"https:\/\/tanzen-weilheim.de\/cms\/wp-content\/uploads\/2018\/01\/Workshop-3-300x124.jpg 300w, https:\/\/tanzen-weilheim.de\/cms\/wp-content\/uploads\/2018\/01\/Workshop-3-960x397.jpg 960w, https:\/\/tanzen-weilheim.de\/cms\/wp-content\/uploads\/2018\/01\/Workshop-3-1920x795.jpg 1920w, https:\/\/tanzen-weilheim.de\/cms\/wp-content\/uploads\/2018\/01\/Workshop-3-768x318.jpg 768w, https:\/\/tanzen-weilheim.de\/cms\/wp-content\/uploads\/2018\/01\/Workshop-3-1024x424.jpg 1024w, https:\/\/tanzen-weilheim.de\/cms\/wp-content\/uploads\/2018\/01\/Workshop-3-400x166.jpg 400w, https:\/\/tanzen-weilheim.de\/cms\/wp-content\/uploads\/2018\/01\/Workshop-3-800x331.jpg 800w\" sizes=\"auto, (max-width: 300px) 100vw, 300px\" \/><\/a> <a href=\"https:\/\/tanzen-weilheim.de\/cms\/wp-content\/uploads\/2018\/01\/Workshop-4.jpg\"><img loading=\"lazy\" decoding=\"async\" class=\"alignnone size-medium wp-image-9736\" alt=\"Workshop 4\" src=\"https:\/\/tanzen-weilheim.de\/cms\/wp-content\/uploads\/2018\/01\/Workshop-4-300x129.jpg\" width=\"300\" height=\"129\" \/><\/a> <a href=\"https:\/\/tanzen-weilheim.de\/cms\/wp-content\/uploads\/2018\/01\/Workshop-1.jpg\"><img loading=\"lazy\" decoding=\"async\" class=\"alignnone size-medium wp-image-9737\" alt=\"Workshop 1\" src=\"https:\/\/tanzen-weilheim.de\/cms\/wp-content\/uploads\/2018\/01\/Workshop-1-300x225.jpg\" width=\"300\" height=\"225\" srcset=\"https:\/\/tanzen-weilheim.de\/cms\/wp-content\/uploads\/2018\/01\/Workshop-1-300x225.jpg 300w, https:\/\/tanzen-weilheim.de\/cms\/wp-content\/uploads\/2018\/01\/Workshop-1-960x720.jpg 960w, https:\/\/tanzen-weilheim.de\/cms\/wp-content\/uploads\/2018\/01\/Workshop-1-1920x1440.jpg 1920w, https:\/\/tanzen-weilheim.de\/cms\/wp-content\/uploads\/2018\/01\/Workshop-1-768x576.jpg 768w, https:\/\/tanzen-weilheim.de\/cms\/wp-content\/uploads\/2018\/01\/Workshop-1-400x300.jpg 400w, https:\/\/tanzen-weilheim.de\/cms\/wp-content\/uploads\/2018\/01\/Workshop-1-800x600.jpg 800w, https:\/\/tanzen-weilheim.de\/cms\/wp-content\/uploads\/2018\/01\/Workshop-1-1024x768.jpg 1024w\" sizes=\"auto, (max-width: 300px) 100vw, 300px\" \/><\/a><\/p>\n<p>Am Samstagabend nach Workshop-Ende sa\u00dfen die meisten noch gem\u00fctlich beim Pizzaessen beim \u201eFerrara\u201c zusammen und hatten noch so richtig viel Spa\u00df! Als wir am Sonntagabend den Manfred Kober auf die Heimfahrt verabschiedeten, waren wir alle zwar k\u00f6rperlich m\u00fcde und ausgelaugt, aber wir hatten samt und sonders alle sehr viel neuen Input f\u00fcrs Training bekommen. Und es hat wieder mal Riesenspa\u00df gemacht!<\/p>\n<p>22.01.2018\/tk<\/p>\n","protected":false},"excerpt":{"rendered":"<p>Weilheim. In der Tanzsportabteilung des TSV 1847 Weilheim e.V. (TSA) ist es seit Jahren \u00fcblich, das neue Tanzsportjahr mit intensiven Trainings zu beginnen. In den letzten Jahren war dies meist noch in den Weihnachtsferien, dies war aus Termingr\u00fcnden in 2018 nicht m\u00f6glich und so verlegten wir uns auf das dritte Januarwochenende.<\/p>\n","protected":false},"author":17,"featured_media":0,"comment_status":"open","ping_status":"open","sticky":false,"template":"","format":"standard","meta":{"_jetpack_memberships_contains_paid_content":false,"footnotes":""},"categories":[1],"tags":[],"class_list":["post-9730","post","type-post","status-publish","format-standard","hentry","category-allgemein"],"jetpack_featured_media_url":"","jetpack_sharing_enabled":true,"_links":{"self":[{"href":"https:\/\/tanzen-weilheim.de\/cms\/wp-json\/wp\/v2\/posts\/9730","targetHints":{"allow":["GET"]}}],"collection":[{"href":"https:\/\/tanzen-weilheim.de\/cms\/wp-json\/wp\/v2\/posts"}],"about":[{"href":"https:\/\/tanzen-weilheim.de\/cms\/wp-json\/wp\/v2\/types\/post"}],"author":[{"embeddable":true,"href":"https:\/\/tanzen-weilheim.de\/cms\/wp-json\/wp\/v2\/users\/17"}],"replies":[{"embeddable":true,"href":"https:\/\/tanzen-weilheim.de\/cms\/wp-json\/wp\/v2\/comments?post=9730"}],"version-history":[{"count":2,"href":"https:\/\/tanzen-weilheim.de\/cms\/wp-json\/wp\/v2\/posts\/9730\/revisions"}],"predecessor-version":[{"id":10308,"href":"https:\/\/tanzen-weilheim.de\/cms\/wp-json\/wp\/v2\/posts\/9730\/revisions\/10308"}],"wp:attachment":[{"href":"https:\/\/tanzen-weilheim.de\/cms\/wp-json\/wp\/v2\/media?parent=9730"}],"wp:term":[{"taxonomy":"category","embeddable":true,"href":"https:\/\/tanzen-weilheim.de\/cms\/wp-json\/wp\/v2\/categories?post=9730"},{"taxonomy":"post_tag","embeddable":true,"href":"https:\/\/tanzen-weilheim.de\/cms\/wp-json\/wp\/v2\/tags?post=9730"}],"curies":[{"name":"wp","href":"https:\/\/api.w.org\/{rel}","templated":true}]}}