{"id":9392,"date":"2017-12-10T19:48:42","date_gmt":"2017-12-10T17:48:42","guid":{"rendered":"http:\/\/tanzen-weilheim.de\/cms\/?p=9392"},"modified":"2018-01-25T09:30:20","modified_gmt":"2018-01-25T07:30:20","slug":"drei-tolle-herbst-workshops-fur-unsere-standard-paare","status":"publish","type":"post","link":"https:\/\/tanzen-weilheim.de\/cms\/9392\/drei-tolle-herbst-workshops-fur-unsere-standard-paare","title":{"rendered":"Drei tolle Herbst-Workshops f\u00fcr unsere Standard-Paare"},"content":{"rendered":"<p><b>Weilheim.<\/b> Es w\u00e4re fast knapp geworden, geeignete Termine zu finden! Im Workshop-Konzept unseres Sportwartes waren noch Mittel f\u00fcr drei Workshops budgetiert, aber so leicht ist es offenbar gar nicht, die gew\u00fcnschten Trainer auch noch zu den Wunschterminen nach Weilheim zu locken. Aber irgendwie haben wir es dann doch noch geschafft, allerdings a kleines bisserl zeitlich \u201egedr\u00e4ngt\u201c<\/p>\n<p><!--more--><\/p>\n<p>Zun\u00e4chst war am Sonntag, den 26. November Manfred Kober bei uns und hat die Turnierpaare zum Thema \u201eBalancen und Energie\u201c geschliffen auf den neuesten Stand gebracht. Wir haben zun\u00e4chst versucht, z.T. auch mit Hilfe von Thera-B\u00e4ndern, unsere binnenk\u00f6rperlichen Balancen und dann auch die Balancen im Paar zu sortieren und richtig zu stellen, was uns der Manfred in seiner unnachahmlichen Art witzig und deutlich r\u00fcbergebracht hat. F\u00fcr die meisten von uns war es dann im Anschlu\u00df schon etwas Neues, ganz unterschiedliche Formen von Energie-Umsetzung in t\u00e4nzerischer Hinsicht kennenzulernen und auszuprobieren. Dr\u00fccken, Schweben, Gleiten, Sto\u00dfen, Peitschen, um nur einige zu nennen, sowie auch deren Kombinationen innerhalb von Bewegungen, das war schon eine ganz tolle Sache.<\/p>\n<p><a href=\"https:\/\/tanzen-weilheim.de\/cms\/wp-content\/uploads\/2017\/12\/Zwischenablage01.jpg\"><img loading=\"lazy\" decoding=\"async\" class=\"alignnone size-medium wp-image-9398\" alt=\"Zwischenablage01\" src=\"https:\/\/tanzen-weilheim.de\/cms\/wp-content\/uploads\/2017\/12\/Zwischenablage01-300x162.jpg\" width=\"300\" height=\"162\" \/><\/a><\/p>\n<p>Am Samstag, den 02. Dezember, quasi direkt vor unserer Abteilungsweihnachtsfeier, war dann Peter Schramm mit der Fortsetzung seines Fr\u00fchjahrsworkshops dran. Waren Anfang Mai noch die linksseitigen Posen dran, so hat er sich nun ganz den rechtsseitigen Posen, ausgehend von der Right Lunge, gewidmet. Und da sein Ansatz immer sehr ganzheitlich ist, hat er\u00b4s nicht nur bei den Posen bewenden lassen sondern hat immer auch die Posenein- und auch dann die Posenausg\u00e4nge thematisch dazu behandelt, so da\u00df wir jetzt hier wirklich auch mal auf einen Top-Stand gebracht wurden!<\/p>\n<p><a href=\"https:\/\/tanzen-weilheim.de\/cms\/wp-content\/uploads\/2017\/12\/Schramm-1.jpg\"><img loading=\"lazy\" decoding=\"async\" class=\"alignnone size-medium wp-image-9399\" alt=\"Schramm 1\" src=\"https:\/\/tanzen-weilheim.de\/cms\/wp-content\/uploads\/2017\/12\/Schramm-1-300x176.jpg\" width=\"300\" height=\"176\" \/><\/a> <a href=\"https:\/\/tanzen-weilheim.de\/cms\/wp-content\/uploads\/2017\/12\/Schramm-2.jpg\"><img loading=\"lazy\" decoding=\"async\" class=\"alignnone size-medium wp-image-9400\" alt=\"Schramm 2\" src=\"https:\/\/tanzen-weilheim.de\/cms\/wp-content\/uploads\/2017\/12\/Schramm-2-235x300.jpg\" width=\"235\" height=\"300\" \/><\/a><\/p>\n<p>Aber das war noch nicht alles! Am Mittwoch, den 06. Dezember hatten wir die in Weilheim auch schon seit langem bekannte und beliebte Heike Seimen als Trainerin zu Gast. Sie begann mit den Paaren der fortgeschrittenen Jugend (die sich bereits auch schon im Breitensport-Turnierbereich tummelt) sowie mit den eigentlichen Breitensport-Turnierpaaren und bog hier an den Haltungen und K\u00f6rperpositionen so einiges zurecht. Im Anschlu\u00df daran waren dann die Turnierpaare dran, mit ihr zusammen das ungeliebte Thema \u201ePosture\u201c von ganz unterschiedlichen Seiten zu bearbeiten. Als ehemalige Top-Turniert\u00e4nzerin kennt sie halt die Bed\u00fcrfnisse ihrer Paare sehr genau und auch die Defizite. Und so wurden halt auch mal eine ganze Menge Dinge im schwei\u00dftreibenden Wiener Walzer angesprochen und verbessert.<\/p>\n<p><a href=\"https:\/\/tanzen-weilheim.de\/cms\/wp-content\/uploads\/2017\/12\/Seimen-1.jpg\"><img loading=\"lazy\" decoding=\"async\" class=\"alignnone size-medium wp-image-9401\" alt=\"Seimen 1\" src=\"https:\/\/tanzen-weilheim.de\/cms\/wp-content\/uploads\/2017\/12\/Seimen-1-300x216.jpg\" width=\"300\" height=\"216\" srcset=\"https:\/\/tanzen-weilheim.de\/cms\/wp-content\/uploads\/2017\/12\/Seimen-1-300x216.jpg 300w, https:\/\/tanzen-weilheim.de\/cms\/wp-content\/uploads\/2017\/12\/Seimen-1-960x692.jpg 960w, https:\/\/tanzen-weilheim.de\/cms\/wp-content\/uploads\/2017\/12\/Seimen-1-768x553.jpg 768w, https:\/\/tanzen-weilheim.de\/cms\/wp-content\/uploads\/2017\/12\/Seimen-1-1024x738.jpg 1024w, https:\/\/tanzen-weilheim.de\/cms\/wp-content\/uploads\/2017\/12\/Seimen-1-400x288.jpg 400w, https:\/\/tanzen-weilheim.de\/cms\/wp-content\/uploads\/2017\/12\/Seimen-1-800x576.jpg 800w, https:\/\/tanzen-weilheim.de\/cms\/wp-content\/uploads\/2017\/12\/Seimen-1.jpg 1066w\" sizes=\"auto, (max-width: 300px) 100vw, 300px\" \/><\/a><\/p>\n<p>Es zeigt sich, da\u00df der seit Jahresbeginn eingeschlagene Weg der F\u00f6rderung unserer eigenen Turnierpaare, aber auch der gern gesehenen Gastpaare genau der richtige ist. Wir werden auch weiterhin entsprechende hochqualitative Workshops planen. Ich m\u00f6chte an dieser Stelle aber auch ganz herzlich Dankesch\u00f6n sagen unserem F\u00f6rderverein, dem \u201eVerein zur F\u00f6rderung des Tanzsports im Raum Weilheim e.V.\u201c, f\u00fcr die Finanzierung dieser Workshop-Reihe!<\/p>\n<p>In toto waren das trotz des etwas dicht gestaffelten Workshop-Kalenders drei wirklich hervorragende Trainingstage mit tollen, hochqualitativen Inputs! Sch\u00f6n ist dabei auch, da\u00df unsere Workshop-Angebote immer mehr auch von externen Paaren besucht werden, was solche Veranstaltungen immer bereichert und den Austausch unter den Paaren bef\u00f6rdert. In allen drei Einheiten war der Applaus f\u00fcr die jeweiligen Dozenten gro\u00df, ebenso wie der Wunsch nach Fortsetzung in 2018\u2026<\/p>\n<p>10.12.2017\/tk<\/p>\n","protected":false},"excerpt":{"rendered":"<p>Weilheim. Es w\u00e4re fast knapp geworden, geeignete Termine zu finden! Im Workshop-Konzept unseres Sportwartes waren noch Mittel f\u00fcr drei Workshops budgetiert, aber so leicht ist es offenbar gar nicht, die gew\u00fcnschten Trainer auch noch zu den Wunschterminen nach Weilheim zu locken. Aber irgendwie haben wir es dann doch noch geschafft, allerdings a kleines bisserl zeitlich [&hellip;]<\/p>\n","protected":false},"author":17,"featured_media":0,"comment_status":"closed","ping_status":"closed","sticky":false,"template":"","format":"standard","meta":{"_jetpack_memberships_contains_paid_content":false,"footnotes":""},"categories":[1],"tags":[],"class_list":["post-9392","post","type-post","status-publish","format-standard","hentry","category-allgemein"],"jetpack_featured_media_url":"","jetpack_sharing_enabled":true,"_links":{"self":[{"href":"https:\/\/tanzen-weilheim.de\/cms\/wp-json\/wp\/v2\/posts\/9392","targetHints":{"allow":["GET"]}}],"collection":[{"href":"https:\/\/tanzen-weilheim.de\/cms\/wp-json\/wp\/v2\/posts"}],"about":[{"href":"https:\/\/tanzen-weilheim.de\/cms\/wp-json\/wp\/v2\/types\/post"}],"author":[{"embeddable":true,"href":"https:\/\/tanzen-weilheim.de\/cms\/wp-json\/wp\/v2\/users\/17"}],"replies":[{"embeddable":true,"href":"https:\/\/tanzen-weilheim.de\/cms\/wp-json\/wp\/v2\/comments?post=9392"}],"version-history":[{"count":2,"href":"https:\/\/tanzen-weilheim.de\/cms\/wp-json\/wp\/v2\/posts\/9392\/revisions"}],"predecessor-version":[{"id":9780,"href":"https:\/\/tanzen-weilheim.de\/cms\/wp-json\/wp\/v2\/posts\/9392\/revisions\/9780"}],"wp:attachment":[{"href":"https:\/\/tanzen-weilheim.de\/cms\/wp-json\/wp\/v2\/media?parent=9392"}],"wp:term":[{"taxonomy":"category","embeddable":true,"href":"https:\/\/tanzen-weilheim.de\/cms\/wp-json\/wp\/v2\/categories?post=9392"},{"taxonomy":"post_tag","embeddable":true,"href":"https:\/\/tanzen-weilheim.de\/cms\/wp-json\/wp\/v2\/tags?post=9392"}],"curies":[{"name":"wp","href":"https:\/\/api.w.org\/{rel}","templated":true}]}}