{"id":9335,"date":"2017-12-22T00:05:21","date_gmt":"2017-12-21T22:05:21","guid":{"rendered":"http:\/\/tanzen-weilheim.de\/cms\/?p=9335"},"modified":"2017-12-22T00:06:37","modified_gmt":"2017-12-21T22:06:37","slug":"formation-in-den-weihnachtsferien","status":"publish","type":"post","link":"https:\/\/tanzen-weilheim.de\/cms\/9335\/formation-in-den-weihnachtsferien","title":{"rendered":"Formation in den Weihnachtsferien SpS"},"content":{"rendered":"<p>&#8222;freies&#8220; Training:<\/p>\n<p><span style=\"font-size: 18px; color: #ff0000;\"><strong>RESERVIERT f\u00fcr die FORMATION<\/strong><\/span><\/p>\n<ul>\n<li><a href=\"http:\/\/www.tanzen-weilheim.de\/cms\/?page_id=272#Vereinsheim\">Spiegelsaal TSV Vereinsheim P\u00f6ltner Str. 9 82362 Weilheim<\/a><\/li>\n<\/ul>\n<p><img loading=\"lazy\" decoding=\"async\" alt=\"Bildergebnis f\u00fcr Weihnachts\" src=\"https:\/\/encrypted-tbn0.gstatic.com\/images?q=tbn:ANd9GcTSZNO18yumqIQo3ZiGN81WE-Lylc3Nk3JS4_7n4qrFPjdjqF2j\" width=\"169\" height=\"121\" name=\"lj0PLLendaVaEM:\" data-sz=\"f\" \/><\/p>\n<ul>\n<li>gegeseitige R\u00fccksichtnahme und Absprache ist Voraussetzung<\/li>\n<\/ul>\n<ul>\n<li>gebuchte Saalbelegung durch die TSA &#8211; im angegebenen Zeitfenster ist kein Eintrag in die Saalbelegungsliste notwendig<\/li>\n<\/ul>\n<ul>\n<li>Das korrekte Auf- und Abschlie\u00dfen des Saales, Schlie\u00dfen der Fenster, Ausschalten der Lichtanlage,<\/li>\n<\/ul>\n<p>sowie dem Umgang mit der Musikanlage liegt in der Verantwortung der Teilnehmer des &#8222;freien&#8220; Trainings.<\/p>\n<p>Saalzugang\/Schl\u00fcssel wie gewohnt bei &#8222;freiem&#8220; Training<\/p>\n","protected":false},"excerpt":{"rendered":"<p>&#8222;freies&#8220; Training: RESERVIERT f\u00fcr die FORMATION Spiegelsaal TSV Vereinsheim P\u00f6ltner Str. 9 82362 Weilheim gegeseitige R\u00fccksichtnahme und Absprache ist Voraussetzung gebuchte Saalbelegung durch die TSA &#8211; im angegebenen Zeitfenster ist kein Eintrag in die Saalbelegungsliste notwendig Das korrekte Auf- und Abschlie\u00dfen des Saales, Schlie\u00dfen der Fenster, Ausschalten der Lichtanlage, sowie dem Umgang mit der Musikanlage [&hellip;]<\/p>\n","protected":false},"author":19,"featured_media":0,"comment_status":"open","ping_status":"open","sticky":false,"template":"","format":"standard","meta":{"_jetpack_memberships_contains_paid_content":false,"footnotes":""},"categories":[3],"tags":[],"class_list":["post-9335","post","type-post","status-publish","format-standard","hentry","category-termine"],"jetpack_featured_media_url":"","jetpack_sharing_enabled":true,"_links":{"self":[{"href":"https:\/\/tanzen-weilheim.de\/cms\/wp-json\/wp\/v2\/posts\/9335","targetHints":{"allow":["GET"]}}],"collection":[{"href":"https:\/\/tanzen-weilheim.de\/cms\/wp-json\/wp\/v2\/posts"}],"about":[{"href":"https:\/\/tanzen-weilheim.de\/cms\/wp-json\/wp\/v2\/types\/post"}],"author":[{"embeddable":true,"href":"https:\/\/tanzen-weilheim.de\/cms\/wp-json\/wp\/v2\/users\/19"}],"replies":[{"embeddable":true,"href":"https:\/\/tanzen-weilheim.de\/cms\/wp-json\/wp\/v2\/comments?post=9335"}],"version-history":[{"count":2,"href":"https:\/\/tanzen-weilheim.de\/cms\/wp-json\/wp\/v2\/posts\/9335\/revisions"}],"predecessor-version":[{"id":9337,"href":"https:\/\/tanzen-weilheim.de\/cms\/wp-json\/wp\/v2\/posts\/9335\/revisions\/9337"}],"wp:attachment":[{"href":"https:\/\/tanzen-weilheim.de\/cms\/wp-json\/wp\/v2\/media?parent=9335"}],"wp:term":[{"taxonomy":"category","embeddable":true,"href":"https:\/\/tanzen-weilheim.de\/cms\/wp-json\/wp\/v2\/categories?post=9335"},{"taxonomy":"post_tag","embeddable":true,"href":"https:\/\/tanzen-weilheim.de\/cms\/wp-json\/wp\/v2\/tags?post=9335"}],"curies":[{"name":"wp","href":"https:\/\/api.w.org\/{rel}","templated":true}]}}