{"id":9212,"date":"2017-11-28T23:23:57","date_gmt":"2017-11-28T21:23:57","guid":{"rendered":"http:\/\/tanzen-weilheim.de\/cms\/?p=9212"},"modified":"2017-11-29T07:28:51","modified_gmt":"2017-11-29T05:28:51","slug":"tanzabend","status":"publish","type":"post","link":"https:\/\/tanzen-weilheim.de\/cms\/9212\/tanzabend","title":{"rendered":"Tanzabend &#8211; Faschingsparty &#8211; MZR"},"content":{"rendered":"<p><img loading=\"lazy\" decoding=\"async\" alt=\"So schnell ist die Faschingszeit auch schon wieder vorbei\" src=\"http:\/\/dia.aau.at\/typo3temp\/_processed_\/csm_Fasching_101f81ef2c.jpg\" width=\"244\" height=\"124\" data-src=\"http:\/\/dia.aau.at\/typo3temp\/_processed_\/csm_Fasching_101f81ef2c.jpg\" \/><\/p>\n<p>Tanzabend &#8211; Faschingsparty \u2014 f\u00fcr alle TSA Mitglieder<\/p>\n<p>19:00 Uhr Mehrzweckraum TSV Vereimsheim Pollinger Str. 9 82362 Weilheim<\/p>\n<p>maskiert oder schwarz-wei\u00df, so wie jeder m\u00f6chte<\/p>\n<p><img loading=\"lazy\" decoding=\"async\" class=\"alignleft\" alt=\"\" src=\"https:\/\/tse1.mm.bing.net\/th?id=OIP.essm_qf17_jgTCmJkx097wEsEs&amp;pid=Api\" width=\"207\" height=\"207\" \/><\/p>\n","protected":false},"excerpt":{"rendered":"<p>Tanzabend &#8211; Faschingsparty \u2014 f\u00fcr alle TSA Mitglieder 19:00 Uhr Mehrzweckraum TSV Vereimsheim Pollinger Str. 9 82362 Weilheim maskiert oder schwarz-wei\u00df, so wie jeder m\u00f6chte<\/p>\n","protected":false},"author":19,"featured_media":0,"comment_status":"open","ping_status":"open","sticky":false,"template":"","format":"standard","meta":{"_jetpack_memberships_contains_paid_content":false,"footnotes":""},"categories":[3],"tags":[],"class_list":["post-9212","post","type-post","status-publish","format-standard","hentry","category-termine"],"jetpack_featured_media_url":"","jetpack_sharing_enabled":true,"_links":{"self":[{"href":"https:\/\/tanzen-weilheim.de\/cms\/wp-json\/wp\/v2\/posts\/9212","targetHints":{"allow":["GET"]}}],"collection":[{"href":"https:\/\/tanzen-weilheim.de\/cms\/wp-json\/wp\/v2\/posts"}],"about":[{"href":"https:\/\/tanzen-weilheim.de\/cms\/wp-json\/wp\/v2\/types\/post"}],"author":[{"embeddable":true,"href":"https:\/\/tanzen-weilheim.de\/cms\/wp-json\/wp\/v2\/users\/19"}],"replies":[{"embeddable":true,"href":"https:\/\/tanzen-weilheim.de\/cms\/wp-json\/wp\/v2\/comments?post=9212"}],"version-history":[{"count":7,"href":"https:\/\/tanzen-weilheim.de\/cms\/wp-json\/wp\/v2\/posts\/9212\/revisions"}],"predecessor-version":[{"id":9247,"href":"https:\/\/tanzen-weilheim.de\/cms\/wp-json\/wp\/v2\/posts\/9212\/revisions\/9247"}],"wp:attachment":[{"href":"https:\/\/tanzen-weilheim.de\/cms\/wp-json\/wp\/v2\/media?parent=9212"}],"wp:term":[{"taxonomy":"category","embeddable":true,"href":"https:\/\/tanzen-weilheim.de\/cms\/wp-json\/wp\/v2\/categories?post=9212"},{"taxonomy":"post_tag","embeddable":true,"href":"https:\/\/tanzen-weilheim.de\/cms\/wp-json\/wp\/v2\/tags?post=9212"}],"curies":[{"name":"wp","href":"https:\/\/api.w.org\/{rel}","templated":true}]}}