{"id":9159,"date":"2017-11-17T21:41:09","date_gmt":"2017-11-17T19:41:09","guid":{"rendered":"http:\/\/tanzen-weilheim.de\/cms\/?p=9159"},"modified":"2017-11-17T21:41:09","modified_gmt":"2017-11-17T19:41:09","slug":"der-pfaffenwinkelpokal-2017-ein-voller-erfolg","status":"publish","type":"post","link":"https:\/\/tanzen-weilheim.de\/cms\/9159\/der-pfaffenwinkelpokal-2017-ein-voller-erfolg","title":{"rendered":"Der Pfaffenwinkelpokal 2017 \u2013 ein voller Erfolg"},"content":{"rendered":"<p><b>Weilheim<\/b>. Drei Finalteilnahmen, ein zweiter Platz und ein Turniersieg; das ist die Ausbeute der Tanzsportabteilung des TSV 1847 Weilheim e.V. (TSA) beim Pfaffenwinkelpokal in der f\u00fcr unseren Sport so herrlich geeigneten Weilheimer Stadthalle. Und das ist nur das Ergebnis im Leistungssport! Dazu kommen im Breitensportbereich nochmal ein Sieg, zwei zweite und zwei dritte Pl\u00e4tze. <!--more--><\/p>\n<p>Aber der Reihe nach: Es ist seit einigen Jahren in Weilheim Tradition, da\u00df die TSA im Herbst den sog. Pfaffenwinkelpokal ausrichtet. Hierbei legen wir immer gro\u00dfen Wert auf die zwar seltene, aber bei den Paaren doch gern gesehene Verzahnung zwischen Breiten- und Leistungssport. In diesem Jahr haben wir auch erstmals bei der Auswahl der angebotenen Turnierklassen es erm\u00f6glicht, da\u00df viele Paare die sogenannten Doppelstarts wahrnehmen konnten, also den Turnierstart nicht nur in der eigenen Altersklasse, sondern auch in der n\u00e4chstj\u00fcngeren Altersklasse. Dies wurde von den Paaren ganz offensichtlich bestens angenommen, so da\u00df wir in zwei Breitensport- und acht Leistungssportturnieren die enorme Anzahl von fast 90 Startmeldungen verzeichnen durften. Gegen\u00fcber den Vorjahren war dies eine enorme Steigerung. Da wir Turnierpaare nicht nur aus Bayern, sondern auch aus Baden-W\u00fcrttemberg, \u00d6sterreich (aus Vorarlberg bis nach Wien) und sogar zwei aus der tschechischen Republik bei uns hatten, kam schon auch das Flair eines internationalen Turniers auf.<\/p>\n<p>In den zwei Breitensportwettbewerben, die nahtlos zwischen den Leistungssportturnieren eingebettet waren, erreichten die Weilheimer Paare Melanie Bauer\/Clara Kaps und Svenja Bauer\/Vanessa Schober, die beide aus unserer eigenen Jugend stammen, bei den Newcomern die Pl\u00e4tze 1. und 3. und umrahmten so charmant G\u00fcnter und Gerlinde Zoubek, ebenfalls aus Weilheim. In der Altersklasse \u00dc30 holten G\u00fcnter und Gerlinde Zoubek dann erneut den 2. Platz, nur geschlagen von Peter Mahrla und Beatrix Milewski-Mahrla\u00a0aus Ebersberg, w\u00e4hrend der dritte Platz hier an Peter und Angelika Mayer aus Weilheim ging. Man sieht, da\u00df hier aus dem Breitensport eine ganze Menge Weilheimer Talente erwachsen und langsam, aber sicher in den Turniersport dr\u00e4ngen.<\/p>\n<p><a href=\"https:\/\/tanzen-weilheim.de\/cms\/wp-content\/uploads\/2017\/11\/Bauer-Kaps-01a.jpg\"><img loading=\"lazy\" decoding=\"async\" class=\"alignnone size-medium wp-image-9161\" alt=\"Bauer-Kaps 01a\" src=\"https:\/\/tanzen-weilheim.de\/cms\/wp-content\/uploads\/2017\/11\/Bauer-Kaps-01a-199x300.jpg\" width=\"199\" height=\"300\" \/><\/a> <a href=\"https:\/\/tanzen-weilheim.de\/cms\/wp-content\/uploads\/2017\/11\/Bauer-Schober-01a.jpg\"><img loading=\"lazy\" decoding=\"async\" class=\"alignnone size-medium wp-image-9162\" alt=\"Bauer-Schober 01a\" src=\"https:\/\/tanzen-weilheim.de\/cms\/wp-content\/uploads\/2017\/11\/Bauer-Schober-01a-199x300.jpg\" width=\"199\" height=\"300\" \/><\/a> <a href=\"https:\/\/tanzen-weilheim.de\/cms\/wp-content\/uploads\/2017\/11\/Mayer-01a.jpg\"><img loading=\"lazy\" decoding=\"async\" class=\"alignnone size-medium wp-image-9163\" alt=\"Mayer 01a\" src=\"https:\/\/tanzen-weilheim.de\/cms\/wp-content\/uploads\/2017\/11\/Mayer-01a-199x300.jpg\" width=\"199\" height=\"300\" \/><\/a> <a href=\"https:\/\/tanzen-weilheim.de\/cms\/wp-content\/uploads\/2017\/11\/Zoubek-02a.jpg\"><img loading=\"lazy\" decoding=\"async\" class=\"alignnone size-medium wp-image-9164\" alt=\"Zoubek 02a\" src=\"https:\/\/tanzen-weilheim.de\/cms\/wp-content\/uploads\/2017\/11\/Zoubek-02a-199x300.jpg\" width=\"199\" height=\"300\" \/><\/a> <a href=\"https:\/\/tanzen-weilheim.de\/cms\/wp-content\/uploads\/2017\/11\/BSW-Newcomer1.jpg\"><img loading=\"lazy\" decoding=\"async\" class=\"alignnone size-medium wp-image-9165\" alt=\"BSW Newcomer1\" src=\"https:\/\/tanzen-weilheim.de\/cms\/wp-content\/uploads\/2017\/11\/BSW-Newcomer1-300x199.jpg\" width=\"300\" height=\"199\" \/><\/a> <a href=\"https:\/\/tanzen-weilheim.de\/cms\/wp-content\/uploads\/2017\/11\/BSW-\u00dc301.jpg\"><img loading=\"lazy\" decoding=\"async\" class=\"alignnone size-medium wp-image-9166\" alt=\"BSW \u00dc301\" src=\"https:\/\/tanzen-weilheim.de\/cms\/wp-content\/uploads\/2017\/11\/BSW-\u00dc301-300x199.jpg\" width=\"300\" height=\"199\" \/><\/a><\/p>\n<p>Im Leistungssportbereich, in dem diesmal ausschlie\u00dflich die Standardt\u00e4nze dran waren, gingen schon am Vormittag Berthold und Valinja Bauer an den Start und holten sich mit einem 5. (Altersklasse Sen II) und einem 6. Platz (Sen III) wiederum zwei aufstiegsrelevante Platzierungen. Und in der Sen III war es sehr sehr knapp, die Paare auf den Pl\u00e4tzen 3-6 lagen lediglich 1,5 Platzziffern auseinander, so da\u00df es bei geringf\u00fcgig anderen Wertungen auch der 3. Platz h\u00e4tte sein k\u00f6nnen. Im Quickstep erreichten sie sogar den 2. Platz und k\u00f6nnen somit mit ihrer Leistung mehr als zufrieden sein. Die Turniersiege gingen in der Leistungsklasse D in Sen II an Gerhard L\u00f6dermann\/Dr. Anne Frey aus Unterhaching, sowie in Sen III an Richard und Kamilla Czierpke aus Bad T\u00f6lz.<\/p>\n<p><a href=\"https:\/\/tanzen-weilheim.de\/cms\/wp-content\/uploads\/2017\/11\/Sen-II-D-Std1.jpg\"><img loading=\"lazy\" decoding=\"async\" class=\"alignnone size-medium wp-image-9167\" alt=\"Sen II D Std1\" src=\"https:\/\/tanzen-weilheim.de\/cms\/wp-content\/uploads\/2017\/11\/Sen-II-D-Std1-300x199.jpg\" width=\"300\" height=\"199\" \/><\/a> <a href=\"https:\/\/tanzen-weilheim.de\/cms\/wp-content\/uploads\/2017\/11\/Sen-III-D-Std1.jpg\"><img loading=\"lazy\" decoding=\"async\" class=\"alignnone size-medium wp-image-9168\" alt=\"Sen III D Std1\" src=\"https:\/\/tanzen-weilheim.de\/cms\/wp-content\/uploads\/2017\/11\/Sen-III-D-Std1-300x199.jpg\" width=\"300\" height=\"199\" \/><\/a> <a href=\"https:\/\/tanzen-weilheim.de\/cms\/wp-content\/uploads\/2017\/11\/Bauer-07a.jpg\"><img loading=\"lazy\" decoding=\"async\" class=\"alignnone size-medium wp-image-9169\" alt=\"Bauer 07a\" src=\"https:\/\/tanzen-weilheim.de\/cms\/wp-content\/uploads\/2017\/11\/Bauer-07a-199x300.jpg\" width=\"199\" height=\"300\" \/><\/a><\/p>\n<p>In der Leistungsklasse C war diesmal kein Weilheimer Paar an den Start, bei den Sen II gewannen Josef Mittermeier und Gudrun Ulz vom TSC Savoy M\u00fcnchen und in der Altersklasse Sen III Josef und Janina Urmann aus Regensburg.<\/p>\n<p><a href=\"https:\/\/tanzen-weilheim.de\/cms\/wp-content\/uploads\/2017\/11\/Sen-II-C-Std1.jpg\"><img loading=\"lazy\" decoding=\"async\" class=\"alignnone size-medium wp-image-9170\" alt=\"Sen II C Std1\" src=\"https:\/\/tanzen-weilheim.de\/cms\/wp-content\/uploads\/2017\/11\/Sen-II-C-Std1-300x199.jpg\" width=\"300\" height=\"199\" \/><\/a> <a href=\"https:\/\/tanzen-weilheim.de\/cms\/wp-content\/uploads\/2017\/11\/Sen-III-C-Std1.jpg\"><img loading=\"lazy\" decoding=\"async\" class=\"alignnone size-medium wp-image-9171\" alt=\"Sen III C Std1\" src=\"https:\/\/tanzen-weilheim.de\/cms\/wp-content\/uploads\/2017\/11\/Sen-III-C-Std1-300x199.jpg\" width=\"300\" height=\"199\" \/><\/a><\/p>\n<p>Christian und Tanja Dick vertraten dann in der Leistungsklasse B wieder die Farben der Weilheimer TSA. Sie holten in \u00fcberzeugender Manier bei den Sen II den zweiten Platz und damit bereits ihre zweite Aufstiegsplatzierung im erst insgesamt f\u00fcnften Turnier in der B! Der Sieg ging hier an Dr. Florian Uhl und Bettina Kunz aus Unterhaching. Bei den Sen III erreichten Peter und Birgit Handel aus Weilheim leider nur das Semifinale, k\u00f6nnen aber mit der gezeigten Leistung absolut zufrieden sein. Dr. Michael und Monika Marschall erreichten f\u00fcr sich und die TSA in diesem qualitativ hochwertigen Finale den f\u00fcnften Platz. Auch hier waren die Pl\u00e4tze 3 \u2013 6 wieder sehr nah beieinander; im Quickstep ertanzten sich die Beiden einen hervorragenden 2. Platz. Der Sieg ging hier an das Ehepaar Aichinger aus Ebersberg.<\/p>\n<p><a href=\"https:\/\/tanzen-weilheim.de\/cms\/wp-content\/uploads\/2017\/11\/Sen-II-B-Std1.jpg\"><img loading=\"lazy\" decoding=\"async\" class=\"alignnone size-medium wp-image-9172\" alt=\"Sen II B Std1\" src=\"https:\/\/tanzen-weilheim.de\/cms\/wp-content\/uploads\/2017\/11\/Sen-II-B-Std1-300x199.jpg\" width=\"300\" height=\"199\" \/><\/a> <a href=\"https:\/\/tanzen-weilheim.de\/cms\/wp-content\/uploads\/2017\/11\/Sen-III-B-Std1.jpg\"><img loading=\"lazy\" decoding=\"async\" class=\"alignnone size-medium wp-image-9173\" alt=\"Sen III B Std1\" src=\"https:\/\/tanzen-weilheim.de\/cms\/wp-content\/uploads\/2017\/11\/Sen-III-B-Std1-300x199.jpg\" width=\"300\" height=\"199\" \/><\/a> <a href=\"https:\/\/tanzen-weilheim.de\/cms\/wp-content\/uploads\/2017\/11\/Dick-11a.jpg\"><img loading=\"lazy\" decoding=\"async\" class=\"alignnone size-medium wp-image-9174\" alt=\"Dick 11a\" src=\"https:\/\/tanzen-weilheim.de\/cms\/wp-content\/uploads\/2017\/11\/Dick-11a-199x300.jpg\" width=\"199\" height=\"300\" \/><\/a> <a href=\"https:\/\/tanzen-weilheim.de\/cms\/wp-content\/uploads\/2017\/11\/Handel-03a.jpg\"><img loading=\"lazy\" decoding=\"async\" class=\"alignnone size-medium wp-image-9175\" alt=\"Handel 03a\" src=\"https:\/\/tanzen-weilheim.de\/cms\/wp-content\/uploads\/2017\/11\/Handel-03a-199x300.jpg\" width=\"199\" height=\"300\" \/><\/a> <a href=\"https:\/\/tanzen-weilheim.de\/cms\/wp-content\/uploads\/2017\/11\/Marschall-11a.jpg\"><img loading=\"lazy\" decoding=\"async\" class=\"alignnone size-medium wp-image-9176\" alt=\"Marschall 11a\" src=\"https:\/\/tanzen-weilheim.de\/cms\/wp-content\/uploads\/2017\/11\/Marschall-11a-199x300.jpg\" width=\"199\" height=\"300\" \/><\/a><\/p>\n<p>H\u00f6hepunkt des Turniertages waren dann in beiden Altersklassen jeweils die Turniere der A-Klasse. Es war hervorragender Sport geboten. Bei den Sen III gewannen Stefan Linden und Dr. Ania Jocham aus Unterhaching. Einen weiteren Turniersieg f\u00fcr die TSA Weilheim holten in der Altersklasse Sen II Bernd und Angela St\u00fchler. Sie holten sich fast alle einser-Wertungen und gewannen das Turnier mit einer richtig \u00fcberzeugenden Deutlichkeit. Es ist den Beiden anzusehen, da\u00df ihnen zum Aufstieg in die S-Klasse, die h\u00f6chste Klasse im deutschen Tanzsport, nur noch ganz wenige Punkte fehlen.<\/p>\n<p><a href=\"https:\/\/tanzen-weilheim.de\/cms\/wp-content\/uploads\/2017\/11\/Sen-II-A-Std1.jpg\"><img loading=\"lazy\" decoding=\"async\" class=\"alignnone size-medium wp-image-9177\" alt=\"Sen II A Std1\" src=\"https:\/\/tanzen-weilheim.de\/cms\/wp-content\/uploads\/2017\/11\/Sen-II-A-Std1-300x199.jpg\" width=\"300\" height=\"199\" \/><\/a> <a href=\"https:\/\/tanzen-weilheim.de\/cms\/wp-content\/uploads\/2017\/11\/Sen-III-A-Std1.jpg\"><img loading=\"lazy\" decoding=\"async\" class=\"alignnone size-medium wp-image-9178\" alt=\"Sen III A Std1\" src=\"https:\/\/tanzen-weilheim.de\/cms\/wp-content\/uploads\/2017\/11\/Sen-III-A-Std1-300x199.jpg\" width=\"300\" height=\"199\" \/><\/a> <a href=\"https:\/\/tanzen-weilheim.de\/cms\/wp-content\/uploads\/2017\/11\/St\u00fchler-02a.jpg\"><img loading=\"lazy\" decoding=\"async\" class=\"alignnone size-medium wp-image-9179\" alt=\"St\u00fchler 02a\" src=\"https:\/\/tanzen-weilheim.de\/cms\/wp-content\/uploads\/2017\/11\/St\u00fchler-02a-199x300.jpg\" width=\"199\" height=\"300\" \/><\/a><\/p>\n<p>Das recht zahlreich vertretene Publikum sah einen tollen Turniertag, die Paare f\u00fchlten sich im herrlichen Ambiente der Weilheimer Stadthalle durchwegs superwohl, so da\u00df dieser Pfaffenwinkel-pokal ein voller Erfolg war und den Paaren und Zuschauern in bester Erinnerung bleiben wird.<\/p>\n<p>Die Abteilung gratuliert allen Paaren aus nah und fern ganz herzlich zu den tollen Ergebnissen!<\/p>\n<p>&nbsp;<\/p>\n<p>17.11.2017\/tk<\/p>\n<p>Alle Fotos:\u00a0 \u00a9blitznicht.de, Ver\u00f6ffentlichungsgenehmigung liegt vor<\/p>\n","protected":false},"excerpt":{"rendered":"<p>Weilheim. Drei Finalteilnahmen, ein zweiter Platz und ein Turniersieg; das ist die Ausbeute der Tanzsportabteilung des TSV 1847 Weilheim e.V. (TSA) beim Pfaffenwinkelpokal in der f\u00fcr unseren Sport so herrlich geeigneten Weilheimer Stadthalle. Und das ist nur das Ergebnis im Leistungssport! Dazu kommen im Breitensportbereich nochmal ein Sieg, zwei zweite und zwei dritte Pl\u00e4tze.<\/p>\n","protected":false},"author":17,"featured_media":0,"comment_status":"open","ping_status":"open","sticky":false,"template":"","format":"standard","meta":{"_jetpack_memberships_contains_paid_content":false,"footnotes":""},"categories":[1],"tags":[],"class_list":["post-9159","post","type-post","status-publish","format-standard","hentry","category-allgemein"],"jetpack_featured_media_url":"","jetpack_sharing_enabled":true,"_links":{"self":[{"href":"https:\/\/tanzen-weilheim.de\/cms\/wp-json\/wp\/v2\/posts\/9159","targetHints":{"allow":["GET"]}}],"collection":[{"href":"https:\/\/tanzen-weilheim.de\/cms\/wp-json\/wp\/v2\/posts"}],"about":[{"href":"https:\/\/tanzen-weilheim.de\/cms\/wp-json\/wp\/v2\/types\/post"}],"author":[{"embeddable":true,"href":"https:\/\/tanzen-weilheim.de\/cms\/wp-json\/wp\/v2\/users\/17"}],"replies":[{"embeddable":true,"href":"https:\/\/tanzen-weilheim.de\/cms\/wp-json\/wp\/v2\/comments?post=9159"}],"version-history":[{"count":2,"href":"https:\/\/tanzen-weilheim.de\/cms\/wp-json\/wp\/v2\/posts\/9159\/revisions"}],"predecessor-version":[{"id":9181,"href":"https:\/\/tanzen-weilheim.de\/cms\/wp-json\/wp\/v2\/posts\/9159\/revisions\/9181"}],"wp:attachment":[{"href":"https:\/\/tanzen-weilheim.de\/cms\/wp-json\/wp\/v2\/media?parent=9159"}],"wp:term":[{"taxonomy":"category","embeddable":true,"href":"https:\/\/tanzen-weilheim.de\/cms\/wp-json\/wp\/v2\/categories?post=9159"},{"taxonomy":"post_tag","embeddable":true,"href":"https:\/\/tanzen-weilheim.de\/cms\/wp-json\/wp\/v2\/tags?post=9159"}],"curies":[{"name":"wp","href":"https:\/\/api.w.org\/{rel}","templated":true}]}}