{"id":8941,"date":"2017-10-27T16:20:07","date_gmt":"2017-10-27T14:20:07","guid":{"rendered":"http:\/\/tanzen-weilheim.de\/cms\/?p=8941"},"modified":"2017-10-30T18:16:02","modified_gmt":"2017-10-30T16:16:02","slug":"freies-training-herbstferien-2017-as","status":"publish","type":"post","link":"https:\/\/tanzen-weilheim.de\/cms\/8941\/freies-training-herbstferien-2017-as","title":{"rendered":"freies Training Herbstferien 2017 AS"},"content":{"rendered":"<p><strong><span style=\"color: #ff6600; font-size: 20px;\">&#8222;freies&#8220; Training in den Herbstferien<\/span><\/strong><\/p>\n<p><img loading=\"lazy\" decoding=\"async\" alt=\"\" src=\"https:\/\/tse1.mm.bing.net\/th?id=OIP.yyUEBnoyE4Nc26DHlHTDewEsDJ&amp;pid=Api\" width=\"178\" height=\"119\" \/><\/p>\n<ul>\n<li>Trainingsraum: <span style=\"font-size: 20px;\"><strong><span style=\"color: #ff6600;\">Ammerschule<\/span> <\/strong><\/span>(Lohgasse, 82362 Weilheim)<\/li>\n<\/ul>\n<ul>\n<li>gebuchte Hallenbelegung durch die TSA &#8211; im angegebenen Zeitfenster ist kein Eintrag in die Hallbelegungsliste notwendig<\/li>\n<\/ul>\n<ul>\n<li>Das korrekte Auf- und Abschlie\u00dfen des Halle, Schlie\u00dfen der Notausgangst\u00fcre,<\/li>\n<\/ul>\n<p>Ausschalten der Lichtanlage,sowie dem Umgang mit der Musikanlage<\/p>\n<p>liegt in der Verantwortung der Teilnehmer des &#8222;freien&#8220; Trainings.<\/p>\n<p>Schl\u00fcsselorganisation wie gewohnt bei &#8222;freiem&#8220; Training<\/p>\n<p><span style=\"color: #ff0000;\">\u00a0<\/span><\/p>\n","protected":false},"excerpt":{"rendered":"<p>&#8222;freies&#8220; Training in den Herbstferien Trainingsraum: Ammerschule (Lohgasse, 82362 Weilheim) gebuchte Hallenbelegung durch die TSA &#8211; im angegebenen Zeitfenster ist kein Eintrag in die Hallbelegungsliste notwendig Das korrekte Auf- und Abschlie\u00dfen des Halle, Schlie\u00dfen der Notausgangst\u00fcre, Ausschalten der Lichtanlage,sowie dem Umgang mit der Musikanlage liegt in der Verantwortung der Teilnehmer des &#8222;freien&#8220; Trainings. Schl\u00fcsselorganisation wie [&hellip;]<\/p>\n","protected":false},"author":19,"featured_media":0,"comment_status":"open","ping_status":"open","sticky":false,"template":"","format":"standard","meta":{"_jetpack_memberships_contains_paid_content":false,"footnotes":""},"categories":[3],"tags":[],"class_list":["post-8941","post","type-post","status-publish","format-standard","hentry","category-termine"],"jetpack_featured_media_url":"","jetpack_sharing_enabled":true,"_links":{"self":[{"href":"https:\/\/tanzen-weilheim.de\/cms\/wp-json\/wp\/v2\/posts\/8941","targetHints":{"allow":["GET"]}}],"collection":[{"href":"https:\/\/tanzen-weilheim.de\/cms\/wp-json\/wp\/v2\/posts"}],"about":[{"href":"https:\/\/tanzen-weilheim.de\/cms\/wp-json\/wp\/v2\/types\/post"}],"author":[{"embeddable":true,"href":"https:\/\/tanzen-weilheim.de\/cms\/wp-json\/wp\/v2\/users\/19"}],"replies":[{"embeddable":true,"href":"https:\/\/tanzen-weilheim.de\/cms\/wp-json\/wp\/v2\/comments?post=8941"}],"version-history":[{"count":7,"href":"https:\/\/tanzen-weilheim.de\/cms\/wp-json\/wp\/v2\/posts\/8941\/revisions"}],"predecessor-version":[{"id":8943,"href":"https:\/\/tanzen-weilheim.de\/cms\/wp-json\/wp\/v2\/posts\/8941\/revisions\/8943"}],"wp:attachment":[{"href":"https:\/\/tanzen-weilheim.de\/cms\/wp-json\/wp\/v2\/media?parent=8941"}],"wp:term":[{"taxonomy":"category","embeddable":true,"href":"https:\/\/tanzen-weilheim.de\/cms\/wp-json\/wp\/v2\/categories?post=8941"},{"taxonomy":"post_tag","embeddable":true,"href":"https:\/\/tanzen-weilheim.de\/cms\/wp-json\/wp\/v2\/tags?post=8941"}],"curies":[{"name":"wp","href":"https:\/\/api.w.org\/{rel}","templated":true}]}}