{"id":8634,"date":"2017-10-09T07:45:01","date_gmt":"2017-10-09T05:45:01","guid":{"rendered":"http:\/\/tanzen-weilheim.de\/cms\/?p=8634"},"modified":"2017-10-15T18:43:19","modified_gmt":"2017-10-15T16:43:19","slug":"dtsa-abnahme-8","status":"publish","type":"post","link":"https:\/\/tanzen-weilheim.de\/cms\/8634\/dtsa-abnahme-8","title":{"rendered":"DTSA Abnahme"},"content":{"rendered":"<p><span style=\"color: #ff0000; font-size: 16px;\"><span style=\"text-decoration: underline;\"><span style=\"font-size: 22px;\"><span style=\"color: #ff0000; text-decoration: underline;\"><span style=\"font-size: 32px;\">HEUTE&#8230;.<br \/>\n<\/span><\/span><\/span><\/span><\/span><br \/>\n<span style=\"color: #ff0000; font-size: 16px;\"><span style=\"text-decoration: underline;\"><span style=\"font-size: 22px;\"><a href=\"https:\/\/tanzen-weilheim.de\/cms\/wp-content\/uploads\/2008\/01\/DTSA_Abnahme.pdf\"><span style=\"color: #ff0000; text-decoration: underline;\">D<\/span><\/a><\/span><a href=\"https:\/\/tanzen-weilheim.de\/cms\/wp-content\/uploads\/2008\/01\/DTSA_Abnahme.pdf\"><span style=\"color: #ff0000; text-decoration: underline;\"><span style=\"font-size: 20px;\"><span style=\"font-size: 22px;\">TSA<\/span>&#8211;<\/span><\/span><\/a><a href=\"https:\/\/tanzen-weilheim.de\/cms\/wp-content\/uploads\/2008\/01\/DTSA_Abnahme.pdf\"><span style=\"color: #ff0000; text-decoration: underline;\">Ab<\/span><\/a><a href=\"https:\/\/tanzen-weilheim.de\/cms\/wp-content\/uploads\/2008\/01\/DTSA_Abnahme.pdf\"><span style=\"color: #ff0000; text-decoration: underline;\">nahme<\/span><\/a><\/span><span style=\"text-decoration: underline;\"><span style=\"text-decoration: underline;\"><span style=\"text-decoration: underline;\"> hi<\/span><\/span><\/span><span style=\"text-decoration: underline;\"><span style=\"text-decoration: underline;\">er in der Tanzsportabteilung Weilheim<\/span><\/span><\/span><br \/>\nVeranstaltungsort:\u00a0<span style=\"font-size: 22px;\">\u00a0<\/span><span style=\"color: #ff0000;\"><a href=\"http:\/\/www.tanzen-weilheim.de\/cms\/?page_id=272#Vereinsheim\"><span style=\"color: #ff0000;\"><span style=\"font-size: 22px;\">Spiegelsaal<\/span> TSV Vereinsheim Pollinger Str. 9, 82362 Weilheim<\/span><\/a><\/span><br \/>\n<span style=\"font-size: 20px; color: #ff0000;\">12:00 Uhr: <\/span>M\u00f6glichkeit zum Eintanzen<br \/>\n<span style=\"font-size: 20px; color: #ff0000;\">13:00 Uhr: <\/span>Start der DTSA-Abnahme<br \/>\n<img loading=\"lazy\" decoding=\"async\" alt=\"\" src=\"https:\/\/tse2.mm.bing.net\/th?id=OIP.rFSOrgruJe9PO_RAWHaU-gDQCI&amp;pid=Api\" width=\"131\" height=\"86\" \/><br \/>\nf\u00fcr das leibliche Wohl der Teilnehmer und Zuschauer sorgt das bew\u00e4hrte\u00a0Catering-Team des <span style=\"font-size: 18px; color: #993300;\">F\u00f6rdervereins f\u00fcr Tanzen <\/span>im Raum Weiheim e.V.<br \/>\nTeilnahme an der DTSA-Abnahme ist nur mit sauberen Wechselschuhen m\u00f6glich.<br \/>\n<strong><\/strong><\/p>\n","protected":false},"excerpt":{"rendered":"<p>HEUTE&#8230;. DTSA&#8211;Abnahme hier in der Tanzsportabteilung Weilheim Veranstaltungsort:\u00a0\u00a0Spiegelsaal TSV Vereinsheim Pollinger Str. 9, 82362 Weilheim 12:00 Uhr: M\u00f6glichkeit zum Eintanzen 13:00 Uhr: Start der DTSA-Abnahme f\u00fcr das leibliche Wohl der Teilnehmer und Zuschauer sorgt das bew\u00e4hrte\u00a0Catering-Team des F\u00f6rdervereins f\u00fcr Tanzen im Raum Weiheim e.V. Teilnahme an der DTSA-Abnahme ist nur mit sauberen Wechselschuhen m\u00f6glich.<\/p>\n","protected":false},"author":19,"featured_media":0,"comment_status":"open","ping_status":"open","sticky":false,"template":"","format":"standard","meta":{"_jetpack_memberships_contains_paid_content":false,"footnotes":""},"categories":[3],"tags":[96],"class_list":["post-8634","post","type-post","status-publish","format-standard","hentry","category-termine","tag-dtsa-2018"],"jetpack_featured_media_url":"","jetpack_sharing_enabled":true,"_links":{"self":[{"href":"https:\/\/tanzen-weilheim.de\/cms\/wp-json\/wp\/v2\/posts\/8634","targetHints":{"allow":["GET"]}}],"collection":[{"href":"https:\/\/tanzen-weilheim.de\/cms\/wp-json\/wp\/v2\/posts"}],"about":[{"href":"https:\/\/tanzen-weilheim.de\/cms\/wp-json\/wp\/v2\/types\/post"}],"author":[{"embeddable":true,"href":"https:\/\/tanzen-weilheim.de\/cms\/wp-json\/wp\/v2\/users\/19"}],"replies":[{"embeddable":true,"href":"https:\/\/tanzen-weilheim.de\/cms\/wp-json\/wp\/v2\/comments?post=8634"}],"version-history":[{"count":17,"href":"https:\/\/tanzen-weilheim.de\/cms\/wp-json\/wp\/v2\/posts\/8634\/revisions"}],"predecessor-version":[{"id":8768,"href":"https:\/\/tanzen-weilheim.de\/cms\/wp-json\/wp\/v2\/posts\/8634\/revisions\/8768"}],"wp:attachment":[{"href":"https:\/\/tanzen-weilheim.de\/cms\/wp-json\/wp\/v2\/media?parent=8634"}],"wp:term":[{"taxonomy":"category","embeddable":true,"href":"https:\/\/tanzen-weilheim.de\/cms\/wp-json\/wp\/v2\/categories?post=8634"},{"taxonomy":"post_tag","embeddable":true,"href":"https:\/\/tanzen-weilheim.de\/cms\/wp-json\/wp\/v2\/tags?post=8634"}],"curies":[{"name":"wp","href":"https:\/\/api.w.org\/{rel}","templated":true}]}}