{"id":8247,"date":"2017-09-04T15:46:13","date_gmt":"2017-09-04T13:46:13","guid":{"rendered":"http:\/\/tanzen-weilheim.de\/cms\/?p=8247"},"modified":"2017-11-15T11:42:31","modified_gmt":"2017-11-15T09:42:31","slug":"tanzkurs-fur-anfanger-2017","status":"publish","type":"post","link":"https:\/\/tanzen-weilheim.de\/cms\/8247\/tanzkurs-fur-anfanger-2017","title":{"rendered":"Tanzkurs f\u00fcr Anf\u00e4nger 2017"},"content":{"rendered":"<p><!--more-->Tanzinteressierte aufgepasst&#8230;.<br \/>\n<span>am\u00a0<\/span><span style=\"font-size: 18px;\"> 27.September 2017<\/span>\u00a0 ist es wieder so weit.<br \/>\n<img decoding=\"async\" title=\"Weiterlesen \u2026\" alt=\"\" src=\"https:\/\/tanzen-weilheim.de\/cms\/wp-includes\/js\/tinymce\/plugins\/wordpress\/img\/trans.gif\" \/>Die Tanzsportabteilung im TSV Weilheim \u00a0startet ihren beliebten <span style=\"font-size: 18px;\"><strong><span style=\"color: #800000;\">Anf\u00e4nger-Tanzkurs<\/span> <\/strong><\/span>f\u00fcr Latein und Standardt\u00e4nze.\u00a0Immer <strong><span style=\"color: #800000;\">mittwochs<\/span><\/strong><b> <\/b>\u00a0werden Grundlagen und Figuren zu Langsamer Walzer, Tango, Discofox, Cha-Cha, Rumba, Jive u.a.\u00a0<em id=\"__mceDel\">unter der bew\u00e4hrten Leitung von Birgit und Peter Handel erarbeitet.<\/em><\/p>\n<p>Kursbeginn:\u00a0\u00a0\u00a0\u00a0\u00a0\u00a0\u00a0\u00a0\u00a0\u00a0\u00a0\u00a0\u00a0<span style=\"color: #800000;\"> <strong><span style=\"font-size: 18px;\">Mittwoch 27. Sept. 2017<\/span><\/strong><\/span><\/p>\n<p>Uhrzeit:\u00a0\u00a0\u00a0\u00a0\u00a0\u00a0\u00a0\u00a0\u00a0\u00a0\u00a0\u00a0\u00a0\u00a0\u00a0\u00a0\u00a0\u00a0\u00a0\u00a0\u00a0 20:30 &#8211; 22:00 Uhr<\/p>\n<p>Wo:\u00a0\u00a0\u00a0\u00a0\u00a0\u00a0\u00a0\u00a0\u00a0\u00a0\u00a0\u00a0\u00a0\u00a0\u00a0\u00a0\u00a0\u00a0\u00a0\u00a0\u00a0\u00a0\u00a0\u00a0\u00a0\u00a0\u00a0\u00a0 <a href=\"http:\/\/www.tanzen-weilheim.de\/cms\/?page_id=272#Vereinsheim\">Spiegelsaal TSV Vereinsheim Pollinger Str. 9 82362 Weilheim<\/a><br \/>\nEinheiten: \u00a0 \u00a0 \u00a0 \u00a0 \u00a0 \u00a0 \u00a0 \u00a0 10 Abende (27.Sept., 4.Okt., 11. Okt., 18. Okt. 25. Okt., 8 Nov., 15. Nov. , 13.12 2017, 10.01.2018 und 17.01.2018, Abschlussabend: 28.01.2018)<\/p>\n<p>Dauer:\u00a0\u00a0\u00a0\u00a0\u00a0\u00a0\u00a0\u00a0\u00a0\u00a0\u00a0\u00a0\u00a0\u00a0\u00a0\u00a0\u00a0 \u00a0 \u00a0 \u00a0 90 Min<\/p>\n<p>Kosten: \u00a0 \u00a0 \u00a0 \u00a0 \u00a0 \u00a0 \u00a0 \u00a0 \u00a0 \u00a0\u00a0 90 Euro\/Person (50 Euro\/ Person erm\u00e4\u00dfigt f\u00fcr Sch\u00fcler, Studenten oder Azubi)<\/p>\n<p>Trainer: \u00a0 \u00a0 \u00a0 \u00a0 \u00a0 \u00a0 \u00a0 \u00a0\u00a0\u00a0\u00a0\u00a0 Birgit und Peter Handel (Breitensport-Trainer C)<\/p>\n<p>Voraussetzung: \u00a0 \u00a0 \u00a0\u00a0 Interesse und Spa\u00df am Paartanz<\/p>\n<p>Abschlussabend: \u00a0 \u00a0 <span style=\"color: #800000; font-size: 18px;\"><strong>28.Januar2018<\/strong><\/span> im MZR des TSV 1847 Weilheim e.V. Vereinsheims<\/p>\n<p><strong><span style=\"color: #800000;\">Anmeldung und\u00a0 Information:\u00a0\u00a0\u00a0<\/span><\/strong>Peter Handel\u00a0\u00a0 Tel: 0881 7667<br \/>\noder e-Mail: <a href=\"mailto:abteilungsleiter@tanzen-weilheim.de\">abteilungsleiter@tanzen-weilheim.de<\/a><\/p>\n<p><a href=\"https:\/\/tanzen-weilheim.de\/cms\/wp-content\/uploads\/2017\/09\/Foto_Tanzkurs_Anf\u00e4nger_2017.png\"><img loading=\"lazy\" decoding=\"async\" class=\"alignnone size-medium wp-image-8401\" alt=\"Foto_Tanzkurs_Anf\u00e4nger_2017\" src=\"https:\/\/tanzen-weilheim.de\/cms\/wp-content\/uploads\/2017\/09\/Foto_Tanzkurs_Anf\u00e4nger_2017-208x300.png\" width=\"208\" height=\"300\" srcset=\"https:\/\/tanzen-weilheim.de\/cms\/wp-content\/uploads\/2017\/09\/Foto_Tanzkurs_Anf\u00e4nger_2017-208x300.png 208w, https:\/\/tanzen-weilheim.de\/cms\/wp-content\/uploads\/2017\/09\/Foto_Tanzkurs_Anf\u00e4nger_2017-555x800.png 555w, https:\/\/tanzen-weilheim.de\/cms\/wp-content\/uploads\/2017\/09\/Foto_Tanzkurs_Anf\u00e4nger_2017-400x577.png 400w, https:\/\/tanzen-weilheim.de\/cms\/wp-content\/uploads\/2017\/09\/Foto_Tanzkurs_Anf\u00e4nger_2017.png 639w\" sizes=\"auto, (max-width: 208px) 100vw, 208px\" \/><\/a><\/p>\n<p><a href=\"https:\/\/tanzen-weilheim.de\/cms\/wp-content\/uploads\/2017\/09\/Plakat_Tanzkurs_Anf\u00e4nger_2017.pdf\">Plakat_Tanzkurs_Anf\u00e4nger_2017<\/a><\/p>\n<p><strong><span style=\"color: #800000;\">Dieser Tanzkurs wird unterst\u00fctzt vom\u00a0 Verein zur F\u00f6rderung des Tanzsportes im Raum Weilheim e.V.<\/span><\/strong><\/p>\n<p><strong style=\"color: #ff0000; font-size: 18px;\">Wechselschuhe mitbringen<\/strong><\/p>\n<p>&nbsp;<\/p>\n<p><span style=\"font-size: 22px; color: #008000;\">Aufgepasst, schon einmal gedanklich einplanen:<\/span><\/p>\n<p><span style=\"font-size: 14px; color: #008000;\">Tanzkurs f\u00fcr Fortgeschrittene \u00a0&#8211; Start im Fr\u00fchjahr 2018 &#8211; immer mittwochs &#8230;Termine werden hier auf der Homepage bekannt gegeben<\/span><\/p>\n","protected":false},"excerpt":{"rendered":"","protected":false},"author":19,"featured_media":0,"comment_status":"open","ping_status":"open","sticky":false,"template":"","format":"standard","meta":{"_jetpack_memberships_contains_paid_content":false,"footnotes":""},"categories":[1],"tags":[],"class_list":["post-8247","post","type-post","status-publish","format-standard","hentry","category-allgemein"],"jetpack_featured_media_url":"","jetpack_sharing_enabled":true,"_links":{"self":[{"href":"https:\/\/tanzen-weilheim.de\/cms\/wp-json\/wp\/v2\/posts\/8247","targetHints":{"allow":["GET"]}}],"collection":[{"href":"https:\/\/tanzen-weilheim.de\/cms\/wp-json\/wp\/v2\/posts"}],"about":[{"href":"https:\/\/tanzen-weilheim.de\/cms\/wp-json\/wp\/v2\/types\/post"}],"author":[{"embeddable":true,"href":"https:\/\/tanzen-weilheim.de\/cms\/wp-json\/wp\/v2\/users\/19"}],"replies":[{"embeddable":true,"href":"https:\/\/tanzen-weilheim.de\/cms\/wp-json\/wp\/v2\/comments?post=8247"}],"version-history":[{"count":34,"href":"https:\/\/tanzen-weilheim.de\/cms\/wp-json\/wp\/v2\/posts\/8247\/revisions"}],"predecessor-version":[{"id":9140,"href":"https:\/\/tanzen-weilheim.de\/cms\/wp-json\/wp\/v2\/posts\/8247\/revisions\/9140"}],"wp:attachment":[{"href":"https:\/\/tanzen-weilheim.de\/cms\/wp-json\/wp\/v2\/media?parent=8247"}],"wp:term":[{"taxonomy":"category","embeddable":true,"href":"https:\/\/tanzen-weilheim.de\/cms\/wp-json\/wp\/v2\/categories?post=8247"},{"taxonomy":"post_tag","embeddable":true,"href":"https:\/\/tanzen-weilheim.de\/cms\/wp-json\/wp\/v2\/tags?post=8247"}],"curies":[{"name":"wp","href":"https:\/\/api.w.org\/{rel}","templated":true}]}}