{"id":8197,"date":"2017-08-27T11:37:59","date_gmt":"2017-08-27T09:37:59","guid":{"rendered":"http:\/\/tanzen-weilheim.de\/cms\/?p=8197"},"modified":"2017-09-12T05:48:03","modified_gmt":"2017-09-12T03:48:03","slug":"heute-kein-gruppenunterricht-as","status":"publish","type":"post","link":"https:\/\/tanzen-weilheim.de\/cms\/8197\/heute-kein-gruppenunterricht-as","title":{"rendered":"HEUTE 11.09.2017 &#8230;Hallensperrung &#8211; KEIN Gruppenunterricht AS"},"content":{"rendered":"<p><span style=\"color: #ff0000; font-size: 18px;\">HEUTE 11.Sept.2017<\/span> findet <span style=\"font-size: 18px; color: #ff0000;\">KEIN<\/span> Gruppenunterricht\u00a0 f\u00fcr die <span style=\"color: #ff0000; font-size: 18px;\">Gesellschaftskreise I,II und III <span style=\"font-size: 12px; color: #000000;\">in der Ammerschule <\/span><\/span>statt.<\/p>\n<p>Auch ein &#8222;freies&#8220; Training ist in der Ammerschule nicht m\u00f6glich.<\/p>\n<p>Die Ammerschulturnhalle ist wegen Gro\u00dfputztag heute 11.September.2017 komplett gesperrt.<\/p>\n<p>Erster Gruppenunterricht f\u00fcr<\/p>\n<p><span style=\"font-size: 18px; color: #ff0000;\">Gesellschaftskreise I,II und III am 18.09.2017 mit Standard<\/span><\/p>\n<p>unter der Leitung von Alex Raith.<\/p>\n<p>26.08.17\/MM<\/p>\n","protected":false},"excerpt":{"rendered":"<p>HEUTE 11.Sept.2017 findet KEIN Gruppenunterricht\u00a0 f\u00fcr die Gesellschaftskreise I,II und III in der Ammerschule statt. Auch ein &#8222;freies&#8220; Training ist in der Ammerschule nicht m\u00f6glich. Die Ammerschulturnhalle ist wegen Gro\u00dfputztag heute 11.September.2017 komplett gesperrt. Erster Gruppenunterricht f\u00fcr Gesellschaftskreise I,II und III am 18.09.2017 mit Standard unter der Leitung von Alex Raith. 26.08.17\/MM<\/p>\n","protected":false},"author":19,"featured_media":0,"comment_status":"open","ping_status":"open","sticky":false,"template":"","format":"standard","meta":{"_jetpack_memberships_contains_paid_content":false,"footnotes":""},"categories":[3],"tags":[],"class_list":["post-8197","post","type-post","status-publish","format-standard","hentry","category-termine"],"jetpack_featured_media_url":"","jetpack_sharing_enabled":true,"_links":{"self":[{"href":"https:\/\/tanzen-weilheim.de\/cms\/wp-json\/wp\/v2\/posts\/8197","targetHints":{"allow":["GET"]}}],"collection":[{"href":"https:\/\/tanzen-weilheim.de\/cms\/wp-json\/wp\/v2\/posts"}],"about":[{"href":"https:\/\/tanzen-weilheim.de\/cms\/wp-json\/wp\/v2\/types\/post"}],"author":[{"embeddable":true,"href":"https:\/\/tanzen-weilheim.de\/cms\/wp-json\/wp\/v2\/users\/19"}],"replies":[{"embeddable":true,"href":"https:\/\/tanzen-weilheim.de\/cms\/wp-json\/wp\/v2\/comments?post=8197"}],"version-history":[{"count":11,"href":"https:\/\/tanzen-weilheim.de\/cms\/wp-json\/wp\/v2\/posts\/8197\/revisions"}],"predecessor-version":[{"id":8202,"href":"https:\/\/tanzen-weilheim.de\/cms\/wp-json\/wp\/v2\/posts\/8197\/revisions\/8202"}],"wp:attachment":[{"href":"https:\/\/tanzen-weilheim.de\/cms\/wp-json\/wp\/v2\/media?parent=8197"}],"wp:term":[{"taxonomy":"category","embeddable":true,"href":"https:\/\/tanzen-weilheim.de\/cms\/wp-json\/wp\/v2\/categories?post=8197"},{"taxonomy":"post_tag","embeddable":true,"href":"https:\/\/tanzen-weilheim.de\/cms\/wp-json\/wp\/v2\/tags?post=8197"}],"curies":[{"name":"wp","href":"https:\/\/api.w.org\/{rel}","templated":true}]}}