{"id":8152,"date":"2017-08-19T15:01:25","date_gmt":"2017-08-19T13:01:25","guid":{"rendered":"http:\/\/tanzen-weilheim.de\/cms\/?p=8152"},"modified":"2017-08-19T15:01:25","modified_gmt":"2017-08-19T13:01:25","slug":"super-informativer-sommer-workshop-mit-manfred-kober","status":"publish","type":"post","link":"https:\/\/tanzen-weilheim.de\/cms\/8152\/super-informativer-sommer-workshop-mit-manfred-kober","title":{"rendered":"Super-informativer Sommer-Workshop mit Manfred Kober"},"content":{"rendered":"<p><b>Weilheim.<\/b> Eigentlich war der Workshop ja eher geplant als Vorbereitung f\u00fcr die German Open Championships, auch GOC genannt, in der zweiten Augustwoche. Aber trotzdem aus Weilheim auch in 2017 kein Paar dort an den Start ging, war der Workshop bestens besucht; zudem konnten auch viele Paare wieder die begehrten Privatstunden beim Trainer buchen, einige zum ersten mal.<\/p>\n<p><!--more-->Von Donnerstagnachmittag bis Freitag fr\u00fchabends arbeiteten und schwitzten bei z.T. hochsommerlichen Temperaturen in der f\u00fcr diesen Zweck aufgrund der Gr\u00f6\u00dfe geradezu idealen Ammerschulturnhalle. An beiden Tagen war auch je eine 120-min\u00fctige Gruppentrainingseinheit dran, in der uns der Manfred zun\u00e4chst sehr intensiv erl\u00e4uterte, worin der Unterschied zwischen Schritten und reinen Gewichtsverlagerungen liegt und wie beide Bewegungsformen t\u00e4nzerisch genutzt, verbunden und umgesetzt werden konnten. Zun\u00e4chst \u00fcbten wir das an einer Basic-Variation im Langsamen Walzer. Mit dem ihm eigenen Humor ging er auf alle Paare sehr genau ein und veranschaulichte uns sein Trainingsziel. Am zweiten Tag \u00fcbertrug er die Erkenntnisse des ersten Tages nach einer kurzen Wiederholung f\u00fcr die neu dazugekommenen Paare auf die anderen T\u00e4nze. Wie \u00fcblich, gab er auch sehr viele n\u00fctzliche Informationen zum Thema Haltung und Posture und hielt sich sehr lange auch z.B. im Slow Foxtrott an einer \u00dcbungsfolge aus fallaway slip pivot (variiert auch als bounced fallaway) in Verbindung mit einem Linkskreisel auf, um uns diese beiden linksorientierten Figuren intensiv zu optimieren.<\/p>\n<p><a href=\"https:\/\/tanzen-weilheim.de\/cms\/wp-content\/uploads\/2017\/08\/Kober-01.jpg\"><img loading=\"lazy\" decoding=\"async\" class=\"alignnone size-medium wp-image-8153\" alt=\"Kober 01\" src=\"https:\/\/tanzen-weilheim.de\/cms\/wp-content\/uploads\/2017\/08\/Kober-01-300x225.jpg\" width=\"300\" height=\"225\" srcset=\"https:\/\/tanzen-weilheim.de\/cms\/wp-content\/uploads\/2017\/08\/Kober-01-300x225.jpg 300w, https:\/\/tanzen-weilheim.de\/cms\/wp-content\/uploads\/2017\/08\/Kober-01-960x720.jpg 960w, https:\/\/tanzen-weilheim.de\/cms\/wp-content\/uploads\/2017\/08\/Kober-01-1920x1440.jpg 1920w, https:\/\/tanzen-weilheim.de\/cms\/wp-content\/uploads\/2017\/08\/Kober-01-768x576.jpg 768w, https:\/\/tanzen-weilheim.de\/cms\/wp-content\/uploads\/2017\/08\/Kober-01-400x300.jpg 400w, https:\/\/tanzen-weilheim.de\/cms\/wp-content\/uploads\/2017\/08\/Kober-01-800x600.jpg 800w, https:\/\/tanzen-weilheim.de\/cms\/wp-content\/uploads\/2017\/08\/Kober-01-1024x768.jpg 1024w\" sizes=\"auto, (max-width: 300px) 100vw, 300px\" \/><\/a> <a href=\"https:\/\/tanzen-weilheim.de\/cms\/wp-content\/uploads\/2017\/08\/Kober-02.jpg\"><img loading=\"lazy\" decoding=\"async\" class=\"alignnone size-medium wp-image-8154\" alt=\"Kober 02\" src=\"https:\/\/tanzen-weilheim.de\/cms\/wp-content\/uploads\/2017\/08\/Kober-02-300x225.jpg\" width=\"300\" height=\"225\" srcset=\"https:\/\/tanzen-weilheim.de\/cms\/wp-content\/uploads\/2017\/08\/Kober-02-300x225.jpg 300w, https:\/\/tanzen-weilheim.de\/cms\/wp-content\/uploads\/2017\/08\/Kober-02-960x720.jpg 960w, https:\/\/tanzen-weilheim.de\/cms\/wp-content\/uploads\/2017\/08\/Kober-02-1920x1440.jpg 1920w, https:\/\/tanzen-weilheim.de\/cms\/wp-content\/uploads\/2017\/08\/Kober-02-768x576.jpg 768w, https:\/\/tanzen-weilheim.de\/cms\/wp-content\/uploads\/2017\/08\/Kober-02-400x300.jpg 400w, https:\/\/tanzen-weilheim.de\/cms\/wp-content\/uploads\/2017\/08\/Kober-02-800x600.jpg 800w, https:\/\/tanzen-weilheim.de\/cms\/wp-content\/uploads\/2017\/08\/Kober-02-1024x768.jpg 1024w\" sizes=\"auto, (max-width: 300px) 100vw, 300px\" \/><\/a> <a href=\"https:\/\/tanzen-weilheim.de\/cms\/wp-content\/uploads\/2017\/08\/Kober-03.jpg\"><img loading=\"lazy\" decoding=\"async\" class=\"alignnone size-medium wp-image-8155\" alt=\"Kober 03\" src=\"https:\/\/tanzen-weilheim.de\/cms\/wp-content\/uploads\/2017\/08\/Kober-03-300x225.jpg\" width=\"300\" height=\"225\" srcset=\"https:\/\/tanzen-weilheim.de\/cms\/wp-content\/uploads\/2017\/08\/Kober-03-300x225.jpg 300w, https:\/\/tanzen-weilheim.de\/cms\/wp-content\/uploads\/2017\/08\/Kober-03-960x720.jpg 960w, https:\/\/tanzen-weilheim.de\/cms\/wp-content\/uploads\/2017\/08\/Kober-03-1920x1440.jpg 1920w, https:\/\/tanzen-weilheim.de\/cms\/wp-content\/uploads\/2017\/08\/Kober-03-768x576.jpg 768w, https:\/\/tanzen-weilheim.de\/cms\/wp-content\/uploads\/2017\/08\/Kober-03-400x300.jpg 400w, https:\/\/tanzen-weilheim.de\/cms\/wp-content\/uploads\/2017\/08\/Kober-03-800x600.jpg 800w, https:\/\/tanzen-weilheim.de\/cms\/wp-content\/uploads\/2017\/08\/Kober-03-1024x768.jpg 1024w\" sizes=\"auto, (max-width: 300px) 100vw, 300px\" \/><\/a><\/p>\n<p>Trotz des hei\u00dfen Wetters und der parallel stattfindenden 170-Jahr-Feier unseres Hauptvereins waren fast alle Paare der Abteilung und auch zwei Gastpaare da und arbeiteten sehr hart an den dargebrachten news. Nach den R\u00fcckmeldungen zu schlie\u00dfen, wird\u00b4s da wohl im Sp\u00e4therbst wieder eine Fortsetzung geben\u2026.<\/p>\n<p>28.07.2017\/tk<\/p>\n","protected":false},"excerpt":{"rendered":"<p>Weilheim. Eigentlich war der Workshop ja eher geplant als Vorbereitung f\u00fcr die German Open Championships, auch GOC genannt, in der zweiten Augustwoche. Aber trotzdem aus Weilheim auch in 2017 kein Paar dort an den Start ging, war der Workshop bestens besucht; zudem konnten auch viele Paare wieder die begehrten Privatstunden beim Trainer buchen, einige zum [&hellip;]<\/p>\n","protected":false},"author":17,"featured_media":0,"comment_status":"open","ping_status":"open","sticky":false,"template":"","format":"standard","meta":{"_jetpack_memberships_contains_paid_content":false,"footnotes":""},"categories":[1],"tags":[],"class_list":["post-8152","post","type-post","status-publish","format-standard","hentry","category-allgemein"],"jetpack_featured_media_url":"","jetpack_sharing_enabled":true,"_links":{"self":[{"href":"https:\/\/tanzen-weilheim.de\/cms\/wp-json\/wp\/v2\/posts\/8152","targetHints":{"allow":["GET"]}}],"collection":[{"href":"https:\/\/tanzen-weilheim.de\/cms\/wp-json\/wp\/v2\/posts"}],"about":[{"href":"https:\/\/tanzen-weilheim.de\/cms\/wp-json\/wp\/v2\/types\/post"}],"author":[{"embeddable":true,"href":"https:\/\/tanzen-weilheim.de\/cms\/wp-json\/wp\/v2\/users\/17"}],"replies":[{"embeddable":true,"href":"https:\/\/tanzen-weilheim.de\/cms\/wp-json\/wp\/v2\/comments?post=8152"}],"version-history":[{"count":2,"href":"https:\/\/tanzen-weilheim.de\/cms\/wp-json\/wp\/v2\/posts\/8152\/revisions"}],"predecessor-version":[{"id":8329,"href":"https:\/\/tanzen-weilheim.de\/cms\/wp-json\/wp\/v2\/posts\/8152\/revisions\/8329"}],"wp:attachment":[{"href":"https:\/\/tanzen-weilheim.de\/cms\/wp-json\/wp\/v2\/media?parent=8152"}],"wp:term":[{"taxonomy":"category","embeddable":true,"href":"https:\/\/tanzen-weilheim.de\/cms\/wp-json\/wp\/v2\/categories?post=8152"},{"taxonomy":"post_tag","embeddable":true,"href":"https:\/\/tanzen-weilheim.de\/cms\/wp-json\/wp\/v2\/tags?post=8152"}],"curies":[{"name":"wp","href":"https:\/\/api.w.org\/{rel}","templated":true}]}}