{"id":7947,"date":"2017-07-18T18:49:56","date_gmt":"2017-07-18T16:49:56","guid":{"rendered":"http:\/\/tanzen-weilheim.de\/cms\/?p=7947"},"modified":"2017-07-19T16:21:42","modified_gmt":"2017-07-19T14:21:42","slug":"tolle-ergebnisse-fur-die-ehepaare-dick-und-marschall","status":"publish","type":"post","link":"https:\/\/tanzen-weilheim.de\/cms\/7947\/tolle-ergebnisse-fur-die-ehepaare-dick-und-marschall","title":{"rendered":"Tolle Ergebnisse f\u00fcr die Ehepaare Dick und Marschall"},"content":{"rendered":"<p><b>Weilheim \/ Rosenheim<\/b>. Erst zur Bayerischen Meisterschaft ihrer eigentlichen Altersklasse, den Senioren II (45 \u2013 55 Jahre) im M\u00e4rz in Unterschlei\u00dfheim damals mit dem Vizemeistertitel (wir berichteten) aufgestiegen, versuchten sich Christian und Tanja Dick nun nach drei Monaten intensiven Trainings neuer Figurenfolgen wieder auf Turnieren. Und auch Dr. Michael und Monika Marschall gehen unbeirrbar weiter auf dem Weg durch die B-Klasse in Richtung Aufstieg in die A; mehr als die H\u00e4lfte des Weges ist inzwischen geschafft. <!--more--><\/p>\n<p>Am Sonntag, den 09.07.2017 starteten beide Paare bei den sog. Bavarian Dance Days, einer inzwischen traditionsreichen Gro\u00dfveranstaltung, auf der an zwei Tagen auf drei parallelen Fl\u00e4chen Dutzende von Turnieren stattfanden. Christian und Tanja Dick taten dies in Ihrer Altersklasse Senioren II in der B-Klasse. Es war ein mit 17 Paaren gro\u00dfes und auch internationales Startfeld, in dem sich die Beiden gekonnt und routiniert durch Vor- und Zwischenrunde tanzten und am Ende mit dem 2. Platz belohnt wurden, nur geschlagen vom Siegerpaar aus Tschechien. F\u00fcr das erst zweite Turnier in der neuen Klasse ist das eine absolute Top-Leistung!<\/p>\n<p><a href=\"https:\/\/tanzen-weilheim.de\/cms\/wp-content\/uploads\/2017\/07\/BDD.jpg\"><img loading=\"lazy\" decoding=\"async\" class=\"alignnone size-medium wp-image-7948\" alt=\"BDD\" src=\"https:\/\/tanzen-weilheim.de\/cms\/wp-content\/uploads\/2017\/07\/BDD-300x198.jpg\" width=\"354\" height=\"234\" \/><\/a><a href=\"https:\/\/tanzen-weilheim.de\/cms\/wp-content\/uploads\/2017\/03\/Dick-06.jpg\"><img loading=\"lazy\" decoding=\"async\" class=\"alignnone size-medium wp-image-7071\" alt=\"Dick 06\" src=\"https:\/\/tanzen-weilheim.de\/cms\/wp-content\/uploads\/2017\/03\/Dick-06-256x300.jpg\" width=\"198\" height=\"233\" \/><\/a><\/p>\n<p>Beim gleichen Turnier in Rosenheim gingen in der Altersklasse der Senioren III (55 \u2013 65 Jahre) in ihrer Leistungsklasse B Dr. Michael und Monika Marschall an den Start und auch sie erreichten in einem zahlen- und leistungsm\u00e4\u00dfig sehr starken Feld das Finale und darin den sechsten Platz. Das ist zwar keine f\u00fcr den Aufstieg z\u00e4hlbare Platzierung, bringt aber trotzdem viele Aufstiegspunkte, die ja auch n\u00f6tig sind und es zeigt vor allem, da\u00df die Beiden mit ihrem Training die richtigen Schwerpunkte setzen. Sie haben inzwischen schon mehr als die H\u00e4lfte sowohl der Platzierungen, als auch der Punkte erreicht, um gegen Jahresende vielleicht schon in die A-Klasse aufsteigen zu k\u00f6nnen.<\/p>\n<p><a href=\"https:\/\/tanzen-weilheim.de\/cms\/wp-content\/uploads\/2017\/07\/Marschall-10a.jpg\"><img loading=\"lazy\" decoding=\"async\" class=\"alignnone size-medium wp-image-7951\" alt=\"Marschall 10a\" src=\"https:\/\/tanzen-weilheim.de\/cms\/wp-content\/uploads\/2017\/07\/Marschall-10a-213x300.jpg\" width=\"213\" height=\"300\" \/><\/a> <a href=\"https:\/\/tanzen-weilheim.de\/cms\/wp-content\/uploads\/2017\/07\/Marschall-09a.jpg\"><img loading=\"lazy\" decoding=\"async\" class=\"alignnone size-medium wp-image-7950\" alt=\"Marschall 09a\" src=\"https:\/\/tanzen-weilheim.de\/cms\/wp-content\/uploads\/2017\/07\/Marschall-09a-285x300.jpg\" width=\"285\" height=\"300\" \/><\/a><\/p>\n<p>Durch den zweiten Platz in der Vorwoche sehr stark motiviert, gingen Christian und Tanja Dick dann am darauffolgenden Sonntag, den 16.07.2017 in Bad Aibling an den Start bei der Bayerischen Meisterschaft der n\u00e4chstj\u00fcngeren Altersklasse der Senioren I (35 \u2013 45 Jahre). Trotz des Altersvorteils der Konkurrenz schafften die Beiden es auch hier souver\u00e4n ins Finale der besten sechs Paare. Das dabei mit dem f\u00fcnften Platz erreichte Ergebnis ist wiederum eine Super-Leistung und zeigt, da\u00df die Beiden nicht nur in ihrer eigentlichen Altersgruppe schon nach kurzer Zeit wieder ein echter Treppchenaspirant sind, sondern sich auch erfolgreich unter den j\u00fcngeren Paaren durchsetzen k\u00f6nnen.<\/p>\n<p><a href=\"https:\/\/tanzen-weilheim.de\/cms\/wp-content\/uploads\/2017\/07\/BM-Sen-I-B-Std-2017.jpg\"><img loading=\"lazy\" decoding=\"async\" class=\"alignnone size-medium wp-image-7952\" alt=\"BM Sen I B Std 2017\" src=\"https:\/\/tanzen-weilheim.de\/cms\/wp-content\/uploads\/2017\/07\/BM-Sen-I-B-Std-2017-300x168.jpg\" width=\"300\" height=\"168\" \/><\/a><a href=\"https:\/\/tanzen-weilheim.de\/cms\/wp-content\/uploads\/2017\/07\/Dick-08.jpg\"><img loading=\"lazy\" decoding=\"async\" class=\"alignnone size-medium wp-image-7982\" alt=\"Dick 08\" src=\"https:\/\/tanzen-weilheim.de\/cms\/wp-content\/uploads\/2017\/07\/Dick-08-300x199.jpg\" width=\"252\" height=\"167\" \/><\/a><\/p>\n<p>Wenn es so weitergeht, dann k\u00f6nnte das n\u00e4chste sportliche Ziel, der Aufstieg in die A-Klasse f\u00fcr die Beiden fast genauso zum Durchmarsch werden, wie es in der C-Klasse war\u2026<\/p>\n<p>Die Abteilung gratuliert beiden Paaren ganz herzlich zu den tollen Ergebnissen!<\/p>\n<p>18.07.2017\/tk<\/p>\n","protected":false},"excerpt":{"rendered":"<p>Weilheim \/ Rosenheim. Erst zur Bayerischen Meisterschaft ihrer eigentlichen Altersklasse, den Senioren II (45 \u2013 55 Jahre) im M\u00e4rz in Unterschlei\u00dfheim damals mit dem Vizemeistertitel (wir berichteten) aufgestiegen, versuchten sich Christian und Tanja Dick nun nach drei Monaten intensiven Trainings neuer Figurenfolgen wieder auf Turnieren. Und auch Dr. Michael und Monika Marschall gehen unbeirrbar weiter [&hellip;]<\/p>\n","protected":false},"author":17,"featured_media":0,"comment_status":"open","ping_status":"open","sticky":false,"template":"","format":"standard","meta":{"_jetpack_memberships_contains_paid_content":false,"footnotes":""},"categories":[1],"tags":[],"class_list":["post-7947","post","type-post","status-publish","format-standard","hentry","category-allgemein"],"jetpack_featured_media_url":"","jetpack_sharing_enabled":true,"_links":{"self":[{"href":"https:\/\/tanzen-weilheim.de\/cms\/wp-json\/wp\/v2\/posts\/7947","targetHints":{"allow":["GET"]}}],"collection":[{"href":"https:\/\/tanzen-weilheim.de\/cms\/wp-json\/wp\/v2\/posts"}],"about":[{"href":"https:\/\/tanzen-weilheim.de\/cms\/wp-json\/wp\/v2\/types\/post"}],"author":[{"embeddable":true,"href":"https:\/\/tanzen-weilheim.de\/cms\/wp-json\/wp\/v2\/users\/17"}],"replies":[{"embeddable":true,"href":"https:\/\/tanzen-weilheim.de\/cms\/wp-json\/wp\/v2\/comments?post=7947"}],"version-history":[{"count":4,"href":"https:\/\/tanzen-weilheim.de\/cms\/wp-json\/wp\/v2\/posts\/7947\/revisions"}],"predecessor-version":[{"id":7984,"href":"https:\/\/tanzen-weilheim.de\/cms\/wp-json\/wp\/v2\/posts\/7947\/revisions\/7984"}],"wp:attachment":[{"href":"https:\/\/tanzen-weilheim.de\/cms\/wp-json\/wp\/v2\/media?parent=7947"}],"wp:term":[{"taxonomy":"category","embeddable":true,"href":"https:\/\/tanzen-weilheim.de\/cms\/wp-json\/wp\/v2\/categories?post=7947"},{"taxonomy":"post_tag","embeddable":true,"href":"https:\/\/tanzen-weilheim.de\/cms\/wp-json\/wp\/v2\/tags?post=7947"}],"curies":[{"name":"wp","href":"https:\/\/api.w.org\/{rel}","templated":true}]}}