{"id":7732,"date":"2017-06-18T18:13:58","date_gmt":"2017-06-18T16:13:58","guid":{"rendered":"http:\/\/tanzen-weilheim.de\/cms\/?p=7732"},"modified":"2017-06-18T18:53:22","modified_gmt":"2017-06-18T16:53:22","slug":"weilheimer-paare-in-top-form-bei-den-oberbayerischen-pfingsttanzturnieren-in-unterschleisheim","status":"publish","type":"post","link":"https:\/\/tanzen-weilheim.de\/cms\/7732\/weilheimer-paare-in-top-form-bei-den-oberbayerischen-pfingsttanzturnieren-in-unterschleisheim","title":{"rendered":"Weilheimer Paare in Top-Form bei den Oberbayerischen Pfingsttanzturnieren in Unterschlei\u00dfheim"},"content":{"rendered":"<p><b>Weilheim\/ Unterschlei\u00dfheim<\/b>. Drei Weilheimer Paare hatten f\u00fcr insgesamt vier Turniere gemeldet bei den Oberbayerischen Pfingsttanzturnieren in Unterschlei\u00dfheim (wo es f\u00fcr Weilheimer Paare fast schon traditionell immer was zu holen gibt\u2026). Da\u00df dabei dann lauter Top-Ergebnisse und somit ein Top-Team-Ergebnis rauskam, das konnte man zwar hoffen, aber so etwas l\u00e4\u00dft sich auf keinen Fall planen. Umso sch\u00f6ner, da\u00df es so kam\u2026 <!--more--><\/p>\n<p>Am letzten Samstag der Pfingstferien fuhr das Ehepaar Dr. Michael und Monika Marschall in den Norden der Landeshauptstadt M\u00fcnchen, um nach Starts in Frankfurt beim Gro\u00dfturnier \u201eHessen tanzt\u201c Mitte Mai (mit einem bemerkenswerten 4. Platz gegen starke Konkurrenz aus ganz Deutschland und dem Ausland!) auch in Bayern wieder auf die Jagd nach Punkten und Platzierungen zu gehen. Sie erreichten in der Altersklasse der Senioren III in ihrer Leistungsklasse B-Standard prompt das Finale, waren aber \u00fcber den darin erreichten 7. Platz nicht ganz zufrieden. Allerdings waren die Wertungen schon in den Vorrunden sehr eng, das Feld sehr ausgeglichen, so da\u00df auch eine solche Wertung mal herauskommen kann.<\/p>\n<p><a href=\"https:\/\/tanzen-weilheim.de\/cms\/wp-content\/uploads\/2017\/06\/IMG_0554.jpg\"><img loading=\"lazy\" decoding=\"async\" class=\"alignnone size-medium wp-image-7733\" alt=\"IMG_0554\" src=\"https:\/\/tanzen-weilheim.de\/cms\/wp-content\/uploads\/2017\/06\/IMG_0554-233x300.jpg\" width=\"233\" height=\"300\" \/><\/a><\/p>\n<p>Gleich am darauffolgenden Sonntag fuhren dann insgesamt drei Paare der Tanzsportabteilung (TSA) des TSV 1847 Weilheim e.V. nach Unterschlei\u00dfheim. Zuerst waren Berthold und Valinja Bauer dran, die sich ebenfalls in der Altersklasse Senioren III in der Leistungsklasse D-Standard mit der Konkurrenz ma\u00dfen und wiederum (das geht bei den Beiden schon seit Monaten so erfolgreich) einen Trepperlplatz, n\u00e4mlich Platz 3 erreichten. Es war f\u00fcr die Beiden, die seit letztem Herbst erst im Turniergeschehen mittanzen, bereits die achte Finalplatzierung. Damit fehlen den Beiden nur noch einige Punkte zum Aufstieg in die C-Klasse.<\/p>\n<p><a href=\"https:\/\/tanzen-weilheim.de\/cms\/wp-content\/uploads\/2017\/06\/Bauer-05.jpg\"><img loading=\"lazy\" decoding=\"async\" class=\"alignnone size-medium wp-image-7744\" alt=\"Bauer 05\" src=\"https:\/\/tanzen-weilheim.de\/cms\/wp-content\/uploads\/2017\/06\/Bauer-05-200x300.jpg\" width=\"200\" height=\"300\" srcset=\"https:\/\/tanzen-weilheim.de\/cms\/wp-content\/uploads\/2017\/06\/Bauer-05-200x300.jpg 200w, https:\/\/tanzen-weilheim.de\/cms\/wp-content\/uploads\/2017\/06\/Bauer-05-640x960.jpg 640w, https:\/\/tanzen-weilheim.de\/cms\/wp-content\/uploads\/2017\/06\/Bauer-05-1280x1920.jpg 1280w, https:\/\/tanzen-weilheim.de\/cms\/wp-content\/uploads\/2017\/06\/Bauer-05-768x1152.jpg 768w, https:\/\/tanzen-weilheim.de\/cms\/wp-content\/uploads\/2017\/06\/Bauer-05-683x1024.jpg 683w, https:\/\/tanzen-weilheim.de\/cms\/wp-content\/uploads\/2017\/06\/Bauer-05-400x600.jpg 400w, https:\/\/tanzen-weilheim.de\/cms\/wp-content\/uploads\/2017\/06\/Bauer-05-533x800.jpg 533w, https:\/\/tanzen-weilheim.de\/cms\/wp-content\/uploads\/2017\/06\/Bauer-05.jpg 2000w\" sizes=\"auto, (max-width: 200px) 100vw, 200px\" \/><\/a><\/p>\n<p>Diesen Aufstieg in die C-Klasse hatte die Tochter von Berthold und Valinja, Moana Bauer mit ihrem Partner Christopher Roth im April in Berlin geschafft (wir berichteten). Sie waren dann ebenfalls im Mai in Frankfurt bei \u201eHessen tanzt\u201c gestartet und mit einer gro\u00dfen Punkteausbeute und viel positiver Erfahrung heimgekommen und wollten nun in der C-Klasse der Alterskategorie Hauptgruppe erstmals im heimischen Bayern antreten. Und dabei sprang f\u00fcr die Beiden sofort ein Trepperlplatz heraus, n\u00e4mlich genauso wie bei den Eltern der 3. Platz! Die Beiden hatten vor ein paar Monaten im Training einiges umgestellt und nun sieht man den daraus resultierenden Erfolg! \u00a0Eine bessere Einstimmung auf die Landesmeisterschaften in dieser Klasse am 15.07.2017 in der Weilheimer Stadthalle ist kaum denkbar\u2026<\/p>\n<p><a href=\"https:\/\/tanzen-weilheim.de\/cms\/wp-content\/uploads\/2017\/06\/Roth-Bauer-10.jpg\"><img loading=\"lazy\" decoding=\"async\" class=\"alignnone size-medium wp-image-7734\" alt=\"Roth-Bauer 10\" src=\"https:\/\/tanzen-weilheim.de\/cms\/wp-content\/uploads\/2017\/06\/Roth-Bauer-10-300x119.jpg\" width=\"300\" height=\"119\" \/><\/a> <a href=\"https:\/\/tanzen-weilheim.de\/cms\/wp-content\/uploads\/2017\/06\/Roth-Bauer-12.jpg\"><img loading=\"lazy\" decoding=\"async\" class=\"alignnone size-medium wp-image-7735\" alt=\"Roth-Bauer 12\" src=\"https:\/\/tanzen-weilheim.de\/cms\/wp-content\/uploads\/2017\/06\/Roth-Bauer-12-172x300.jpg\" width=\"172\" height=\"300\" srcset=\"https:\/\/tanzen-weilheim.de\/cms\/wp-content\/uploads\/2017\/06\/Roth-Bauer-12-172x300.jpg 172w, https:\/\/tanzen-weilheim.de\/cms\/wp-content\/uploads\/2017\/06\/Roth-Bauer-12-551x960.jpg 551w, https:\/\/tanzen-weilheim.de\/cms\/wp-content\/uploads\/2017\/06\/Roth-Bauer-12-1102x1920.jpg 1102w, https:\/\/tanzen-weilheim.de\/cms\/wp-content\/uploads\/2017\/06\/Roth-Bauer-12-768x1339.jpg 768w, https:\/\/tanzen-weilheim.de\/cms\/wp-content\/uploads\/2017\/06\/Roth-Bauer-12-587x1024.jpg 587w, https:\/\/tanzen-weilheim.de\/cms\/wp-content\/uploads\/2017\/06\/Roth-Bauer-12-344x600.jpg 344w, https:\/\/tanzen-weilheim.de\/cms\/wp-content\/uploads\/2017\/06\/Roth-Bauer-12-459x800.jpg 459w, https:\/\/tanzen-weilheim.de\/cms\/wp-content\/uploads\/2017\/06\/Roth-Bauer-12.jpg 2000w\" sizes=\"auto, (max-width: 172px) 100vw, 172px\" \/><\/a><\/p>\n<p>Nach dem 7. Platz am Samstag wollten auch Dr. Michael und Monika Marschall am Sonntag nochmal angreifen und nach M\u00f6glichkeit dieses Ergebnis etwas verbessern. Und das gelang den Beiden, und wie! Sie tanzten mit viel Feuer und Energie und gewannen das Turnier souver\u00e4n! Das war der zweite Sieg der Beiden in dieser Leistungsklasse und die vierte aufstiegsrelevante Platzierung insgesamt. Jetzt fehlen nur noch drei Platzierungen und ungef\u00e4hr nochmal so viele Punkte, wie bisher erreicht, dann k\u00f6nnen die Beiden auch &#8211; vielleicht noch in 2017 \u2013 den Fokus auf den Aufstieg in die A-Klasse, die zweith\u00f6chste deutsche Leistungsklasse richten.<\/p>\n<p><a href=\"https:\/\/tanzen-weilheim.de\/cms\/wp-content\/uploads\/2017\/06\/Marschall-04a.jpg\"><img loading=\"lazy\" decoding=\"async\" class=\"alignnone size-medium wp-image-7740\" alt=\"Marschall 04a\" src=\"https:\/\/tanzen-weilheim.de\/cms\/wp-content\/uploads\/2017\/06\/Marschall-04a-225x300.jpg\" width=\"225\" height=\"300\" \/><\/a> <a href=\"https:\/\/tanzen-weilheim.de\/cms\/wp-content\/uploads\/2017\/06\/Marschall-11.jpg\"><img loading=\"lazy\" decoding=\"async\" class=\"alignnone size-medium wp-image-7741\" alt=\"Marschall 11\" src=\"https:\/\/tanzen-weilheim.de\/cms\/wp-content\/uploads\/2017\/06\/Marschall-11-225x300.jpg\" width=\"225\" height=\"300\" srcset=\"https:\/\/tanzen-weilheim.de\/cms\/wp-content\/uploads\/2017\/06\/Marschall-11-225x300.jpg 225w, https:\/\/tanzen-weilheim.de\/cms\/wp-content\/uploads\/2017\/06\/Marschall-11-720x960.jpg 720w, https:\/\/tanzen-weilheim.de\/cms\/wp-content\/uploads\/2017\/06\/Marschall-11-768x1024.jpg 768w, https:\/\/tanzen-weilheim.de\/cms\/wp-content\/uploads\/2017\/06\/Marschall-11-400x533.jpg 400w, https:\/\/tanzen-weilheim.de\/cms\/wp-content\/uploads\/2017\/06\/Marschall-11-600x800.jpg 600w, https:\/\/tanzen-weilheim.de\/cms\/wp-content\/uploads\/2017\/06\/Marschall-11.jpg 960w\" sizes=\"auto, (max-width: 225px) 100vw, 225px\" \/><\/a><\/p>\n<p><a href=\"https:\/\/tanzen-weilheim.de\/cms\/wp-content\/uploads\/2017\/06\/Marschall-13.jpg\"><img loading=\"lazy\" decoding=\"async\" class=\"alignnone size-medium wp-image-7742\" alt=\"Marschall 13\" src=\"https:\/\/tanzen-weilheim.de\/cms\/wp-content\/uploads\/2017\/06\/Marschall-13-300x145.jpg\" width=\"300\" height=\"145\" \/><\/a><\/p>\n<p>Die Abteilung gratuliert allen drei Paaren herzlich zu den tollen Ergebnissen!<\/p>\n<p>18.06.2017\/tk<\/p>\n","protected":false},"excerpt":{"rendered":"<p>Weilheim\/ Unterschlei\u00dfheim. Drei Weilheimer Paare hatten f\u00fcr insgesamt vier Turniere gemeldet bei den Oberbayerischen Pfingsttanzturnieren in Unterschlei\u00dfheim (wo es f\u00fcr Weilheimer Paare fast schon traditionell immer was zu holen gibt\u2026). Da\u00df dabei dann lauter Top-Ergebnisse und somit ein Top-Team-Ergebnis rauskam, das konnte man zwar hoffen, aber so etwas l\u00e4\u00dft sich auf keinen Fall planen. Umso [&hellip;]<\/p>\n","protected":false},"author":17,"featured_media":0,"comment_status":"open","ping_status":"open","sticky":false,"template":"","format":"standard","meta":{"_jetpack_memberships_contains_paid_content":false,"footnotes":""},"categories":[1],"tags":[],"class_list":["post-7732","post","type-post","status-publish","format-standard","hentry","category-allgemein"],"jetpack_featured_media_url":"","jetpack_sharing_enabled":true,"_links":{"self":[{"href":"https:\/\/tanzen-weilheim.de\/cms\/wp-json\/wp\/v2\/posts\/7732","targetHints":{"allow":["GET"]}}],"collection":[{"href":"https:\/\/tanzen-weilheim.de\/cms\/wp-json\/wp\/v2\/posts"}],"about":[{"href":"https:\/\/tanzen-weilheim.de\/cms\/wp-json\/wp\/v2\/types\/post"}],"author":[{"embeddable":true,"href":"https:\/\/tanzen-weilheim.de\/cms\/wp-json\/wp\/v2\/users\/17"}],"replies":[{"embeddable":true,"href":"https:\/\/tanzen-weilheim.de\/cms\/wp-json\/wp\/v2\/comments?post=7732"}],"version-history":[{"count":4,"href":"https:\/\/tanzen-weilheim.de\/cms\/wp-json\/wp\/v2\/posts\/7732\/revisions"}],"predecessor-version":[{"id":7739,"href":"https:\/\/tanzen-weilheim.de\/cms\/wp-json\/wp\/v2\/posts\/7732\/revisions\/7739"}],"wp:attachment":[{"href":"https:\/\/tanzen-weilheim.de\/cms\/wp-json\/wp\/v2\/media?parent=7732"}],"wp:term":[{"taxonomy":"category","embeddable":true,"href":"https:\/\/tanzen-weilheim.de\/cms\/wp-json\/wp\/v2\/categories?post=7732"},{"taxonomy":"post_tag","embeddable":true,"href":"https:\/\/tanzen-weilheim.de\/cms\/wp-json\/wp\/v2\/tags?post=7732"}],"curies":[{"name":"wp","href":"https:\/\/api.w.org\/{rel}","templated":true}]}}