{"id":7719,"date":"2017-06-18T17:45:52","date_gmt":"2017-06-18T15:45:52","guid":{"rendered":"http:\/\/tanzen-weilheim.de\/cms\/?p=7719"},"modified":"2017-06-21T14:04:45","modified_gmt":"2017-06-21T12:04:45","slug":"zwei-top-workshops-fur-latein-rudi-grabon-und-standard-thommy-ludke","status":"publish","type":"post","link":"https:\/\/tanzen-weilheim.de\/cms\/7719\/zwei-top-workshops-fur-latein-rudi-grabon-und-standard-thommy-ludke","title":{"rendered":"Zwei Top-Workshops f\u00fcr Latein (Rudi Grabon)  und Standard (Thommy L\u00fcdke)"},"content":{"rendered":"<p><b>Weilheim.<\/b> Die Pfingstferien sind in Bayern schon seit einigen Jahren fast mehr zur Hauptreise- und -Urlaubszeit geworden, als die Sommerferien. Trotzdem waren die angesetzten Workshops bestens besucht und haben auch bei den Paaren einen Super-Anklang gefunden! <!--more--><\/p>\n<p>Zun\u00e4chst war am Sonntag, den 11.06.2017 ein Latein-Workshop angesetzt zum Thema \u201eConnection\u201c, f\u00fcr den wir den Rudi Grabon gewinnen konnten. Nach gut gebuchten Privatstunden und einer Aufw\u00e4rmrunde zu Beginn des Workshops erl\u00e4uterte uns der Rudi sehr intensiv, was er unter dem Jahresthema \u201eConnection\u201c des DTV verstehen m\u00f6chte und veranschaulichte uns das\u00a0 h\u00f6chst kompetent \u00a0und kurzweilig an den T\u00e4nzen Rumba und Cha Cha Cha. Nachdem der Rudi dankenswerterweise auch in M\u00fcnchen Werbung f\u00fcr unseren Workshop gemacht hatte, nahmen sage und schreibe 16 Paare, zum Teil aus hohen und h\u00f6chsten Turnierklassen, an dieser Lecture teil. Der Rudi erl\u00e4uterte uns die Feinheiten der binnenk\u00f6rperlichen Bewegungs- und Muskulaturbeziehungen so gut und praxisnah, da\u00df wirklich f\u00fcr jeden Teilnehmer und jedes Turnierniveau hier etwas dabei war. Am Schlu\u00df waren alle restlos begeistert \u2013 f\u00fcr uns hei\u00dft das ganz klar, da\u00df wir das, wenn m\u00f6glich schon im Herbst, wiederholen sollten und werden.<\/p>\n<p><a href=\"https:\/\/tanzen-weilheim.de\/cms\/wp-content\/uploads\/2017\/06\/Grabon-01.jpg\"><img loading=\"lazy\" decoding=\"async\" class=\"alignnone size-medium wp-image-7720\" alt=\"Grabon 01\" src=\"https:\/\/tanzen-weilheim.de\/cms\/wp-content\/uploads\/2017\/06\/Grabon-01-300x146.jpg\" width=\"300\" height=\"146\" srcset=\"https:\/\/tanzen-weilheim.de\/cms\/wp-content\/uploads\/2017\/06\/Grabon-01-300x146.jpg 300w, https:\/\/tanzen-weilheim.de\/cms\/wp-content\/uploads\/2017\/06\/Grabon-01-960x468.jpg 960w, https:\/\/tanzen-weilheim.de\/cms\/wp-content\/uploads\/2017\/06\/Grabon-01-1920x936.jpg 1920w, https:\/\/tanzen-weilheim.de\/cms\/wp-content\/uploads\/2017\/06\/Grabon-01-768x375.jpg 768w, https:\/\/tanzen-weilheim.de\/cms\/wp-content\/uploads\/2017\/06\/Grabon-01-1024x499.jpg 1024w, https:\/\/tanzen-weilheim.de\/cms\/wp-content\/uploads\/2017\/06\/Grabon-01-400x195.jpg 400w, https:\/\/tanzen-weilheim.de\/cms\/wp-content\/uploads\/2017\/06\/Grabon-01-800x390.jpg 800w\" sizes=\"auto, (max-width: 300px) 100vw, 300px\" \/><\/a> <a href=\"https:\/\/tanzen-weilheim.de\/cms\/wp-content\/uploads\/2017\/06\/Grabon-02.jpg\"><img loading=\"lazy\" decoding=\"async\" class=\"alignnone size-medium wp-image-7721\" alt=\"Grabon 02\" src=\"https:\/\/tanzen-weilheim.de\/cms\/wp-content\/uploads\/2017\/06\/Grabon-02-300x221.jpg\" width=\"199\" height=\"147\" srcset=\"https:\/\/tanzen-weilheim.de\/cms\/wp-content\/uploads\/2017\/06\/Grabon-02-300x221.jpg 300w, https:\/\/tanzen-weilheim.de\/cms\/wp-content\/uploads\/2017\/06\/Grabon-02-960x708.jpg 960w, https:\/\/tanzen-weilheim.de\/cms\/wp-content\/uploads\/2017\/06\/Grabon-02-1920x1416.jpg 1920w, https:\/\/tanzen-weilheim.de\/cms\/wp-content\/uploads\/2017\/06\/Grabon-02-768x566.jpg 768w, https:\/\/tanzen-weilheim.de\/cms\/wp-content\/uploads\/2017\/06\/Grabon-02-1024x755.jpg 1024w, https:\/\/tanzen-weilheim.de\/cms\/wp-content\/uploads\/2017\/06\/Grabon-02-400x295.jpg 400w, https:\/\/tanzen-weilheim.de\/cms\/wp-content\/uploads\/2017\/06\/Grabon-02-800x590.jpg 800w\" sizes=\"auto, (max-width: 199px) 100vw, 199px\" \/><\/a> <a href=\"https:\/\/tanzen-weilheim.de\/cms\/wp-content\/uploads\/2017\/06\/Grabon-04.jpg\"><img loading=\"lazy\" decoding=\"async\" class=\"alignnone size-medium wp-image-7722\" alt=\"Grabon 04\" src=\"https:\/\/tanzen-weilheim.de\/cms\/wp-content\/uploads\/2017\/06\/Grabon-04-300x150.jpg\" width=\"300\" height=\"150\" srcset=\"https:\/\/tanzen-weilheim.de\/cms\/wp-content\/uploads\/2017\/06\/Grabon-04-300x150.jpg 300w, https:\/\/tanzen-weilheim.de\/cms\/wp-content\/uploads\/2017\/06\/Grabon-04-960x481.jpg 960w, https:\/\/tanzen-weilheim.de\/cms\/wp-content\/uploads\/2017\/06\/Grabon-04-1920x963.jpg 1920w, https:\/\/tanzen-weilheim.de\/cms\/wp-content\/uploads\/2017\/06\/Grabon-04-768x385.jpg 768w, https:\/\/tanzen-weilheim.de\/cms\/wp-content\/uploads\/2017\/06\/Grabon-04-1024x514.jpg 1024w, https:\/\/tanzen-weilheim.de\/cms\/wp-content\/uploads\/2017\/06\/Grabon-04-400x201.jpg 400w, https:\/\/tanzen-weilheim.de\/cms\/wp-content\/uploads\/2017\/06\/Grabon-04-800x401.jpg 800w\" sizes=\"auto, (max-width: 300px) 100vw, 300px\" \/><\/a> <a href=\"https:\/\/tanzen-weilheim.de\/cms\/wp-content\/uploads\/2017\/06\/Grabon-03.jpg\"><img loading=\"lazy\" decoding=\"async\" class=\"alignnone size-medium wp-image-7723\" alt=\"Grabon 03\" src=\"https:\/\/tanzen-weilheim.de\/cms\/wp-content\/uploads\/2017\/06\/Grabon-03-300x142.jpg\" width=\"509\" height=\"240\" \/><\/a><\/p>\n<p>Am Feiertag Fronleichnam war dann Standard an der Reihe. Als Thema hatten wir uns \u201eDrive in den Schwungt\u00e4nzen\u201c vorgenommen und dazu den Thommy L\u00fcdke als Trainer nach Weilheim eingeladen. Auch er hat uns dieses im normalen Trainingsbetrieb eher ungeliebte, weil doch im heutigen, sportlich orientierten Tanzen ziemlich komplexe Thema so anschaulich r\u00fcbergebracht und erkl\u00e4rt, da\u00df hier bei ganz vielen teilnehmenden Paaren so richtig h\u00f6rbar der Groschen gefallen ist. Aufbauend auf das Finden und Nutzen des Set-Points im Bewegungsbeginn konnte er &#8211; sp\u00fcrbar f\u00fcr alle \u2013 ein Verst\u00e4ndnis erzeugen, wie Drive \u00fcberhaupt m\u00f6glich ist und erzeugt werden kann. Das Ganze gew\u00fcrzt mit Bonmots und auflockernden Gags war schon eine Super-Sache und w\u00fcrde von allen teilnehmenden Paaren auch genauso beurteilt! Auch hier wurde deutlich der Wunsch nach Wiederholung bzw. Fortsetzung ge\u00e4u\u00dfert \u2013 f\u00fcr uns als Tanzsportabteilung auch wieder ein deutlicher Auftrag\u2026<\/p>\n<p><a href=\"https:\/\/tanzen-weilheim.de\/cms\/wp-content\/uploads\/2017\/06\/L\u00fcdke-011.jpg\"><img loading=\"lazy\" decoding=\"async\" class=\"alignnone size-medium wp-image-7781\" alt=\"L\u00fcdke-01\" src=\"https:\/\/tanzen-weilheim.de\/cms\/wp-content\/uploads\/2017\/06\/L\u00fcdke-011-300x256.jpg\" width=\"283\" height=\"242\" srcset=\"https:\/\/tanzen-weilheim.de\/cms\/wp-content\/uploads\/2017\/06\/L\u00fcdke-011-300x256.jpg 300w, https:\/\/tanzen-weilheim.de\/cms\/wp-content\/uploads\/2017\/06\/L\u00fcdke-011-960x820.jpg 960w, https:\/\/tanzen-weilheim.de\/cms\/wp-content\/uploads\/2017\/06\/L\u00fcdke-011-1920x1639.jpg 1920w, https:\/\/tanzen-weilheim.de\/cms\/wp-content\/uploads\/2017\/06\/L\u00fcdke-011-768x656.jpg 768w, https:\/\/tanzen-weilheim.de\/cms\/wp-content\/uploads\/2017\/06\/L\u00fcdke-011-1024x874.jpg 1024w, https:\/\/tanzen-weilheim.de\/cms\/wp-content\/uploads\/2017\/06\/L\u00fcdke-011-400x342.jpg 400w, https:\/\/tanzen-weilheim.de\/cms\/wp-content\/uploads\/2017\/06\/L\u00fcdke-011-800x683.jpg 800w\" sizes=\"auto, (max-width: 283px) 100vw, 283px\" \/><\/a>\u00a0 <a href=\"https:\/\/tanzen-weilheim.de\/cms\/wp-content\/uploads\/2017\/06\/L\u00fcdke-021.jpg\"><img loading=\"lazy\" decoding=\"async\" class=\"alignnone size-medium wp-image-7779\" alt=\"L\u00fcdke-02\" src=\"https:\/\/tanzen-weilheim.de\/cms\/wp-content\/uploads\/2017\/06\/L\u00fcdke-021-250x300.jpg\" width=\"182\" height=\"219\" srcset=\"https:\/\/tanzen-weilheim.de\/cms\/wp-content\/uploads\/2017\/06\/L\u00fcdke-021-250x300.jpg 250w, https:\/\/tanzen-weilheim.de\/cms\/wp-content\/uploads\/2017\/06\/L\u00fcdke-021-800x960.jpg 800w, https:\/\/tanzen-weilheim.de\/cms\/wp-content\/uploads\/2017\/06\/L\u00fcdke-021-768x921.jpg 768w, https:\/\/tanzen-weilheim.de\/cms\/wp-content\/uploads\/2017\/06\/L\u00fcdke-021-854x1024.jpg 854w, https:\/\/tanzen-weilheim.de\/cms\/wp-content\/uploads\/2017\/06\/L\u00fcdke-021-400x480.jpg 400w, https:\/\/tanzen-weilheim.de\/cms\/wp-content\/uploads\/2017\/06\/L\u00fcdke-021-667x800.jpg 667w, https:\/\/tanzen-weilheim.de\/cms\/wp-content\/uploads\/2017\/06\/L\u00fcdke-021.jpg 1223w\" sizes=\"auto, (max-width: 182px) 100vw, 182px\" \/><\/a><\/p>\n<p><a href=\"https:\/\/tanzen-weilheim.de\/cms\/wp-content\/uploads\/2017\/06\/L\u00fcdke-03.jpg\"><img loading=\"lazy\" decoding=\"async\" class=\"alignnone size-medium wp-image-7729\" alt=\"L\u00fcdke 03\" src=\"https:\/\/tanzen-weilheim.de\/cms\/wp-content\/uploads\/2017\/06\/L\u00fcdke-03-300x159.jpg\" width=\"300\" height=\"159\" \/><\/a> <a href=\"https:\/\/tanzen-weilheim.de\/cms\/wp-content\/uploads\/2017\/06\/L\u00fcdke-04.jpg\"><img loading=\"lazy\" decoding=\"async\" class=\"alignnone size-medium wp-image-7730\" alt=\"L\u00fcdke 04\" src=\"https:\/\/tanzen-weilheim.de\/cms\/wp-content\/uploads\/2017\/06\/L\u00fcdke-04-300x168.jpg\" width=\"300\" height=\"168\" srcset=\"https:\/\/tanzen-weilheim.de\/cms\/wp-content\/uploads\/2017\/06\/L\u00fcdke-04-300x168.jpg 300w, https:\/\/tanzen-weilheim.de\/cms\/wp-content\/uploads\/2017\/06\/L\u00fcdke-04-960x538.jpg 960w, https:\/\/tanzen-weilheim.de\/cms\/wp-content\/uploads\/2017\/06\/L\u00fcdke-04-1920x1076.jpg 1920w, https:\/\/tanzen-weilheim.de\/cms\/wp-content\/uploads\/2017\/06\/L\u00fcdke-04-768x430.jpg 768w, https:\/\/tanzen-weilheim.de\/cms\/wp-content\/uploads\/2017\/06\/L\u00fcdke-04-400x224.jpg 400w, https:\/\/tanzen-weilheim.de\/cms\/wp-content\/uploads\/2017\/06\/L\u00fcdke-04-800x448.jpg 800w, https:\/\/tanzen-weilheim.de\/cms\/wp-content\/uploads\/2017\/06\/L\u00fcdke-04-1024x574.jpg 1024w\" sizes=\"auto, (max-width: 300px) 100vw, 300px\" \/><\/a><\/p>\n<p>Es zeigt sich, da\u00df der seit Jahresbeginn eingeschlagene Weg der F\u00f6rderung unserer eigenen Turnierpaare, aber auch der gern gesehenen Gastpaare genau der richtige ist. Wir werden auch weiterhin entsprechende hochqualitative Workshops planen. Ich m\u00f6chte an dieser Stelle aber auch ganz herzlich Dankesch\u00f6n sagen unserem F\u00f6rderverein, dem \u201eVerein zur F\u00f6rderung des Tanzsports im Raum Weilheim e.V.\u201c, f\u00fcr die Finanzierung dieser Workshop-Reihe!<\/p>\n<p>Alles in allem waren das trotz des tollen, sommerlichen Wetters zwei hervorragende Trainingstage mit tollen, hochqualitativen Inputs! Sch\u00f6n ist dabei auch, da\u00df unsere Workshop-Angebote immer mehr auch von externen Paaren besucht werden, was solche Veranstaltungen immer bereichert und den Austausch unter den Paaren bef\u00f6rdert.<\/p>\n<p>17.06.2017\/tk<\/p>\n","protected":false},"excerpt":{"rendered":"<p>Weilheim. Die Pfingstferien sind in Bayern schon seit einigen Jahren fast mehr zur Hauptreise- und -Urlaubszeit geworden, als die Sommerferien. Trotzdem waren die angesetzten Workshops bestens besucht und haben auch bei den Paaren einen Super-Anklang gefunden!<\/p>\n","protected":false},"author":17,"featured_media":0,"comment_status":"open","ping_status":"open","sticky":false,"template":"","format":"standard","meta":{"_jetpack_memberships_contains_paid_content":false,"footnotes":""},"categories":[1],"tags":[],"class_list":["post-7719","post","type-post","status-publish","format-standard","hentry","category-allgemein"],"jetpack_featured_media_url":"","jetpack_sharing_enabled":true,"_links":{"self":[{"href":"https:\/\/tanzen-weilheim.de\/cms\/wp-json\/wp\/v2\/posts\/7719","targetHints":{"allow":["GET"]}}],"collection":[{"href":"https:\/\/tanzen-weilheim.de\/cms\/wp-json\/wp\/v2\/posts"}],"about":[{"href":"https:\/\/tanzen-weilheim.de\/cms\/wp-json\/wp\/v2\/types\/post"}],"author":[{"embeddable":true,"href":"https:\/\/tanzen-weilheim.de\/cms\/wp-json\/wp\/v2\/users\/17"}],"replies":[{"embeddable":true,"href":"https:\/\/tanzen-weilheim.de\/cms\/wp-json\/wp\/v2\/comments?post=7719"}],"version-history":[{"count":6,"href":"https:\/\/tanzen-weilheim.de\/cms\/wp-json\/wp\/v2\/posts\/7719\/revisions"}],"predecessor-version":[{"id":7726,"href":"https:\/\/tanzen-weilheim.de\/cms\/wp-json\/wp\/v2\/posts\/7719\/revisions\/7726"}],"wp:attachment":[{"href":"https:\/\/tanzen-weilheim.de\/cms\/wp-json\/wp\/v2\/media?parent=7719"}],"wp:term":[{"taxonomy":"category","embeddable":true,"href":"https:\/\/tanzen-weilheim.de\/cms\/wp-json\/wp\/v2\/categories?post=7719"},{"taxonomy":"post_tag","embeddable":true,"href":"https:\/\/tanzen-weilheim.de\/cms\/wp-json\/wp\/v2\/tags?post=7719"}],"curies":[{"name":"wp","href":"https:\/\/api.w.org\/{rel}","templated":true}]}}