{"id":7623,"date":"2017-05-10T22:02:19","date_gmt":"2017-05-10T20:02:19","guid":{"rendered":"http:\/\/tanzen-weilheim.de\/cms\/?p=7623"},"modified":"2017-08-31T20:52:37","modified_gmt":"2017-08-31T18:52:37","slug":"salsa-workshop-fortgeschrittene","status":"publish","type":"post","link":"https:\/\/tanzen-weilheim.de\/cms\/7623\/salsa-workshop-fortgeschrittene","title":{"rendered":"Salsa-Workshop, Fortgeschrittene AS"},"content":{"rendered":"<p><span style=\"color: #800080;\"><strong><span style=\"font-size: 18px;\">Salsa-Workshop f\u00fcr Fortgeschrittene<\/span><\/strong><\/span><\/p>\n<p>unter der Leitung von Petra und Sven<\/p>\n<p><span style=\"color: #800080;\">Ort:<\/span> Turnhalle der Ammerschule Weilheim<\/p>\n<p><img decoding=\"async\" alt=\"\" src=\"webkit-fake-url:\/\/ac03bcb5-654c-48a2-971e-24772eb80f51\/imagejpeg\" \/><\/p>\n<p>Der Workshop ist f\u00fcr Mitglieder der TSA kostenfrei &#8211; G\u00e4ste sind herzlich willkommen.<\/p>\n<p>weiter Informationen unter: stellv-abteilungsleiter@tanzen-weilheim.de<\/p>\n<p>&nbsp;<\/p>\n<p>&nbsp;<\/p>\n<p>&nbsp;<\/p>\n","protected":false},"excerpt":{"rendered":"<p>Salsa-Workshop f\u00fcr Fortgeschrittene unter der Leitung von Petra und Sven Ort: Turnhalle der Ammerschule Weilheim Der Workshop ist f\u00fcr Mitglieder der TSA kostenfrei &#8211; G\u00e4ste sind herzlich willkommen. weiter Informationen unter: stellv-abteilungsleiter@tanzen-weilheim.de &nbsp; &nbsp; &nbsp;<\/p>\n","protected":false},"author":12,"featured_media":0,"comment_status":"open","ping_status":"open","sticky":false,"template":"","format":"standard","meta":{"_jetpack_memberships_contains_paid_content":false,"footnotes":""},"categories":[3],"tags":[],"class_list":["post-7623","post","type-post","status-publish","format-standard","hentry","category-termine"],"jetpack_featured_media_url":"","jetpack_sharing_enabled":true,"_links":{"self":[{"href":"https:\/\/tanzen-weilheim.de\/cms\/wp-json\/wp\/v2\/posts\/7623","targetHints":{"allow":["GET"]}}],"collection":[{"href":"https:\/\/tanzen-weilheim.de\/cms\/wp-json\/wp\/v2\/posts"}],"about":[{"href":"https:\/\/tanzen-weilheim.de\/cms\/wp-json\/wp\/v2\/types\/post"}],"author":[{"embeddable":true,"href":"https:\/\/tanzen-weilheim.de\/cms\/wp-json\/wp\/v2\/users\/12"}],"replies":[{"embeddable":true,"href":"https:\/\/tanzen-weilheim.de\/cms\/wp-json\/wp\/v2\/comments?post=7623"}],"version-history":[{"count":9,"href":"https:\/\/tanzen-weilheim.de\/cms\/wp-json\/wp\/v2\/posts\/7623\/revisions"}],"predecessor-version":[{"id":7772,"href":"https:\/\/tanzen-weilheim.de\/cms\/wp-json\/wp\/v2\/posts\/7623\/revisions\/7772"}],"wp:attachment":[{"href":"https:\/\/tanzen-weilheim.de\/cms\/wp-json\/wp\/v2\/media?parent=7623"}],"wp:term":[{"taxonomy":"category","embeddable":true,"href":"https:\/\/tanzen-weilheim.de\/cms\/wp-json\/wp\/v2\/categories?post=7623"},{"taxonomy":"post_tag","embeddable":true,"href":"https:\/\/tanzen-weilheim.de\/cms\/wp-json\/wp\/v2\/tags?post=7623"}],"curies":[{"name":"wp","href":"https:\/\/api.w.org\/{rel}","templated":true}]}}