{"id":7619,"date":"2017-05-10T22:00:21","date_gmt":"2017-05-10T20:00:21","guid":{"rendered":"http:\/\/tanzen-weilheim.de\/cms\/?p=7619"},"modified":"2017-08-31T20:50:15","modified_gmt":"2017-08-31T18:50:15","slug":"salsa-workshop-anfanger-2","status":"publish","type":"post","link":"https:\/\/tanzen-weilheim.de\/cms\/7619\/salsa-workshop-anfanger-2","title":{"rendered":"Salsa-Workshop Anf\u00e4nger AS"},"content":{"rendered":"<p><strong><span style=\"font-size: 18px; color: #008000;\">Salsa-Workshop f\u00fcr Anf\u00e4nger<\/span><\/strong><\/p>\n<p>unter der Leitung von Petra und Sven<\/p>\n<p>Ort: Turnhalle der Ammerschule Weilheim<\/p>\n<p><img decoding=\"async\" alt=\"\" src=\"webkit-fake-url:\/\/8f7baee4-a971-404c-b1ff-e998c42186e5\/imagejpeg\" \/><\/p>\n<p>Der Workshop ist f\u00fcr Mitglieder der TSA kostenfrei &#8211; G\u00e4ste sind herzlich willkommen.<\/p>\n<p>weiter Informationen unter: stellv-abteilungsleiter@tanzen-weilheim.de<\/p>\n<p>&nbsp;<\/p>\n<p>&nbsp;<\/p>\n<p>&nbsp;<\/p>\n","protected":false},"excerpt":{"rendered":"<p>Salsa-Workshop f\u00fcr Anf\u00e4nger unter der Leitung von Petra und Sven Ort: Turnhalle der Ammerschule Weilheim Der Workshop ist f\u00fcr Mitglieder der TSA kostenfrei &#8211; G\u00e4ste sind herzlich willkommen. weiter Informationen unter: stellv-abteilungsleiter@tanzen-weilheim.de &nbsp; &nbsp; &nbsp;<\/p>\n","protected":false},"author":12,"featured_media":0,"comment_status":"open","ping_status":"open","sticky":false,"template":"","format":"standard","meta":{"_jetpack_memberships_contains_paid_content":false,"footnotes":""},"categories":[3],"tags":[],"class_list":["post-7619","post","type-post","status-publish","format-standard","hentry","category-termine"],"jetpack_featured_media_url":"","jetpack_sharing_enabled":true,"_links":{"self":[{"href":"https:\/\/tanzen-weilheim.de\/cms\/wp-json\/wp\/v2\/posts\/7619","targetHints":{"allow":["GET"]}}],"collection":[{"href":"https:\/\/tanzen-weilheim.de\/cms\/wp-json\/wp\/v2\/posts"}],"about":[{"href":"https:\/\/tanzen-weilheim.de\/cms\/wp-json\/wp\/v2\/types\/post"}],"author":[{"embeddable":true,"href":"https:\/\/tanzen-weilheim.de\/cms\/wp-json\/wp\/v2\/users\/12"}],"replies":[{"embeddable":true,"href":"https:\/\/tanzen-weilheim.de\/cms\/wp-json\/wp\/v2\/comments?post=7619"}],"version-history":[{"count":5,"href":"https:\/\/tanzen-weilheim.de\/cms\/wp-json\/wp\/v2\/posts\/7619\/revisions"}],"predecessor-version":[{"id":8203,"href":"https:\/\/tanzen-weilheim.de\/cms\/wp-json\/wp\/v2\/posts\/7619\/revisions\/8203"}],"wp:attachment":[{"href":"https:\/\/tanzen-weilheim.de\/cms\/wp-json\/wp\/v2\/media?parent=7619"}],"wp:term":[{"taxonomy":"category","embeddable":true,"href":"https:\/\/tanzen-weilheim.de\/cms\/wp-json\/wp\/v2\/categories?post=7619"},{"taxonomy":"post_tag","embeddable":true,"href":"https:\/\/tanzen-weilheim.de\/cms\/wp-json\/wp\/v2\/tags?post=7619"}],"curies":[{"name":"wp","href":"https:\/\/api.w.org\/{rel}","templated":true}]}}