{"id":7509,"date":"2017-05-02T17:35:08","date_gmt":"2017-05-02T15:35:08","guid":{"rendered":"http:\/\/tanzen-weilheim.de\/cms\/?p=7509"},"modified":"2017-05-04T16:38:26","modified_gmt":"2017-05-04T14:38:26","slug":"ein-richtig-guter-posen-workshop-mit-peter-schramm","status":"publish","type":"post","link":"https:\/\/tanzen-weilheim.de\/cms\/7509\/ein-richtig-guter-posen-workshop-mit-peter-schramm","title":{"rendered":"Ein richtig guter Posen-Workshop mit Peter Schramm"},"content":{"rendered":"<p><b>Weilheim.<\/b> Ein 1. Mai mit Regenwetter l\u00e4dt nicht gerade in die Natur ein. Wie gut, wenn man stattdessen sich t\u00e4nzerisch fortbilden kann! Und noch besser, wenn man einen F\u00f6rderverein in der Hinterhand hat, der dann freudig und gerne und dankenswerterweise solche Workshops finanziell erm\u00f6glicht!<!--more--><\/p>\n<p>Die Tanzsportabteilung (TSA) des TSV 1847 Weilheim e.V. konnte den in Weilheim durch sein langj\u00e4hriges, hervorragendes Traineramt bestens bekannten Top-Trainer Peter Schramm gewinnen, am Maifeiertag einen Workshop f\u00fcr die Standardpaare der Abteilung durchzuf\u00fchren. Schon ab dem fr\u00fchen Nachmittag bestand die &#8211; gut genutzte \u2013 M\u00f6glichkeit zu Privatstunden, bevor Peter Schramm dann zun\u00e4chst die in gro\u00dfer Zahl anwesenden Paare in die \u201eGeheimnisse\u201c des diesj\u00e4hrigen Jahresthemas des Deutschen Tanzsportverbandes, n\u00e4mlich \u201eConnection\u201c einf\u00fchrte. Connection bedeutet ja Verbindung und besagt, da\u00df die K\u00f6rper der beiden Partner \u201everbunden\u201c sein sollen, damit aus den zwei Partnern eine Einheit, also das \u201ePaar\u201c schlechthin werden kann. Aus dieser von unten aufgebauten Verbindung heraus gelang ihm dann in hervorragender Weise der \u00dcbergang zu den im h\u00f6herklassigen Tanzsport ben\u00f6tigten Posen, die nur dann gut aussehen, wenn sie eben als \u201ePaar\u201c, also in Harmonie und mit eben dieser Verbindung getanzt werden. Er ging diesmal insbesondere auf die linksseitigen Posen wie Oversway, Throwaway, Hinch, und Left Whisk ein und erkl\u00e4rte zudem auch noch eine sogar in D und C erlaubte Pose, das sog. Hover Cort\u00e9, das ebenfalls auf gro\u00dfes Interesse stie\u00df. Auch auf die n\u00f6tigen Posenausg\u00e4nge, entsprechend dem Leistungsniveau des Paares z.B. klassisch in Promenaden oder als Hover Telemark,\u00a0 legte er gro\u00dfen Wert. Nicht zuletzt, da unsere TSA in den vergangenen zw\u00f6lf Monaten durch Aufstiege erfreulicherweise doch einige neue B-Klassen-Paare bekommen hatte, haben sich die anderthalb Stunden zu den Posen wirklich super gelohnt; entsprechend war der Applaus am Schlu\u00df f\u00fcr den Peter auch sehr gro\u00df und es wurde nachdr\u00fccklich seitens der Paare eine Fortsetzung, dann zu den rechtslastigen Posen, f\u00fcr den Herbst angesprochen\u2026<\/p>\n<p><a href=\"https:\/\/tanzen-weilheim.de\/cms\/wp-content\/uploads\/2017\/05\/0001.jpg\"><img loading=\"lazy\" decoding=\"async\" class=\"alignnone size-medium wp-image-7510\" alt=\"0001\" src=\"https:\/\/tanzen-weilheim.de\/cms\/wp-content\/uploads\/2017\/05\/0001-300x158.jpg\" width=\"300\" height=\"158\" srcset=\"https:\/\/tanzen-weilheim.de\/cms\/wp-content\/uploads\/2017\/05\/0001-300x158.jpg 300w, https:\/\/tanzen-weilheim.de\/cms\/wp-content\/uploads\/2017\/05\/0001-960x507.jpg 960w, https:\/\/tanzen-weilheim.de\/cms\/wp-content\/uploads\/2017\/05\/0001-1920x1014.jpg 1920w, https:\/\/tanzen-weilheim.de\/cms\/wp-content\/uploads\/2017\/05\/0001-768x406.jpg 768w, https:\/\/tanzen-weilheim.de\/cms\/wp-content\/uploads\/2017\/05\/0001-1024x541.jpg 1024w, https:\/\/tanzen-weilheim.de\/cms\/wp-content\/uploads\/2017\/05\/0001-400x211.jpg 400w, https:\/\/tanzen-weilheim.de\/cms\/wp-content\/uploads\/2017\/05\/0001-800x422.jpg 800w\" sizes=\"auto, (max-width: 300px) 100vw, 300px\" \/><\/a><a href=\"https:\/\/tanzen-weilheim.de\/cms\/wp-content\/uploads\/2017\/05\/0002.jpg\"><img loading=\"lazy\" decoding=\"async\" class=\"alignnone size-medium wp-image-7511\" alt=\"0002\" src=\"https:\/\/tanzen-weilheim.de\/cms\/wp-content\/uploads\/2017\/05\/0002-300x159.jpg\" width=\"300\" height=\"159\" srcset=\"https:\/\/tanzen-weilheim.de\/cms\/wp-content\/uploads\/2017\/05\/0002-300x159.jpg 300w, https:\/\/tanzen-weilheim.de\/cms\/wp-content\/uploads\/2017\/05\/0002-960x510.jpg 960w, https:\/\/tanzen-weilheim.de\/cms\/wp-content\/uploads\/2017\/05\/0002-1920x1021.jpg 1920w, https:\/\/tanzen-weilheim.de\/cms\/wp-content\/uploads\/2017\/05\/0002-768x408.jpg 768w, https:\/\/tanzen-weilheim.de\/cms\/wp-content\/uploads\/2017\/05\/0002-1024x544.jpg 1024w, https:\/\/tanzen-weilheim.de\/cms\/wp-content\/uploads\/2017\/05\/0002-400x213.jpg 400w, https:\/\/tanzen-weilheim.de\/cms\/wp-content\/uploads\/2017\/05\/0002-800x425.jpg 800w\" sizes=\"auto, (max-width: 300px) 100vw, 300px\" \/><\/a><\/p>\n<p><a href=\"https:\/\/tanzen-weilheim.de\/cms\/wp-content\/uploads\/2017\/05\/0003.jpg\"><img loading=\"lazy\" decoding=\"async\" class=\"alignnone size-medium wp-image-7512\" alt=\"0003\" src=\"https:\/\/tanzen-weilheim.de\/cms\/wp-content\/uploads\/2017\/05\/0003-300x97.jpg\" width=\"602\" height=\"193\" \/><\/a><\/p>\n<p>Im Anschlu\u00df daran &#8211; quasi zum Cool down \u2013 erfolgte unter der Leitung von Gaby Schweiger-Koterba noch eine Stunde intensive K\u00f6rperarbeit in Form eines speziellen Pilates f\u00fcr T\u00e4nzer, was ebenfalls gro\u00dfen Anklang fand und sehr gut tat. Auch hier kamen deutliche Anfragen aus der Teilnehmerschaft, dieses Angebot doch zu verstetigen.<\/p>\n<p><a href=\"https:\/\/tanzen-weilheim.de\/cms\/wp-content\/uploads\/2017\/05\/0004.jpg\"><img loading=\"lazy\" decoding=\"async\" class=\"alignnone size-medium wp-image-7513\" alt=\"0004\" src=\"https:\/\/tanzen-weilheim.de\/cms\/wp-content\/uploads\/2017\/05\/0004-300x84.jpg\" width=\"466\" height=\"130\" srcset=\"https:\/\/tanzen-weilheim.de\/cms\/wp-content\/uploads\/2017\/05\/0004-300x84.jpg 300w, https:\/\/tanzen-weilheim.de\/cms\/wp-content\/uploads\/2017\/05\/0004-960x269.jpg 960w, https:\/\/tanzen-weilheim.de\/cms\/wp-content\/uploads\/2017\/05\/0004-1920x538.jpg 1920w, https:\/\/tanzen-weilheim.de\/cms\/wp-content\/uploads\/2017\/05\/0004-768x215.jpg 768w, https:\/\/tanzen-weilheim.de\/cms\/wp-content\/uploads\/2017\/05\/0004-400x112.jpg 400w, https:\/\/tanzen-weilheim.de\/cms\/wp-content\/uploads\/2017\/05\/0004-800x224.jpg 800w, https:\/\/tanzen-weilheim.de\/cms\/wp-content\/uploads\/2017\/05\/0004-1024x287.jpg 1024w\" sizes=\"auto, (max-width: 466px) 100vw, 466px\" \/><\/a><\/p>\n<p>Alles in allem war das trotz (oder vielleicht gerade wegen?) des schlechten Wetters eine toller Trainingstag mit tollen, hochqualitativen Inputs! Sch\u00f6n ist dabei auch, da\u00df unsere Workshop-Angebote immer mehr auch von externen Paaren besucht werden, was solche Veranstaltungen immer bereichert und den Austausch unter den Paaren bef\u00f6rdert.<\/p>\n<p>02.05.2017\/tk<\/p>\n<p>&nbsp;<\/p>\n","protected":false},"excerpt":{"rendered":"<p>Weilheim. Ein 1. Mai mit Regenwetter l\u00e4dt nicht gerade in die Natur ein. Wie gut, wenn man stattdessen sich t\u00e4nzerisch fortbilden kann! Und noch besser, wenn man einen F\u00f6rderverein in der Hinterhand hat, der dann freudig und gerne und dankenswerterweise solche Workshops finanziell erm\u00f6glicht!<\/p>\n","protected":false},"author":17,"featured_media":0,"comment_status":"open","ping_status":"open","sticky":false,"template":"","format":"standard","meta":{"_jetpack_memberships_contains_paid_content":false,"footnotes":""},"categories":[1],"tags":[],"class_list":["post-7509","post","type-post","status-publish","format-standard","hentry","category-allgemein"],"jetpack_featured_media_url":"","jetpack_sharing_enabled":true,"_links":{"self":[{"href":"https:\/\/tanzen-weilheim.de\/cms\/wp-json\/wp\/v2\/posts\/7509","targetHints":{"allow":["GET"]}}],"collection":[{"href":"https:\/\/tanzen-weilheim.de\/cms\/wp-json\/wp\/v2\/posts"}],"about":[{"href":"https:\/\/tanzen-weilheim.de\/cms\/wp-json\/wp\/v2\/types\/post"}],"author":[{"embeddable":true,"href":"https:\/\/tanzen-weilheim.de\/cms\/wp-json\/wp\/v2\/users\/17"}],"replies":[{"embeddable":true,"href":"https:\/\/tanzen-weilheim.de\/cms\/wp-json\/wp\/v2\/comments?post=7509"}],"version-history":[{"count":3,"href":"https:\/\/tanzen-weilheim.de\/cms\/wp-json\/wp\/v2\/posts\/7509\/revisions"}],"predecessor-version":[{"id":7522,"href":"https:\/\/tanzen-weilheim.de\/cms\/wp-json\/wp\/v2\/posts\/7509\/revisions\/7522"}],"wp:attachment":[{"href":"https:\/\/tanzen-weilheim.de\/cms\/wp-json\/wp\/v2\/media?parent=7509"}],"wp:term":[{"taxonomy":"category","embeddable":true,"href":"https:\/\/tanzen-weilheim.de\/cms\/wp-json\/wp\/v2\/categories?post=7509"},{"taxonomy":"post_tag","embeddable":true,"href":"https:\/\/tanzen-weilheim.de\/cms\/wp-json\/wp\/v2\/tags?post=7509"}],"curies":[{"name":"wp","href":"https:\/\/api.w.org\/{rel}","templated":true}]}}