{"id":7507,"date":"2017-05-02T17:16:58","date_gmt":"2017-05-02T15:16:58","guid":{"rendered":"http:\/\/tanzen-weilheim.de\/cms\/?p=7507"},"modified":"2017-05-02T17:16:58","modified_gmt":"2017-05-02T15:16:58","slug":"berthold-valinja-bauer-tanzen-sich-auf-den-3-platz-in-konigsbrunn","status":"publish","type":"post","link":"https:\/\/tanzen-weilheim.de\/cms\/7507\/berthold-valinja-bauer-tanzen-sich-auf-den-3-platz-in-konigsbrunn","title":{"rendered":"Berthold &#038; Valinja Bauer tanzen sich auf den 3. Platz in K\u00f6nigsbrunn"},"content":{"rendered":"<p><b>Weilheim\/K\u00f6nigsbrunn<\/b>. Und wieder holt ein Paar der Tanzsportabteilung (TSA) des TSV 1847 Weilheim e.V. eine hervorragende Platzierung. <!--more--><\/p>\n<p>Schon seit Herbst letzten Jahres tanzen sich Berthold und Valinja Bauer mit sch\u00f6ner Regelm\u00e4\u00dfigkeit in die Finals der Turniere der Altersgruppe Senioren III in der Leistungsklasse D-Standard. Letztes Wochenende fuhren sie ins benachbarte K\u00f6nigsbrunn bei Augsburg und nahmen dort an den Turnieren des \u201eSeniorenwochenendes\u201c teil; und das mit wirklich guten Erfolg!<\/p>\n<p><a href=\"https:\/\/tanzen-weilheim.de\/cms\/wp-content\/uploads\/2017\/04\/Bauer-04.jpg\"><img loading=\"lazy\" decoding=\"async\" class=\"alignnone size-medium wp-image-7148\" alt=\"Bauer 04\" src=\"https:\/\/tanzen-weilheim.de\/cms\/wp-content\/uploads\/2017\/04\/Bauer-04-200x300.jpg\" width=\"200\" height=\"300\" srcset=\"https:\/\/tanzen-weilheim.de\/cms\/wp-content\/uploads\/2017\/04\/Bauer-04-200x300.jpg 200w, https:\/\/tanzen-weilheim.de\/cms\/wp-content\/uploads\/2017\/04\/Bauer-04-640x960.jpg 640w, https:\/\/tanzen-weilheim.de\/cms\/wp-content\/uploads\/2017\/04\/Bauer-04-1280x1920.jpg 1280w, https:\/\/tanzen-weilheim.de\/cms\/wp-content\/uploads\/2017\/04\/Bauer-04-768x1152.jpg 768w, https:\/\/tanzen-weilheim.de\/cms\/wp-content\/uploads\/2017\/04\/Bauer-04-683x1024.jpg 683w, https:\/\/tanzen-weilheim.de\/cms\/wp-content\/uploads\/2017\/04\/Bauer-04-400x600.jpg 400w, https:\/\/tanzen-weilheim.de\/cms\/wp-content\/uploads\/2017\/04\/Bauer-04-533x800.jpg 533w, https:\/\/tanzen-weilheim.de\/cms\/wp-content\/uploads\/2017\/04\/Bauer-04.jpg 2000w\" sizes=\"auto, (max-width: 200px) 100vw, 200px\" \/><a href=\"https:\/\/tanzen-weilheim.de\/cms\/wp-content\/uploads\/2016\/09\/Bauer-02.jpg\"><img loading=\"lazy\" decoding=\"async\" class=\"alignnone size-medium wp-image-6241\" alt=\"Bauer 02\" src=\"https:\/\/tanzen-weilheim.de\/cms\/wp-content\/uploads\/2016\/09\/Bauer-02-165x300.jpg\" width=\"165\" height=\"300\" srcset=\"https:\/\/tanzen-weilheim.de\/cms\/wp-content\/uploads\/2016\/09\/Bauer-02-165x300.jpg 165w, https:\/\/tanzen-weilheim.de\/cms\/wp-content\/uploads\/2016\/09\/Bauer-02-529x960.jpg 529w, https:\/\/tanzen-weilheim.de\/cms\/wp-content\/uploads\/2016\/09\/Bauer-02-1057x1920.jpg 1057w, https:\/\/tanzen-weilheim.de\/cms\/wp-content\/uploads\/2016\/09\/Bauer-02-768x1395.jpg 768w, https:\/\/tanzen-weilheim.de\/cms\/wp-content\/uploads\/2016\/09\/Bauer-02-564x1024.jpg 564w, https:\/\/tanzen-weilheim.de\/cms\/wp-content\/uploads\/2016\/09\/Bauer-02-330x600.jpg 330w, https:\/\/tanzen-weilheim.de\/cms\/wp-content\/uploads\/2016\/09\/Bauer-02-441x800.jpg 441w, https:\/\/tanzen-weilheim.de\/cms\/wp-content\/uploads\/2016\/09\/Bauer-02.jpg 1140w\" sizes=\"auto, (max-width: 165px) 100vw, 165px\" \/><\/a><\/a><\/p>\n<p>In ihrer Altersklasse tanzten die Beiden souver\u00e4n und routiniert durch die Vorrunde ins Finale der besten sechs Paare vor. Hier holten sie sich mit dem dritten Rang erneut einen Podestplatz, nur sehr knapp am zweiten Platz vorbei. Sie versuchten sich danach dann auch noch in der n\u00e4chstj\u00fcngeren Altersklasse der Senioren II, in dem die Paare im Durchschnitt ca. zehn Jahre j\u00fcnger sind. Auch hier agierten sie mit Bravour und erreichten mit dem siebten Platz ein \u00e4u\u00dferst respektables Ergebnis; nur ein einziges kleines Kreuzchen fehlte zum erneuten Erreichen des Finales.<\/p>\n<p>Von den erforderlichen sieben Platzierungen, die zum Aufstieg in die n\u00e4chsth\u00f6here Leistungsklasse C n\u00f6tig sind, haben die Beiden nun schon sechs erreicht; die letzte noch offene Platzierung d\u00fcrfte dann nur noch eine Frage der Zeit sein. Aufgrund der in Bayern tendenziell kleineren Startfelder fehlen Berthold &amp; Valinja allerdings noch einige Punkte zum tats\u00e4chlichen Aufstieg.<\/p>\n<p>Herzliche Gratulation der Abteilung an Berthold &amp; Valinja!<\/p>\n<p>02.05.2017\/tk<\/p>\n","protected":false},"excerpt":{"rendered":"<p>Weilheim\/K\u00f6nigsbrunn. Und wieder holt ein Paar der Tanzsportabteilung (TSA) des TSV 1847 Weilheim e.V. eine hervorragende Platzierung.<\/p>\n","protected":false},"author":17,"featured_media":0,"comment_status":"open","ping_status":"open","sticky":false,"template":"","format":"standard","meta":{"_jetpack_memberships_contains_paid_content":false,"footnotes":""},"categories":[1],"tags":[],"class_list":["post-7507","post","type-post","status-publish","format-standard","hentry","category-allgemein"],"jetpack_featured_media_url":"","jetpack_sharing_enabled":true,"_links":{"self":[{"href":"https:\/\/tanzen-weilheim.de\/cms\/wp-json\/wp\/v2\/posts\/7507","targetHints":{"allow":["GET"]}}],"collection":[{"href":"https:\/\/tanzen-weilheim.de\/cms\/wp-json\/wp\/v2\/posts"}],"about":[{"href":"https:\/\/tanzen-weilheim.de\/cms\/wp-json\/wp\/v2\/types\/post"}],"author":[{"embeddable":true,"href":"https:\/\/tanzen-weilheim.de\/cms\/wp-json\/wp\/v2\/users\/17"}],"replies":[{"embeddable":true,"href":"https:\/\/tanzen-weilheim.de\/cms\/wp-json\/wp\/v2\/comments?post=7507"}],"version-history":[{"count":1,"href":"https:\/\/tanzen-weilheim.de\/cms\/wp-json\/wp\/v2\/posts\/7507\/revisions"}],"predecessor-version":[{"id":7508,"href":"https:\/\/tanzen-weilheim.de\/cms\/wp-json\/wp\/v2\/posts\/7507\/revisions\/7508"}],"wp:attachment":[{"href":"https:\/\/tanzen-weilheim.de\/cms\/wp-json\/wp\/v2\/media?parent=7507"}],"wp:term":[{"taxonomy":"category","embeddable":true,"href":"https:\/\/tanzen-weilheim.de\/cms\/wp-json\/wp\/v2\/categories?post=7507"},{"taxonomy":"post_tag","embeddable":true,"href":"https:\/\/tanzen-weilheim.de\/cms\/wp-json\/wp\/v2\/tags?post=7507"}],"curies":[{"name":"wp","href":"https:\/\/api.w.org\/{rel}","templated":true}]}}