{"id":7325,"date":"2017-04-12T20:41:11","date_gmt":"2017-04-12T18:41:11","guid":{"rendered":"http:\/\/tanzen-weilheim.de\/cms\/?p=7325"},"modified":"2017-09-05T22:15:45","modified_gmt":"2017-09-05T20:15:45","slug":"dtsa-vorbereitungs-training-sps","status":"publish","type":"post","link":"https:\/\/tanzen-weilheim.de\/cms\/7325\/dtsa-vorbereitungs-training-sps","title":{"rendered":"DTSA-Vorbereitungs-Training SpS"},"content":{"rendered":"<p><span style=\"color: #ff0000;\"><strong><span style=\"font-size: 18px;\">Vorbereitungstraining<\/span><\/strong> f\u00fcr Teilnehmer der DTSA Abnahme am 15.10.2017<\/span><\/p>\n<p>mit Unterst\u00fctzung von Trainern und \u00dcbungsleitern der TSA<\/p>\n<p><span style=\"color: #800080;\"><img loading=\"lazy\" decoding=\"async\" alt=\"Gemeinsam schaffen wir es!\" src=\"http:\/\/www.beepworld.de\/memberdateien\/members93\/unser-treffpunkt\/gemeinsam.jpg\" width=\"101\" height=\"137\" data-src=\"http:\/\/www.beepworld.de\/memberdateien\/members93\/unser-treffpunkt\/gemeinsam.jpg\" \/><\/span><\/p>\n<p>Ort: <span style=\"color: #ff0000; font-size: 18px;\">S<\/span><span style=\"color: #ff0000; font-size: 18px;\">piegelsaal<\/span> TSV Vereinsheim Pollinger Strasse 9 82362 Weilheim<\/p>\n<p><span style=\"color: #ff0000;\"><span style=\"text-decoration: underline; font-size: 18px;\"><strong><a href=\"https:\/\/tanzen-weilheim.de\/cms\/wp-content\/uploads\/2008\/01\/DTSA_Abnahme.pdf\"><span style=\"color: #ff0000; text-decoration: underline;\">DTSA_Abnahme am 15.10.2017:<\/span><\/a><\/strong><\/span><strong><a href=\"https:\/\/tanzen-weilheim.de\/cms\/wp-content\/uploads\/2008\/01\/DTSA_Abnahme.pdf\">\u00a0<\/a><\/strong><\/span><\/p>\n<p><span style=\"color: #ff0000;\">weiter Informationen unter: <span style=\"font-size: 18px;\"><strong>stellv-abteilungsleiter@tanzen-weilheim.de<\/strong><\/span><\/span><\/p>\n<p><span style=\"color: #800080;\">\u00a0<\/span>Das korrekte Auf- und Abschlie\u00dfen des Saales, Schlie\u00dfen der Fenster, Ausschalten der Lichtanlage,<\/p>\n<p>sowie dem Umgang mit der Musikanlage liegt in der Verantwortung der Teilnehmer des &#8222;freien&#8220; Trainings.<\/p>\n<p>&nbsp;<\/p>\n<p>V<\/p>\n","protected":false},"excerpt":{"rendered":"<p>Vorbereitungstraining f\u00fcr Teilnehmer der DTSA Abnahme am 15.10.2017 mit Unterst\u00fctzung von Trainern und \u00dcbungsleitern der TSA Ort: Spiegelsaal TSV Vereinsheim Pollinger Strasse 9 82362 Weilheim DTSA_Abnahme am 15.10.2017:\u00a0 weiter Informationen unter: stellv-abteilungsleiter@tanzen-weilheim.de \u00a0Das korrekte Auf- und Abschlie\u00dfen des Saales, Schlie\u00dfen der Fenster, Ausschalten der Lichtanlage, sowie dem Umgang mit der Musikanlage liegt in der Verantwortung [&hellip;]<\/p>\n","protected":false},"author":19,"featured_media":0,"comment_status":"open","ping_status":"open","sticky":false,"template":"","format":"standard","meta":{"_jetpack_memberships_contains_paid_content":false,"footnotes":""},"categories":[3],"tags":[79,135,81],"class_list":["post-7325","post","type-post","status-publish","format-standard","hentry","category-termine","tag-dtsa","tag-termine","tag-training"],"jetpack_featured_media_url":"","jetpack_sharing_enabled":true,"_links":{"self":[{"href":"https:\/\/tanzen-weilheim.de\/cms\/wp-json\/wp\/v2\/posts\/7325","targetHints":{"allow":["GET"]}}],"collection":[{"href":"https:\/\/tanzen-weilheim.de\/cms\/wp-json\/wp\/v2\/posts"}],"about":[{"href":"https:\/\/tanzen-weilheim.de\/cms\/wp-json\/wp\/v2\/types\/post"}],"author":[{"embeddable":true,"href":"https:\/\/tanzen-weilheim.de\/cms\/wp-json\/wp\/v2\/users\/19"}],"replies":[{"embeddable":true,"href":"https:\/\/tanzen-weilheim.de\/cms\/wp-json\/wp\/v2\/comments?post=7325"}],"version-history":[{"count":13,"href":"https:\/\/tanzen-weilheim.de\/cms\/wp-json\/wp\/v2\/posts\/7325\/revisions"}],"predecessor-version":[{"id":7333,"href":"https:\/\/tanzen-weilheim.de\/cms\/wp-json\/wp\/v2\/posts\/7325\/revisions\/7333"}],"wp:attachment":[{"href":"https:\/\/tanzen-weilheim.de\/cms\/wp-json\/wp\/v2\/media?parent=7325"}],"wp:term":[{"taxonomy":"category","embeddable":true,"href":"https:\/\/tanzen-weilheim.de\/cms\/wp-json\/wp\/v2\/categories?post=7325"},{"taxonomy":"post_tag","embeddable":true,"href":"https:\/\/tanzen-weilheim.de\/cms\/wp-json\/wp\/v2\/tags?post=7325"}],"curies":[{"name":"wp","href":"https:\/\/api.w.org\/{rel}","templated":true}]}}