{"id":7249,"date":"2017-04-06T10:18:36","date_gmt":"2017-04-06T08:18:36","guid":{"rendered":"http:\/\/tanzen-weilheim.de\/cms\/?p=7249"},"modified":"2017-12-05T23:23:56","modified_gmt":"2017-12-05T21:23:56","slug":"freies-training-ammerschule-3","status":"publish","type":"post","link":"https:\/\/tanzen-weilheim.de\/cms\/7249\/freies-training-ammerschule-3","title":{"rendered":"&#8222;freies&#8220; Training AS"},"content":{"rendered":"<p><span style=\"color: #ff0000; font-size: 20px;\">&#8222;freies&#8220; Training<\/span><\/p>\n<p><img loading=\"lazy\" decoding=\"async\" alt=\"http:\/\/images.clipartpanda.com\/red-smiley-face-png-crimsonsmiley200.png\" src=\"http:\/\/images.clipartpanda.com\/red-smiley-face-png-crimsonsmiley200.png\" width=\"46\" height=\"46\" \/>Trainingsraum: <span style=\"font-size: 20px; color: #ff0000;\">Ammerschule<\/span><\/p>\n<ul>\n<li>gebuchte Hallenbelegung durch die TSA &#8211; im angegebenen Zeitfenster ist kein Eintrag in die Haalbelegungsliste notwendig<\/li>\n<\/ul>\n<ul>\n<li>Das korrekte Auf- und Abschlie\u00dfen des Halle, Schlie\u00dfen der Notausgangst\u00fcre, Ausschalten der Lichtanlage,<\/li>\n<\/ul>\n<p>sowie dem Umgang mit der Musikanlage liegt in der Verantwortung der Teilnehmer des &#8222;freien&#8220; Trainings.<\/p>\n<p><span style=\"color: #ff0000; font-size: 16px;\">Schl\u00fcsselorganisation <\/span>wie gewohnt bei &#8222;freiem&#8220; Training<\/p>\n","protected":false},"excerpt":{"rendered":"<p>&#8222;freies&#8220; Training Trainingsraum: Ammerschule gebuchte Hallenbelegung durch die TSA &#8211; im angegebenen Zeitfenster ist kein Eintrag in die Haalbelegungsliste notwendig Das korrekte Auf- und Abschlie\u00dfen des Halle, Schlie\u00dfen der Notausgangst\u00fcre, Ausschalten der Lichtanlage, sowie dem Umgang mit der Musikanlage liegt in der Verantwortung der Teilnehmer des &#8222;freien&#8220; Trainings. Schl\u00fcsselorganisation wie gewohnt bei &#8222;freiem&#8220; Training<\/p>\n","protected":false},"author":19,"featured_media":0,"comment_status":"closed","ping_status":"closed","sticky":false,"template":"","format":"standard","meta":{"_jetpack_memberships_contains_paid_content":false,"footnotes":""},"categories":[3],"tags":[59,135],"class_list":["post-7249","post","type-post","status-publish","format-standard","hentry","category-termine","tag-freies-training","tag-termine"],"jetpack_featured_media_url":"","jetpack_sharing_enabled":true,"_links":{"self":[{"href":"https:\/\/tanzen-weilheim.de\/cms\/wp-json\/wp\/v2\/posts\/7249","targetHints":{"allow":["GET"]}}],"collection":[{"href":"https:\/\/tanzen-weilheim.de\/cms\/wp-json\/wp\/v2\/posts"}],"about":[{"href":"https:\/\/tanzen-weilheim.de\/cms\/wp-json\/wp\/v2\/types\/post"}],"author":[{"embeddable":true,"href":"https:\/\/tanzen-weilheim.de\/cms\/wp-json\/wp\/v2\/users\/19"}],"replies":[{"embeddable":true,"href":"https:\/\/tanzen-weilheim.de\/cms\/wp-json\/wp\/v2\/comments?post=7249"}],"version-history":[{"count":38,"href":"https:\/\/tanzen-weilheim.de\/cms\/wp-json\/wp\/v2\/posts\/7249\/revisions"}],"predecessor-version":[{"id":7646,"href":"https:\/\/tanzen-weilheim.de\/cms\/wp-json\/wp\/v2\/posts\/7249\/revisions\/7646"}],"wp:attachment":[{"href":"https:\/\/tanzen-weilheim.de\/cms\/wp-json\/wp\/v2\/media?parent=7249"}],"wp:term":[{"taxonomy":"category","embeddable":true,"href":"https:\/\/tanzen-weilheim.de\/cms\/wp-json\/wp\/v2\/categories?post=7249"},{"taxonomy":"post_tag","embeddable":true,"href":"https:\/\/tanzen-weilheim.de\/cms\/wp-json\/wp\/v2\/tags?post=7249"}],"curies":[{"name":"wp","href":"https:\/\/api.w.org\/{rel}","templated":true}]}}