{"id":7157,"date":"2017-04-05T10:12:01","date_gmt":"2017-04-05T08:12:01","guid":{"rendered":"http:\/\/tanzen-weilheim.de\/cms\/?p=7157"},"modified":"2017-04-06T14:27:33","modified_gmt":"2017-04-06T12:27:33","slug":"freies-training-ammerschule-2","status":"publish","type":"post","link":"https:\/\/tanzen-weilheim.de\/cms\/7157\/freies-training-ammerschule-2","title":{"rendered":"&#8222;freies&#8220; Training AS Osterferien"},"content":{"rendered":"<p><span style=\"text-decoration: underline; font-size: 16px; color: #ff0000;\">&#8222;freies&#8220; Training in den Osterferien<\/span><\/p>\n<p>Trainingsraum:\u00a0 <span style=\"color: #ff0000; font-size: 20px;\">Ammerschule<\/span><\/p>\n<ul>\n<li>gebuchte Hallenbelegung durch die TSA &#8211; im angegebenen Zeitfenster ist kein Eintrag in die Haalbelegungsliste notwendig<\/li>\n<\/ul>\n<ul>\n<li>Das korrekte Auf- und Abschlie\u00dfen der Halle, Schlie\u00dfen der Notausgangst\u00fcre, Ausschalten der Lichtanlage,<\/li>\n<\/ul>\n<p>sowie dem Umgang mit der Musikanlage liegt in der Verantwortung der Teilnehmer des &#8222;freien&#8220; Trainings.<\/p>\n<p><span style=\"color: #ff0000;\"><span style=\"text-decoration: underline;\"><span style=\"font-size: 16px;\">Schl\u00fcsselorganisation<\/span><\/span> wie gewohnt bei &#8222;freiem&#8220; Training<\/span><\/p>\n","protected":false},"excerpt":{"rendered":"<p>&#8222;freies&#8220; Training in den Osterferien Trainingsraum:\u00a0 Ammerschule gebuchte Hallenbelegung durch die TSA &#8211; im angegebenen Zeitfenster ist kein Eintrag in die Haalbelegungsliste notwendig Das korrekte Auf- und Abschlie\u00dfen der Halle, Schlie\u00dfen der Notausgangst\u00fcre, Ausschalten der Lichtanlage, sowie dem Umgang mit der Musikanlage liegt in der Verantwortung der Teilnehmer des &#8222;freien&#8220; Trainings. Schl\u00fcsselorganisation wie gewohnt bei [&hellip;]<\/p>\n","protected":false},"author":19,"featured_media":0,"comment_status":"closed","ping_status":"closed","sticky":false,"template":"","format":"standard","meta":{"_jetpack_memberships_contains_paid_content":false,"footnotes":""},"categories":[3],"tags":[59,135],"class_list":["post-7157","post","type-post","status-publish","format-standard","hentry","category-termine","tag-freies-training","tag-termine"],"jetpack_featured_media_url":"","jetpack_sharing_enabled":true,"_links":{"self":[{"href":"https:\/\/tanzen-weilheim.de\/cms\/wp-json\/wp\/v2\/posts\/7157","targetHints":{"allow":["GET"]}}],"collection":[{"href":"https:\/\/tanzen-weilheim.de\/cms\/wp-json\/wp\/v2\/posts"}],"about":[{"href":"https:\/\/tanzen-weilheim.de\/cms\/wp-json\/wp\/v2\/types\/post"}],"author":[{"embeddable":true,"href":"https:\/\/tanzen-weilheim.de\/cms\/wp-json\/wp\/v2\/users\/19"}],"replies":[{"embeddable":true,"href":"https:\/\/tanzen-weilheim.de\/cms\/wp-json\/wp\/v2\/comments?post=7157"}],"version-history":[{"count":8,"href":"https:\/\/tanzen-weilheim.de\/cms\/wp-json\/wp\/v2\/posts\/7157\/revisions"}],"predecessor-version":[{"id":7278,"href":"https:\/\/tanzen-weilheim.de\/cms\/wp-json\/wp\/v2\/posts\/7157\/revisions\/7278"}],"wp:attachment":[{"href":"https:\/\/tanzen-weilheim.de\/cms\/wp-json\/wp\/v2\/media?parent=7157"}],"wp:term":[{"taxonomy":"category","embeddable":true,"href":"https:\/\/tanzen-weilheim.de\/cms\/wp-json\/wp\/v2\/categories?post=7157"},{"taxonomy":"post_tag","embeddable":true,"href":"https:\/\/tanzen-weilheim.de\/cms\/wp-json\/wp\/v2\/tags?post=7157"}],"curies":[{"name":"wp","href":"https:\/\/api.w.org\/{rel}","templated":true}]}}