{"id":7118,"date":"2017-03-28T10:58:58","date_gmt":"2017-03-28T08:58:58","guid":{"rendered":"http:\/\/tanzen-weilheim.de\/cms\/?p=7118"},"modified":"2017-03-28T17:50:26","modified_gmt":"2017-03-28T15:50:26","slug":"liga-gesamtsieg-fur-die-weilheimer-formation-dazu-ein-zweiter-platz-fur-christopher-roth-moana-bauer","status":"publish","type":"post","link":"https:\/\/tanzen-weilheim.de\/cms\/7118\/liga-gesamtsieg-fur-die-weilheimer-formation-dazu-ein-zweiter-platz-fur-christopher-roth-moana-bauer","title":{"rendered":"Liga-Gesamtsieg f\u00fcr die Weilheimer Formation, dazu ein Zweiter Platz f\u00fcr Christopher Roth &#038; Moana Bauer"},"content":{"rendered":"<p><b>Weilheim\/Bayreuth\/M\u00fcnchen<\/b> Seit Jahresanfang gl\u00e4nzt die Weilheimer Formation in der neugeschaffenen Hobbyliga; nun schaffte man den Liga-Gesamtsieg! Und auch die Einzelpaare sind weiter auf dem Vormarsch! <!--more--><\/p>\n<p>Der Landestanzsportverband Bayern hatte eigens (wir berichteten) im Rahmen eines Pilotprojekts eine Hobbyliga f\u00fcr Formationen gegr\u00fcndet, da seit geraumer Zeit an vielen Orten in Bayern engagierter Formationstanzsport betrieben wurde und wird, f\u00fcr den der direkte Sprung in den Leistungssport aus verschiedenen Gr\u00fcnden (Gruppenzusammensetzung, Zeitbudget usw.) vielleicht noch eine Spur zu krass w\u00e4re. Und nachdem seit vielen Jahren eine Unzahl an Paaren in sog. Breitensportwettbewerben ihre erste Turnierluft geschnuppert haben und ganz viele davon dann weitergemacht haben bis in die h\u00f6chsten Kategorien des Tanzsports, wollte man diese M\u00f6glichkeit auch den vielen Formationen g\u00f6nnen, die die Breite des bayerischen Tanzsports seit Jahren bereichern, so auch bei uns in Weilheim. Bayernweit waren es insgesamt \u00fcber 10 (!) Formationen, die aus dem Stand an dieser Liga teilnahmen. Um die Verzahnung mit dem Formations-Leistungssport zu erreichen, wurden die Turniere dieser Hobbyliga integriert in die normalen Oberliga-S\u00fcd-Turniere. Am vergangenen Wochenende war nun das letzte Oberliga-Latein-S\u00fcd-Turnier der Saison zusammen mit eben auch dem letzten Turnier der Hobbyliga.<\/p>\n<p><a href=\"https:\/\/tanzen-weilheim.de\/cms\/wp-content\/uploads\/2017\/03\/Formation-01.jpg\"><img loading=\"lazy\" decoding=\"async\" class=\"alignnone size-medium wp-image-7120\" alt=\"Formation 01\" src=\"https:\/\/tanzen-weilheim.de\/cms\/wp-content\/uploads\/2017\/03\/Formation-01-300x225.jpg\" width=\"300\" height=\"225\" srcset=\"https:\/\/tanzen-weilheim.de\/cms\/wp-content\/uploads\/2017\/03\/Formation-01-300x225.jpg 300w, https:\/\/tanzen-weilheim.de\/cms\/wp-content\/uploads\/2017\/03\/Formation-01-960x720.jpg 960w, https:\/\/tanzen-weilheim.de\/cms\/wp-content\/uploads\/2017\/03\/Formation-01-768x576.jpg 768w, https:\/\/tanzen-weilheim.de\/cms\/wp-content\/uploads\/2017\/03\/Formation-01-1024x768.jpg 1024w, https:\/\/tanzen-weilheim.de\/cms\/wp-content\/uploads\/2017\/03\/Formation-01-400x300.jpg 400w, https:\/\/tanzen-weilheim.de\/cms\/wp-content\/uploads\/2017\/03\/Formation-01-800x600.jpg 800w, https:\/\/tanzen-weilheim.de\/cms\/wp-content\/uploads\/2017\/03\/Formation-01.jpg 1600w\" sizes=\"auto, (max-width: 300px) 100vw, 300px\" \/><\/a><a href=\"https:\/\/tanzen-weilheim.de\/cms\/wp-content\/uploads\/2017\/03\/Formation-041.jpg\"><img loading=\"lazy\" decoding=\"async\" class=\"alignnone size-medium wp-image-7122\" alt=\"OLYMPUS DIGITAL CAMERA\" src=\"https:\/\/tanzen-weilheim.de\/cms\/wp-content\/uploads\/2017\/03\/Formation-041-300x225.jpg\" width=\"300\" height=\"225\" srcset=\"https:\/\/tanzen-weilheim.de\/cms\/wp-content\/uploads\/2017\/03\/Formation-041-300x225.jpg 300w, https:\/\/tanzen-weilheim.de\/cms\/wp-content\/uploads\/2017\/03\/Formation-041-960x720.jpg 960w, https:\/\/tanzen-weilheim.de\/cms\/wp-content\/uploads\/2017\/03\/Formation-041-1920x1440.jpg 1920w, https:\/\/tanzen-weilheim.de\/cms\/wp-content\/uploads\/2017\/03\/Formation-041-768x576.jpg 768w, https:\/\/tanzen-weilheim.de\/cms\/wp-content\/uploads\/2017\/03\/Formation-041-400x300.jpg 400w, https:\/\/tanzen-weilheim.de\/cms\/wp-content\/uploads\/2017\/03\/Formation-041-800x600.jpg 800w, https:\/\/tanzen-weilheim.de\/cms\/wp-content\/uploads\/2017\/03\/Formation-041-1024x768.jpg 1024w\" sizes=\"auto, (max-width: 300px) 100vw, 300px\" \/><\/a><\/p>\n<p>Da im Tanzsport immer von Wertungsrichtern letztendlich subjektiv bewertet wird, kann es schon auch mal (das ist jedem Tanzsportler schon passiert!) sein, da\u00df man Wertungen nicht so ganz versteht oder auch nicht damit einverstanden ist. Das geh\u00f6rt aber im Tanzsport dazu und war auch in Bayreuth so; die Weilheimer Formation landete auf einem auch f\u00fcr Au\u00dfenstehende nicht ganz nachvollziehbaren geteilten 3.\/4. Platz. Umso gr\u00f6\u00dfer war dann dennoch die Freude, als die Gesamtwertung bekanntgegeben wurde und die Formation aus Weilheim den Gesamtsieg dieser neuen Liga erreicht und gewonnen hatte und daf\u00fcr auch den Pokal mit nach Hause nach Weilheim nehmen durfte. F\u00fcr 2018 ist seitens des Landestanzsportverbandes fest eingeplant, diese Liga fortzusetzen und die Weilheimer Formation wurde bereits angesprochen, da\u00df man seitens des Verbandes sehr hoffe, da\u00df Weilheim auch in 2018 wieder dabei sein m\u00f6ge. Als Titelverteidiger ist das ja f\u00fcr unsere Formation dann auch ein St\u00fcck weite Ehrensache!<\/p>\n<p><a href=\"https:\/\/tanzen-weilheim.de\/cms\/wp-content\/uploads\/2017\/03\/Formation-09.jpg\"><img loading=\"lazy\" decoding=\"async\" class=\"alignnone size-medium wp-image-7131\" alt=\"Formation 09\" src=\"https:\/\/tanzen-weilheim.de\/cms\/wp-content\/uploads\/2017\/03\/Formation-09-300x191.jpg\" width=\"387\" height=\"246\" srcset=\"https:\/\/tanzen-weilheim.de\/cms\/wp-content\/uploads\/2017\/03\/Formation-09-300x191.jpg 300w, https:\/\/tanzen-weilheim.de\/cms\/wp-content\/uploads\/2017\/03\/Formation-09-960x612.jpg 960w, https:\/\/tanzen-weilheim.de\/cms\/wp-content\/uploads\/2017\/03\/Formation-09-1920x1225.jpg 1920w, https:\/\/tanzen-weilheim.de\/cms\/wp-content\/uploads\/2017\/03\/Formation-09-768x490.jpg 768w, https:\/\/tanzen-weilheim.de\/cms\/wp-content\/uploads\/2017\/03\/Formation-09-1024x653.jpg 1024w, https:\/\/tanzen-weilheim.de\/cms\/wp-content\/uploads\/2017\/03\/Formation-09-400x255.jpg 400w, https:\/\/tanzen-weilheim.de\/cms\/wp-content\/uploads\/2017\/03\/Formation-09-800x510.jpg 800w\" sizes=\"auto, (max-width: 387px) 100vw, 387px\" \/><\/a><\/p>\n<p>Bei einem Turnier des Gelb-Schwarz-Casinos M\u00fcnchen, ebenfalls am vergangenen Wochenende, gingen Christopher Roth &amp; Moana Bauer an den Start. In ihrer Altersklasse Hauptgruppe und in ihrer Leistungsklasse D-Standard geh\u00f6ren die Beiden l\u00e4ngst zum Kreis der Mitfavoriten eines jeden Turniers! Auch diesmal war es so und das junge Paar erreichte m\u00fchelos den zweiten Platz der Gesamtwertung. Am kommenden Wochenende wollen Christopher &amp; Moana wieder international starten, beim Internationalen Bodenseetanzfest und dann an Ostern beim Kampf um das begehrte Blaue Band der Stadt Berlin. Sp\u00e4testens dort in der Bundeshauptstadt d\u00fcrfte dann der ersehnte Aufstieg in die C-Klasse erreicht werden.<\/p>\n<p><a href=\"https:\/\/tanzen-weilheim.de\/cms\/wp-content\/uploads\/2017\/03\/Roth-Bauer-02.jpg\"><img loading=\"lazy\" decoding=\"async\" class=\"alignnone size-medium wp-image-7125\" alt=\"Roth-Bauer 02\" src=\"https:\/\/tanzen-weilheim.de\/cms\/wp-content\/uploads\/2017\/03\/Roth-Bauer-02-187x300.jpg\" width=\"158\" height=\"254\" srcset=\"https:\/\/tanzen-weilheim.de\/cms\/wp-content\/uploads\/2017\/03\/Roth-Bauer-02-187x300.jpg 187w, https:\/\/tanzen-weilheim.de\/cms\/wp-content\/uploads\/2017\/03\/Roth-Bauer-02-599x960.jpg 599w, https:\/\/tanzen-weilheim.de\/cms\/wp-content\/uploads\/2017\/03\/Roth-Bauer-02-639x1024.jpg 639w, https:\/\/tanzen-weilheim.de\/cms\/wp-content\/uploads\/2017\/03\/Roth-Bauer-02-374x600.jpg 374w, https:\/\/tanzen-weilheim.de\/cms\/wp-content\/uploads\/2017\/03\/Roth-Bauer-02-499x800.jpg 499w, https:\/\/tanzen-weilheim.de\/cms\/wp-content\/uploads\/2017\/03\/Roth-Bauer-02.jpg 690w\" sizes=\"auto, (max-width: 158px) 100vw, 158px\" \/><\/a> <a href=\"https:\/\/tanzen-weilheim.de\/cms\/wp-content\/uploads\/2017\/03\/Roth-Bauer-051.jpg\"><img loading=\"lazy\" decoding=\"async\" class=\"alignnone size-medium wp-image-7126\" alt=\"Roth-Bauer 05\" src=\"https:\/\/tanzen-weilheim.de\/cms\/wp-content\/uploads\/2017\/03\/Roth-Bauer-051-300x168.jpg\" width=\"448\" height=\"252\" \/><\/a><\/p>\n<p>Die Abteilung gratuliert der Formation und auch Christopher &amp; Moana ganz herzlich zu den seit geraumer Zeit tollen Erfolgen!<\/p>\n<p>28.03.2017\/tk<\/p>\n","protected":false},"excerpt":{"rendered":"<p>Weilheim\/Bayreuth\/M\u00fcnchen Seit Jahresanfang gl\u00e4nzt die Weilheimer Formation in der neugeschaffenen Hobbyliga; nun schaffte man den Liga-Gesamtsieg! Und auch die Einzelpaare sind weiter auf dem Vormarsch!<\/p>\n","protected":false},"author":17,"featured_media":0,"comment_status":"open","ping_status":"open","sticky":false,"template":"","format":"standard","meta":{"_jetpack_memberships_contains_paid_content":false,"footnotes":""},"categories":[1],"tags":[],"class_list":["post-7118","post","type-post","status-publish","format-standard","hentry","category-allgemein"],"jetpack_featured_media_url":"","jetpack_sharing_enabled":true,"_links":{"self":[{"href":"https:\/\/tanzen-weilheim.de\/cms\/wp-json\/wp\/v2\/posts\/7118","targetHints":{"allow":["GET"]}}],"collection":[{"href":"https:\/\/tanzen-weilheim.de\/cms\/wp-json\/wp\/v2\/posts"}],"about":[{"href":"https:\/\/tanzen-weilheim.de\/cms\/wp-json\/wp\/v2\/types\/post"}],"author":[{"embeddable":true,"href":"https:\/\/tanzen-weilheim.de\/cms\/wp-json\/wp\/v2\/users\/17"}],"replies":[{"embeddable":true,"href":"https:\/\/tanzen-weilheim.de\/cms\/wp-json\/wp\/v2\/comments?post=7118"}],"version-history":[{"count":6,"href":"https:\/\/tanzen-weilheim.de\/cms\/wp-json\/wp\/v2\/posts\/7118\/revisions"}],"predecessor-version":[{"id":7123,"href":"https:\/\/tanzen-weilheim.de\/cms\/wp-json\/wp\/v2\/posts\/7118\/revisions\/7123"}],"wp:attachment":[{"href":"https:\/\/tanzen-weilheim.de\/cms\/wp-json\/wp\/v2\/media?parent=7118"}],"wp:term":[{"taxonomy":"category","embeddable":true,"href":"https:\/\/tanzen-weilheim.de\/cms\/wp-json\/wp\/v2\/categories?post=7118"},{"taxonomy":"post_tag","embeddable":true,"href":"https:\/\/tanzen-weilheim.de\/cms\/wp-json\/wp\/v2\/tags?post=7118"}],"curies":[{"name":"wp","href":"https:\/\/api.w.org\/{rel}","templated":true}]}}