{"id":7056,"date":"2017-03-13T11:08:12","date_gmt":"2017-03-13T09:08:12","guid":{"rendered":"http:\/\/tanzen-weilheim.de\/cms\/?p=7056"},"modified":"2017-03-18T13:46:27","modified_gmt":"2017-03-18T11:46:27","slug":"ein-finale-zwei-vizemeistertitel-ein-aufstieg-in-die-b-klasse-und-ein-aufstieg-in-die-sonderklasse-s","status":"publish","type":"post","link":"https:\/\/tanzen-weilheim.de\/cms\/7056\/ein-finale-zwei-vizemeistertitel-ein-aufstieg-in-die-b-klasse-und-ein-aufstieg-in-die-sonderklasse-s","title":{"rendered":"Ein Finalplatz, zwei Vizemeistertitel, ein Aufstieg in die B-Klasse und ein Aufstieg in die Sonderklasse S !!!"},"content":{"rendered":"<p><b>Weilheim\/Unterschlei\u00dfheim.<\/b> Das wichtigste Turnier im Jahresablauf eines Turnierpaares ist im Tanzsport die jeweilige Landesmeisterschaft. Am vergangenen Wochenende waren nun eben diese Bayerischen Meisterschaften in den Standardt\u00e4nzen f\u00fcr die Seniorenklassen II (\u00fcber 45) und III (\u00fcber 55) beim TSC Unterschlei\u00dfheim e.V. angesetzt. Von der Tanzsportabteilung (TSA) des TSV 1847 Weilheim e.V. machten sich insgesamt sieben Turnierpaare auf den Weg, um sich an diesen Landesmeisterschaften mit Paaren aus ganz Bayern zu messen.<\/p>\n<p><!--more--><\/p>\n<p>Am Samstag waren zun\u00e4chst die Senioren II dran. Hier starteten aus Weilheim Christian &amp; Tanja Dick in der Leistungsklasse C. Durch tolle Ergebnisse in den letzten Monaten (wir berichteten) hatten die Beiden schon so etwas wie eine Mitfavoritenrolle inne und wurden dieser auch voll und ganz gerecht! Sie tanzten souver\u00e4n mit jeweils voller Anzahl an Kreuzen durch Vor- und Zwischenrunde ins Finale. Dort lieferten sie sich mit dem sp\u00e4teren Sieger ein Kopf-an-Kopf-Rennen. Beide Paare gewannen je zwei der vier T\u00e4nze, hatten somit die gleiche Platzziffer und so mu\u00dften winzige Wertungsunterschiede herangezogen werden, um einen Sieger zu k\u00fcren. Und dabei hatten Christian &amp; Tanja nur hauchd\u00fcnn das Nachsehen und durften die Silbermedaille und den Vizemeistertitel entgegennehmen. Aber das tat der Freude keinen Abbruch; zudem stiegen die Beiden nun auch verdienterma\u00dfen in die n\u00e4chsth\u00f6here Klasse B auf.<\/p>\n<p><a href=\"https:\/\/tanzen-weilheim.de\/cms\/wp-content\/uploads\/2017\/03\/Dick-06.jpg\"><img loading=\"lazy\" decoding=\"async\" class=\"alignnone size-medium wp-image-7071\" alt=\"Dick 06\" src=\"https:\/\/tanzen-weilheim.de\/cms\/wp-content\/uploads\/2017\/03\/Dick-06-256x300.jpg\" width=\"256\" height=\"300\" \/><\/a> <a href=\"https:\/\/tanzen-weilheim.de\/cms\/wp-content\/uploads\/2017\/03\/Dick-07.jpg\"><img loading=\"lazy\" decoding=\"async\" class=\"alignnone size-medium wp-image-7072\" alt=\"Dick 07\" src=\"https:\/\/tanzen-weilheim.de\/cms\/wp-content\/uploads\/2017\/03\/Dick-07-292x300.jpg\" width=\"292\" height=\"300\" srcset=\"https:\/\/tanzen-weilheim.de\/cms\/wp-content\/uploads\/2017\/03\/Dick-07-292x300.jpg 292w, https:\/\/tanzen-weilheim.de\/cms\/wp-content\/uploads\/2017\/03\/Dick-07-935x960.jpg 935w, https:\/\/tanzen-weilheim.de\/cms\/wp-content\/uploads\/2017\/03\/Dick-07-768x789.jpg 768w, https:\/\/tanzen-weilheim.de\/cms\/wp-content\/uploads\/2017\/03\/Dick-07.jpg 997w, https:\/\/tanzen-weilheim.de\/cms\/wp-content\/uploads\/2017\/03\/Dick-07-400x411.jpg 400w, https:\/\/tanzen-weilheim.de\/cms\/wp-content\/uploads\/2017\/03\/Dick-07-779x800.jpg 779w\" sizes=\"auto, (max-width: 292px) 100vw, 292px\" \/><\/a><\/p>\n<p>In dieser B-Klasse traten Christian &amp; Tanja dann auch gleich nochmal an, diesmal zusammen mit Dr. Michael &amp; Monika Marschall und Dr. J\u00fcrgen und Silke Polifka. Aller drei Paare erreichten gute Mittelpl\u00e4tze und d\u00fcrfen damit absolut zufrieden sein. Christian &amp; Tanja bei ihrem ersten Start in der B-Klasse sowieso, J\u00fcrgen &amp; Silke bei ihrem erst zweiten Start nach 12-j\u00e4hriger Turnierpause und Michael &amp; Monika in der Senioren II, obwohl sie eigentlich altersm\u00e4\u00dfig in der Senioren III dran sind und die Doppelstartm\u00f6glichkeit nutzten.<\/p>\n<p>Am Sonntag ging es dann an gleicher Stelle weiter mit den Senioren III. Hier starteten schon mittags Berthold &amp; Valinja Bauer, die erst im Herbst letzten Jahres mit dem Turniersport begonnen hatten und zudem in der Meisterschaftsvorbereitung dadurch gehandicapt waren, da\u00df bei Berthold Ende Oktober eine Operation anstand und so die Beiden erst Anfang 2017 wieder ins Training einsteigen konnten. Sie meisterten die Vorrunde hervorragend, mu\u00dften im Finale aber dann wohl ein bisschen der eingeschr\u00e4nkten Vorbereitung Tribut zollen und erreichten einen angesichts dessen mehr als respektablen 6. Platz.<\/p>\n<p><a href=\"https:\/\/tanzen-weilheim.de\/cms\/wp-content\/uploads\/2017\/03\/Bauer-03.jpg\"><img loading=\"lazy\" decoding=\"async\" class=\"alignnone size-medium wp-image-7073\" alt=\"Bauer 03\" src=\"https:\/\/tanzen-weilheim.de\/cms\/wp-content\/uploads\/2017\/03\/Bauer-03-300x200.jpg\" width=\"300\" height=\"200\" srcset=\"https:\/\/tanzen-weilheim.de\/cms\/wp-content\/uploads\/2017\/03\/Bauer-03-300x200.jpg 300w, https:\/\/tanzen-weilheim.de\/cms\/wp-content\/uploads\/2017\/03\/Bauer-03-400x267.jpg 400w, https:\/\/tanzen-weilheim.de\/cms\/wp-content\/uploads\/2017\/03\/Bauer-03.jpg 640w\" sizes=\"auto, (max-width: 300px) 100vw, 300px\" \/><\/a><\/p>\n<p>In der B-Klasse der Senioren III gingen ebenfalls wieder gleich drei Paare aus Weilheim an den Start. Dr. Michael &amp; Monika Marschall, Achim &amp; Monika Brand, sowie Peter &amp; Birgit Handel. Alle drei machten ihre Sache, auch nach Aussagen der anwesenden Trainer (!) wirklich richtig gut, aber leider blieb allen drei Paaren den Sprung ins Finale verwehrt. Aber das ist in jedem Sport so, man mu\u00df auch mal akzeptieren k\u00f6nnen, da\u00df trotz eigener guter Leistung andere noch besser sind.<\/p>\n<p>In der A-Klasse starteten dann Thomas Koterba &amp; Karin Wagner in einem f\u00fcr den Seniorenbereich ungewohnt gro\u00dfen Startfeld von 23 Paaren. Trotz eines in der Spitze \u00e4u\u00dferst ausgeglichenen und qualitativ hochwertigen Feldes tanzten auch sie sicher und routiniert durch Vor- und Zwischenrunde ins Finale, das mit sieben Paaren bestritten wurde. Da \u2013 wie bei Meisterschaften \u00fcblich \u2013 verdeckt gewertet wurde, war nat\u00fcrlich die Spannung gro\u00df. Als die Pl\u00e4tze sieben bis vier dann bei der Siegerehrung aufgerufen waren und Thomas &amp; Karin da noch nicht dabei waren, stieg nat\u00fcrlich die Freude immer mehr. Auch bei der Bronzemedaille waren sie nicht dabei, sondern durften sich bei einem gewonnenen Tanz (Slowfox) und vier zweiten Pl\u00e4tzen \u00fcber einen \u00fcberzeugenden Vizemeistertitel und die Silbermedaille freuen, nur geschlagen von den sympathischen Dauerrivalen Raimund und Ulla Wilhelm aus Memmingen. Und dabei blieb es nicht: auf Beschlu\u00df des Landestanzsportverbandes stiegen Thomas &amp; Karin vorzeitig auf in die h\u00f6chste deutsche Leistungsklasse im Tanzsport, in die Sonderklasse S! Unter Zuhilfenahme ihrer guten Kondition starteten sie auch hier noch und erreichten auf Anhieb in einem Feld von 31 Paaren sogar die Zwischenrunde und eine Platz im mittleren Drittel des Klassements. Die mitgereisten Fans und auch alle drei anwesenden Trainer der Beiden, Manfred Kober, Peter Schramm und Alex Raith, die sehr stolz auf die Leistungen von Thomas &amp; Karin, aber auch <b>aller <\/b>gestarteten Paare waren, freuten sich sehr \u00fcber dieses Spitzenergebnis und den Aufstieg. Und der Dank der Turnierpaare f\u00fcr die gelungene Vorbereitung gilt den genannten Trainern plus Oliver Geulen, der nicht vor Ort sein konnte.<\/p>\n<p><a href=\"https:\/\/tanzen-weilheim.de\/cms\/wp-content\/uploads\/2017\/03\/Koterba-Wagner-01.jpg\"><img loading=\"lazy\" decoding=\"async\" class=\"alignnone size-medium wp-image-7074\" alt=\"Koterba-Wagner 01\" src=\"https:\/\/tanzen-weilheim.de\/cms\/wp-content\/uploads\/2017\/03\/Koterba-Wagner-01-251x300.jpg\" width=\"251\" height=\"300\" srcset=\"https:\/\/tanzen-weilheim.de\/cms\/wp-content\/uploads\/2017\/03\/Koterba-Wagner-01-251x300.jpg 251w, https:\/\/tanzen-weilheim.de\/cms\/wp-content\/uploads\/2017\/03\/Koterba-Wagner-01-803x960.jpg 803w, https:\/\/tanzen-weilheim.de\/cms\/wp-content\/uploads\/2017\/03\/Koterba-Wagner-01-768x918.jpg 768w, https:\/\/tanzen-weilheim.de\/cms\/wp-content\/uploads\/2017\/03\/Koterba-Wagner-01.jpg 857w, https:\/\/tanzen-weilheim.de\/cms\/wp-content\/uploads\/2017\/03\/Koterba-Wagner-01-400x478.jpg 400w, https:\/\/tanzen-weilheim.de\/cms\/wp-content\/uploads\/2017\/03\/Koterba-Wagner-01-670x800.jpg 670w\" sizes=\"auto, (max-width: 251px) 100vw, 251px\" \/><\/a> <a href=\"https:\/\/tanzen-weilheim.de\/cms\/wp-content\/uploads\/2017\/03\/Koterba-Wagner-02.jpg\"><img loading=\"lazy\" decoding=\"async\" class=\"alignnone size-medium wp-image-7075\" alt=\"Koterba-Wagner 02\" src=\"https:\/\/tanzen-weilheim.de\/cms\/wp-content\/uploads\/2017\/03\/Koterba-Wagner-02-182x300.jpg\" width=\"182\" height=\"300\" srcset=\"https:\/\/tanzen-weilheim.de\/cms\/wp-content\/uploads\/2017\/03\/Koterba-Wagner-02-182x300.jpg 182w, https:\/\/tanzen-weilheim.de\/cms\/wp-content\/uploads\/2017\/03\/Koterba-Wagner-02-583x960.jpg 583w, https:\/\/tanzen-weilheim.de\/cms\/wp-content\/uploads\/2017\/03\/Koterba-Wagner-02.jpg 622w, https:\/\/tanzen-weilheim.de\/cms\/wp-content\/uploads\/2017\/03\/Koterba-Wagner-02-364x600.jpg 364w, https:\/\/tanzen-weilheim.de\/cms\/wp-content\/uploads\/2017\/03\/Koterba-Wagner-02-486x800.jpg 486w\" sizes=\"auto, (max-width: 182px) 100vw, 182px\" \/><\/a> <a href=\"https:\/\/tanzen-weilheim.de\/cms\/wp-content\/uploads\/2017\/03\/Koterba-Wagner-03.jpg\"><img loading=\"lazy\" decoding=\"async\" class=\"alignnone size-medium wp-image-7076\" alt=\"Koterba-Wagner 03\" src=\"https:\/\/tanzen-weilheim.de\/cms\/wp-content\/uploads\/2017\/03\/Koterba-Wagner-03-300x168.jpg\" width=\"426\" height=\"239\" \/><\/a><\/p>\n<p>Hier der Link zu allen Ergebnissen:\u00a0\u00a0\u00a0 http:\/\/www-2.tsc-unterschleissheim.de\/wp-content\/Ergebnisse\/LM2017\/index.htm<\/p>\n<p>Allen Paaren herzliche Gratulation zu den Meisterschaftsleistungen!<\/p>\n<p>&nbsp;<\/p>\n<p>13.03.2017\/tk<\/p>\n<p>Fotos: Siegerehrung SenIII D-Std \u00a9 blitznicht.de, alle anderen TSA<\/p>\n","protected":false},"excerpt":{"rendered":"<p>Weilheim\/Unterschlei\u00dfheim. Das wichtigste Turnier im Jahresablauf eines Turnierpaares ist im Tanzsport die jeweilige Landesmeisterschaft. Am vergangenen Wochenende waren nun eben diese Bayerischen Meisterschaften in den Standardt\u00e4nzen f\u00fcr die Seniorenklassen II (\u00fcber 45) und III (\u00fcber 55) beim TSC Unterschlei\u00dfheim e.V. angesetzt. Von der Tanzsportabteilung (TSA) des TSV 1847 Weilheim e.V. machten sich insgesamt sieben Turnierpaare [&hellip;]<\/p>\n","protected":false},"author":17,"featured_media":0,"comment_status":"open","ping_status":"open","sticky":false,"template":"","format":"standard","meta":{"_jetpack_memberships_contains_paid_content":false,"footnotes":""},"categories":[1],"tags":[],"class_list":["post-7056","post","type-post","status-publish","format-standard","hentry","category-allgemein"],"jetpack_featured_media_url":"","jetpack_sharing_enabled":true,"_links":{"self":[{"href":"https:\/\/tanzen-weilheim.de\/cms\/wp-json\/wp\/v2\/posts\/7056","targetHints":{"allow":["GET"]}}],"collection":[{"href":"https:\/\/tanzen-weilheim.de\/cms\/wp-json\/wp\/v2\/posts"}],"about":[{"href":"https:\/\/tanzen-weilheim.de\/cms\/wp-json\/wp\/v2\/types\/post"}],"author":[{"embeddable":true,"href":"https:\/\/tanzen-weilheim.de\/cms\/wp-json\/wp\/v2\/users\/17"}],"replies":[{"embeddable":true,"href":"https:\/\/tanzen-weilheim.de\/cms\/wp-json\/wp\/v2\/comments?post=7056"}],"version-history":[{"count":7,"href":"https:\/\/tanzen-weilheim.de\/cms\/wp-json\/wp\/v2\/posts\/7056\/revisions"}],"predecessor-version":[{"id":7058,"href":"https:\/\/tanzen-weilheim.de\/cms\/wp-json\/wp\/v2\/posts\/7056\/revisions\/7058"}],"wp:attachment":[{"href":"https:\/\/tanzen-weilheim.de\/cms\/wp-json\/wp\/v2\/media?parent=7056"}],"wp:term":[{"taxonomy":"category","embeddable":true,"href":"https:\/\/tanzen-weilheim.de\/cms\/wp-json\/wp\/v2\/categories?post=7056"},{"taxonomy":"post_tag","embeddable":true,"href":"https:\/\/tanzen-weilheim.de\/cms\/wp-json\/wp\/v2\/tags?post=7056"}],"curies":[{"name":"wp","href":"https:\/\/api.w.org\/{rel}","templated":true}]}}