{"id":6978,"date":"2017-03-04T15:26:06","date_gmt":"2017-03-04T13:26:06","guid":{"rendered":"http:\/\/tanzen-weilheim.de\/cms\/?p=6978"},"modified":"2017-03-06T19:52:37","modified_gmt":"2017-03-06T17:52:37","slug":"gelungener-turnier-wiedereinstieg-3-platz-fur-jurgen-silke-polifka-in-kaiserslautern","status":"publish","type":"post","link":"https:\/\/tanzen-weilheim.de\/cms\/6978\/gelungener-turnier-wiedereinstieg-3-platz-fur-jurgen-silke-polifka-in-kaiserslautern","title":{"rendered":"Gelungener Turnier-Wiedereinstieg: 3. Platz f\u00fcr J\u00fcrgen &#038; Silke Polifka in Kaiserslautern, dazu Top-Platzierung f\u00fcr Christopher Roth &#038; Moana Bauer"},"content":{"rendered":"<p><b>Weilheim\/Kaiserslautern\/Stockdorf.<\/b> Die Liste der hervorragenden Ergebnisse f\u00fcr unsere Tanzsportabteilung (TSA) wird auch im M\u00e4rz wieder ein St\u00fcck l\u00e4nger: Seit heute hat unsere TSA wieder ein aktives Turnierpaar mehr! Nach zw\u00f6lfj\u00e4hriger Pause stiegen J\u00fcrgen &amp; Silke Polifka nun wieder in den Turniersport ein und konnten mit einem 3. Platz bei den Kaiserslauterer Tanzsporttagen gleich beim ersten Turnier schon einen Super-Erfolg landen. Ein weiterer Schritt in Sachen Aufstieg in die C-Klasse gelang Christopher Roth &amp; Moana Bauer mit einem 2. Platz beim 15. W\u00fcrmpokal in Stockdorf.<\/p>\n<p><!--more--><\/p>\n<p>Nach langer Pause sich wieder in das Turnierget\u00fcmmel zu st\u00fcrzen, das ist am Anfang schon immer auch eine gewisse Nervensache. Hat man gut trainiert? Reicht die Kondition? Wie tanzen die anderen? Wie geht man mit der zu so einem Wiedereinstiegs-Turnier v\u00f6llig normalen Nervosit\u00e4t um? Passen Kleid und Anzug? Was mache ich mit den Haaren? Umso sch\u00f6ner ist es dann, wenn man am Ende sagen kann: Alles gut, es pa\u00dft, es ist super gelaufen! Und genau das k\u00f6nnen J\u00fcrgen &amp; Silke nun mit berechtigtem Stolz auch sagen. Sie haben sich zur Vorbereitung auf die anstehenden Landesmeisterschaften in Unterschlei\u00dfheim n\u00e4chstes Wochenende extra ein Turnier ein bisschen weiter weg rausgesucht, n\u00e4mlich die Kaiserslauterer Tanzsporttage, ausgerichtet vom TC Rot-Wei\u00df Kaiserslautern e.V. Dort bestritten die Beiden ein Turnier in ihrer Altersklasse Senioren II und der Leistungsklasse B-Standard und erreichten gleich auf Anhieb in der Endrunde den 3. Platz und somit auch gleich die ersten Punkte und die erste relevante Platzierung f\u00fcr den Aufstieg in die n\u00e4chsth\u00f6here Klasse.<\/p>\n<p><a href=\"https:\/\/tanzen-weilheim.de\/cms\/wp-content\/uploads\/2017\/03\/Siegerehrung_Sen_IIB_KLa.jpg\"><img loading=\"lazy\" decoding=\"async\" class=\"alignnone size-medium wp-image-6993\" alt=\"Siegerehrung_Sen_IIB_KLa\" src=\"https:\/\/tanzen-weilheim.de\/cms\/wp-content\/uploads\/2017\/03\/Siegerehrung_Sen_IIB_KLa-300x166.jpg\" width=\"459\" height=\"254\" \/><\/a> <a href=\"https:\/\/tanzen-weilheim.de\/cms\/wp-content\/uploads\/2017\/03\/Sen_IIB_KL_01a.jpg\"><img loading=\"lazy\" decoding=\"async\" class=\"alignnone size-medium wp-image-6994\" alt=\"Sen_IIB_KL_01a\" src=\"https:\/\/tanzen-weilheim.de\/cms\/wp-content\/uploads\/2017\/03\/Sen_IIB_KL_01a-200x300.jpg\" width=\"168\" height=\"252\" srcset=\"https:\/\/tanzen-weilheim.de\/cms\/wp-content\/uploads\/2017\/03\/Sen_IIB_KL_01a-200x300.jpg 200w, https:\/\/tanzen-weilheim.de\/cms\/wp-content\/uploads\/2017\/03\/Sen_IIB_KL_01a-640x960.jpg 640w, https:\/\/tanzen-weilheim.de\/cms\/wp-content\/uploads\/2017\/03\/Sen_IIB_KL_01a-768x1152.jpg 768w, https:\/\/tanzen-weilheim.de\/cms\/wp-content\/uploads\/2017\/03\/Sen_IIB_KL_01a-683x1024.jpg 683w, https:\/\/tanzen-weilheim.de\/cms\/wp-content\/uploads\/2017\/03\/Sen_IIB_KL_01a-400x600.jpg 400w, https:\/\/tanzen-weilheim.de\/cms\/wp-content\/uploads\/2017\/03\/Sen_IIB_KL_01a-533x800.jpg 533w, https:\/\/tanzen-weilheim.de\/cms\/wp-content\/uploads\/2017\/03\/Sen_IIB_KL_01a.jpg 944w\" sizes=\"auto, (max-width: 168px) 100vw, 168px\" \/><\/a><\/p>\n<p>Die Beiden waren sehr gl\u00fccklich \u00fcber den Erfolg und den super gelungenen Wiedereinstieg in den Turniertanzsport. Jetzt geht\u00b4s mit voller Kraft in den Trainings-Endspurt f\u00fcr die Bayerischen Meisterschaften.<\/p>\n<p>Weitere Punkte f\u00fcr den angestrebten Aufstieg in die C-Klasse und mit dem 2. Platz auch eine Top-Platzierung ertanzten sich Christopher Roth &amp; Moana Bauer bei der 15. Auflage des W\u00fcrmpokals der TSA im TV Stockdorf 1911 e.V. In der Altersklasse Hauptgruppe und in ihrer Leistungsklasse D-Standard sind die Beiden mittlerweile \u201eeine Bank\u201c; ein Paar, an dem die Konkurrenz erstmal vorbei mu\u00df! So auch diesmal, sie tanzten sicher und routiniert und diese Sicherheit wird ihnen dann in der C-Klasse von Anfang an auch helfen, sich zu behaupten. Zum Aufstieg fehlen jetzt nur noch etwas mehr als 20 Punkte, so da\u00df wir als TSA uns schon auf den absehbaren Aufstieg vorfreuen k\u00f6nnen. Zur Bayerischen Meisterschaft der Hauptgruppe in den Standardt\u00e4nzen in den Klassen D bis A, soviel schon mal als Vorank\u00fcndigung, am 15. Juli in Weilheim in der Stadthalle, da werden wir Chris &amp; Moana wohl schon in der C-Klasse anfeuern k\u00f6nnen.<\/p>\n<p><a href=\"https:\/\/tanzen-weilheim.de\/cms\/wp-content\/uploads\/2017\/03\/Roth-Bauer-04.jpg\"><img loading=\"lazy\" decoding=\"async\" class=\"alignnone size-medium wp-image-6984\" alt=\"Roth-Bauer 04\" src=\"https:\/\/tanzen-weilheim.de\/cms\/wp-content\/uploads\/2017\/03\/Roth-Bauer-04-200x300.jpg\" width=\"200\" height=\"300\" srcset=\"https:\/\/tanzen-weilheim.de\/cms\/wp-content\/uploads\/2017\/03\/Roth-Bauer-04-200x300.jpg 200w, https:\/\/tanzen-weilheim.de\/cms\/wp-content\/uploads\/2017\/03\/Roth-Bauer-04-640x960.jpg 640w, https:\/\/tanzen-weilheim.de\/cms\/wp-content\/uploads\/2017\/03\/Roth-Bauer-04-1280x1920.jpg 1280w, https:\/\/tanzen-weilheim.de\/cms\/wp-content\/uploads\/2017\/03\/Roth-Bauer-04-768x1152.jpg 768w, https:\/\/tanzen-weilheim.de\/cms\/wp-content\/uploads\/2017\/03\/Roth-Bauer-04-683x1024.jpg 683w, https:\/\/tanzen-weilheim.de\/cms\/wp-content\/uploads\/2017\/03\/Roth-Bauer-04-400x600.jpg 400w, https:\/\/tanzen-weilheim.de\/cms\/wp-content\/uploads\/2017\/03\/Roth-Bauer-04-533x800.jpg 533w, https:\/\/tanzen-weilheim.de\/cms\/wp-content\/uploads\/2017\/03\/Roth-Bauer-04.jpg 2000w\" sizes=\"auto, (max-width: 200px) 100vw, 200px\" \/><\/a> <a href=\"https:\/\/tanzen-weilheim.de\/cms\/wp-content\/uploads\/2017\/03\/Roth-Bauer-05.jpg\"><img loading=\"lazy\" decoding=\"async\" class=\"alignnone size-medium wp-image-6985\" alt=\"Roth-Bauer 05\" src=\"https:\/\/tanzen-weilheim.de\/cms\/wp-content\/uploads\/2017\/03\/Roth-Bauer-05-300x276.jpg\" width=\"324\" height=\"298\" \/><\/a><\/p>\n<p>Beiden Paaren herzliche Gratulation von der ganzen Abteilung!<\/p>\n<p>Fotos: \u00a9 Christine Reichenbach, TSA Weilheim<\/p>\n<p>&nbsp;<\/p>\n<p>05.03.2017\/tk<\/p>\n","protected":false},"excerpt":{"rendered":"<p>Weilheim\/Kaiserslautern\/Stockdorf. Die Liste der hervorragenden Ergebnisse f\u00fcr unsere Tanzsportabteilung (TSA) wird auch im M\u00e4rz wieder ein St\u00fcck l\u00e4nger: Seit heute hat unsere TSA wieder ein aktives Turnierpaar mehr! Nach zw\u00f6lfj\u00e4hriger Pause stiegen J\u00fcrgen &amp; Silke Polifka nun wieder in den Turniersport ein und konnten mit einem 3. Platz bei den Kaiserslauterer Tanzsporttagen gleich beim ersten [&hellip;]<\/p>\n","protected":false},"author":17,"featured_media":0,"comment_status":"open","ping_status":"open","sticky":false,"template":"","format":"standard","meta":{"_jetpack_memberships_contains_paid_content":false,"footnotes":""},"categories":[1],"tags":[],"class_list":["post-6978","post","type-post","status-publish","format-standard","hentry","category-allgemein"],"jetpack_featured_media_url":"","jetpack_sharing_enabled":true,"_links":{"self":[{"href":"https:\/\/tanzen-weilheim.de\/cms\/wp-json\/wp\/v2\/posts\/6978","targetHints":{"allow":["GET"]}}],"collection":[{"href":"https:\/\/tanzen-weilheim.de\/cms\/wp-json\/wp\/v2\/posts"}],"about":[{"href":"https:\/\/tanzen-weilheim.de\/cms\/wp-json\/wp\/v2\/types\/post"}],"author":[{"embeddable":true,"href":"https:\/\/tanzen-weilheim.de\/cms\/wp-json\/wp\/v2\/users\/17"}],"replies":[{"embeddable":true,"href":"https:\/\/tanzen-weilheim.de\/cms\/wp-json\/wp\/v2\/comments?post=6978"}],"version-history":[{"count":10,"href":"https:\/\/tanzen-weilheim.de\/cms\/wp-json\/wp\/v2\/posts\/6978\/revisions"}],"predecessor-version":[{"id":6980,"href":"https:\/\/tanzen-weilheim.de\/cms\/wp-json\/wp\/v2\/posts\/6978\/revisions\/6980"}],"wp:attachment":[{"href":"https:\/\/tanzen-weilheim.de\/cms\/wp-json\/wp\/v2\/media?parent=6978"}],"wp:term":[{"taxonomy":"category","embeddable":true,"href":"https:\/\/tanzen-weilheim.de\/cms\/wp-json\/wp\/v2\/categories?post=6978"},{"taxonomy":"post_tag","embeddable":true,"href":"https:\/\/tanzen-weilheim.de\/cms\/wp-json\/wp\/v2\/tags?post=6978"}],"curies":[{"name":"wp","href":"https:\/\/api.w.org\/{rel}","templated":true}]}}