{"id":6410,"date":"2016-11-26T11:57:50","date_gmt":"2016-11-26T09:57:50","guid":{"rendered":"http:\/\/tanzen-weilheim.de\/cms\/?p=6410"},"modified":"2016-11-26T11:57:50","modified_gmt":"2016-11-26T09:57:50","slug":"zweite-platze-fur-ole-graf-diana-vollmann-und-jonas-kaps-alexandra-muss-in-der-gesamtwertung-des-bayernpokals-2016-plus-gute-seniorenplatze","status":"publish","type":"post","link":"https:\/\/tanzen-weilheim.de\/cms\/6410\/zweite-platze-fur-ole-graf-diana-vollmann-und-jonas-kaps-alexandra-muss-in-der-gesamtwertung-des-bayernpokals-2016-plus-gute-seniorenplatze","title":{"rendered":"Zweite Pl\u00e4tze f\u00fcr Ole Graf &#038; Diana Vollmann und Jonas Kaps &#038; Alexandra Muss in der Gesamtwertung des Bayernpokals 2016 plus gute Seniorenpl\u00e4tze!"},"content":{"rendered":"<p><b>Weilheim\/Ingolstadt\/Gammelsdorf<\/b>. Das Sportjahr 2016 neigt sich dem Ende zu. Aber auch im Jahres-Schlu\u00dfspurt zeigen die Paare der Tanzsportabteilung (TSA) kontinuierlich gute Ergebnisse. <!--more--><\/p>\n<p>Schon das ganze Jahr \u00fcber waren unsere Jugend- und Junioren-Paare flei\u00dfig dabei, im sog. Bayernpokal, einer Turnierserie von sieben Wettk\u00e4mpfen des Landestanzsportverbandes Bayern, sich von Turnier zu Turnier Punkte zu ertanzen (wir berichteten). Beim Finale dieser Serie, das vergangenes Wochenende bei der TSA Schwarz-Gold des ESV Ingolstadt ausgetragen wurde, schlugen nun Ole Graf &amp; Diana Vollmann erneut zu und holten sich in Ihrer Altersklasse Junioren II B-Standard einen beachtlichen 4. Platz, ganz knapp am Treppchen vorbei. Da sie erst im Oktober in diese Klasse aufgestiegen sind, ist dieses Ergebnis nat\u00fcrlich f\u00fcr die Beiden ein toller Erfolg, genauso wie der beachtliche 2. Platz in der n\u00e4chst\u00e4lteren Altersklasse Jugend! Und damit nicht genug: verbunden mit diesen Erfolgen war der 2. Platz in der Gesamtwertung der Bayernpokal-Turnierserie 2016 f\u00fcr Ole (15) und Diana (12)bei den Junioren II. Ber\u00fccksichtigt man, da\u00df die Beiden nur an vier von diesen sieben Turnieren teilnehmen konnten, ist das nat\u00fcrlich ein Super-Ergebnis. Verbunden damit sind vor allem Spezial-Trainingseinheiten mit Spitzentrainern, die der Landestanzsportverband f\u00fcr die erfolgreichen Paare des Bayernpokals ausgelobt hatte. An diesem Wochenende waren sie zwar krankheitsbedingt nicht am Start, trotzdem ging der 2. Platz in der Bayernpokal-Gesamtwertung bei der Jugend B Standard und der 3. Platz der Jugend B Latein an Jonas Kaps &amp; Alexandra Muss. All unseren Jugendlichen herzlichen Gl\u00fcckwunsch zu den tollen Leistungen \u00fcbers ganze Jahr hinweg und der Alexandra vor allem gute Besserung!<\/p>\n<p><a href=\"https:\/\/tanzen-weilheim.de\/cms\/wp-content\/uploads\/2016\/10\/Graf-Vollmann-01.jpg\"><img loading=\"lazy\" decoding=\"async\" class=\"alignnone size-medium wp-image-6281\" alt=\"Graf-Vollmann 01\" src=\"https:\/\/tanzen-weilheim.de\/cms\/wp-content\/uploads\/2016\/10\/Graf-Vollmann-01-222x300.jpg\" width=\"222\" height=\"300\" \/><\/a><a href=\"https:\/\/tanzen-weilheim.de\/cms\/wp-content\/uploads\/2016\/11\/Kaps-Muss-04.jpg\"><img loading=\"lazy\" decoding=\"async\" class=\"alignnone size-medium wp-image-6359\" alt=\"Kaps-Muss 04\" src=\"https:\/\/tanzen-weilheim.de\/cms\/wp-content\/uploads\/2016\/11\/Kaps-Muss-04-245x300.jpg\" width=\"245\" height=\"300\" \/><\/a><\/p>\n<p>Auch unsere Seniorenpaare waren an diesem Wochenende wieder aktiv unterwegs. In Gammelsdorf in der Hallertau stand die zweit\u00e4gige Turnierveranstaltung um die sog. Hopfenpokale der TSG d. FVgg Gammelsdorf 1946 e.V. an. Aus Weilheim reisten insg. drei Paare in die Hallertau. Christian &amp; Tanja Dick starteten an beiden Tagen in der Altersklasse der Senioren II in Ihrer Leistungsklasse C-Standard und holten sich hier am Samstag den 3. und am Sonntag sogar den 2. Platz. Damit standen die beiden im siebten Turnier seit dem Wiedereinstieg zum siebten Mal auf dem Podest, das ist eine bemerkenswerte Leistung. Die Beiden haben mit diesen Ergebnissen auch alle n\u00f6tigen Platzierungen f\u00fcr den Aufstieg in die n\u00e4chsth\u00f6here Leistungsklasse B beisammen und k\u00f6nnen sich jetzt drauf konzentrieren, auch die n\u00f6tigen Punkte noch zu ertanzen.<\/p>\n<p><a href=\"https:\/\/tanzen-weilheim.de\/cms\/wp-content\/uploads\/2016\/11\/Dick-04.jpg\"><img loading=\"lazy\" decoding=\"async\" class=\"alignnone size-medium wp-image-6411\" alt=\"Dick 04\" src=\"https:\/\/tanzen-weilheim.de\/cms\/wp-content\/uploads\/2016\/11\/Dick-04-300x252.jpg\" width=\"354\" height=\"298\" \/><\/a><a href=\"https:\/\/tanzen-weilheim.de\/cms\/wp-content\/uploads\/2016\/11\/Dick-01.jpg\"><img loading=\"lazy\" decoding=\"async\" class=\"alignnone size-medium wp-image-6362\" alt=\"Dick 01\" src=\"https:\/\/tanzen-weilheim.de\/cms\/wp-content\/uploads\/2016\/11\/Dick-01-164x300.jpg\" width=\"164\" height=\"300\" srcset=\"https:\/\/tanzen-weilheim.de\/cms\/wp-content\/uploads\/2016\/11\/Dick-01-164x300.jpg 164w, https:\/\/tanzen-weilheim.de\/cms\/wp-content\/uploads\/2016\/11\/Dick-01-525x960.jpg 525w, https:\/\/tanzen-weilheim.de\/cms\/wp-content\/uploads\/2016\/11\/Dick-01-768x1404.jpg 768w, https:\/\/tanzen-weilheim.de\/cms\/wp-content\/uploads\/2016\/11\/Dick-01-560x1024.jpg 560w, https:\/\/tanzen-weilheim.de\/cms\/wp-content\/uploads\/2016\/11\/Dick-01-328x600.jpg 328w, https:\/\/tanzen-weilheim.de\/cms\/wp-content\/uploads\/2016\/11\/Dick-01-438x800.jpg 438w, https:\/\/tanzen-weilheim.de\/cms\/wp-content\/uploads\/2016\/11\/Dick-01.jpg 875w\" sizes=\"auto, (max-width: 164px) 100vw, 164px\" \/><\/a><\/p>\n<p>Dr. Michael und Monika Marschall starteten ebenfalls an beiden Tage in der Altersklasse Senioren III in der Leistungsklasse B-Standard und holten sich an beiden Tagen den meist als undankbar bezeichneten 4. Platz. Angesichts der jeweils starken Felder ist aber auch ein 4. Platz eine tolle Leistung.<\/p>\n<p><a href=\"https:\/\/tanzen-weilheim.de\/cms\/wp-content\/uploads\/2016\/11\/Marschall-04a.jpg\"><img loading=\"lazy\" decoding=\"async\" class=\"alignnone size-medium wp-image-6412\" alt=\"Marschall 04a\" src=\"https:\/\/tanzen-weilheim.de\/cms\/wp-content\/uploads\/2016\/11\/Marschall-04a-225x300.jpg\" width=\"225\" height=\"300\" \/><\/a><\/p>\n<p>In der gleichen Altersklasse wie Marschalls gingen dann in der Leistungsklasse A-Standard Thomas Koterba &amp; Karin Wagner an den Start und holten sich an beiden Tagen jeweils den 3. Platz. Damit haben die Zwei im insgesamt 15. gemeinsamen Turnier zum 9. Mal auf dem Podest gestanden und inzwischen auch \u00fcber 100 Punkte gesammelt. Zum Aufstieg in die Sonderklasse S, die Bundesliga des Tanzsports, fehlt jetzt nur noch eine Podest-Platzierung, aber nat\u00fcrlich noch viele Punkte, da die H\u00fcrde f\u00fcr das Erreichen dieser h\u00f6chsten deutschen Leistungsklasse mit 250 Punkten bewu\u00dft sehr hoch liegt.<\/p>\n<p><a href=\"https:\/\/tanzen-weilheim.de\/cms\/wp-content\/uploads\/2016\/10\/Koterba-Wagner-06.jpg\"><img loading=\"lazy\" decoding=\"async\" class=\"alignnone size-medium wp-image-6310\" alt=\"Koterba-Wagner 06\" src=\"https:\/\/tanzen-weilheim.de\/cms\/wp-content\/uploads\/2016\/10\/Koterba-Wagner-06-244x300.jpg\" width=\"244\" height=\"300\" \/><\/a><a href=\"https:\/\/tanzen-weilheim.de\/cms\/wp-content\/uploads\/2016\/11\/Koterba-Wagner-01.jpg\"><img loading=\"lazy\" decoding=\"async\" class=\"alignnone size-medium wp-image-6413\" alt=\"Koterba-Wagner 01\" src=\"https:\/\/tanzen-weilheim.de\/cms\/wp-content\/uploads\/2016\/11\/Koterba-Wagner-01-200x300.jpg\" width=\"200\" height=\"300\" srcset=\"https:\/\/tanzen-weilheim.de\/cms\/wp-content\/uploads\/2016\/11\/Koterba-Wagner-01-200x300.jpg 200w, https:\/\/tanzen-weilheim.de\/cms\/wp-content\/uploads\/2016\/11\/Koterba-Wagner-01-640x960.jpg 640w, https:\/\/tanzen-weilheim.de\/cms\/wp-content\/uploads\/2016\/11\/Koterba-Wagner-01-1280x1920.jpg 1280w, https:\/\/tanzen-weilheim.de\/cms\/wp-content\/uploads\/2016\/11\/Koterba-Wagner-01-768x1152.jpg 768w, https:\/\/tanzen-weilheim.de\/cms\/wp-content\/uploads\/2016\/11\/Koterba-Wagner-01-400x600.jpg 400w, https:\/\/tanzen-weilheim.de\/cms\/wp-content\/uploads\/2016\/11\/Koterba-Wagner-01-533x800.jpg 533w, https:\/\/tanzen-weilheim.de\/cms\/wp-content\/uploads\/2016\/11\/Koterba-Wagner-01-683x1024.jpg 683w\" sizes=\"auto, (max-width: 200px) 100vw, 200px\" \/><\/a><\/p>\n<p>Auch wenn diesmal kein Sieg dabei war, sind das trotzdem ganz tolle Leistungen f\u00fcr unsere TSA, mit denen sich die ganze Abteilung nat\u00fcrlich sehr freut!<\/p>\n<p>25.11.2016\/tk<\/p>\n","protected":false},"excerpt":{"rendered":"<p>Weilheim\/Ingolstadt\/Gammelsdorf. Das Sportjahr 2016 neigt sich dem Ende zu. Aber auch im Jahres-Schlu\u00dfspurt zeigen die Paare der Tanzsportabteilung (TSA) kontinuierlich gute Ergebnisse.<\/p>\n","protected":false},"author":17,"featured_media":0,"comment_status":"closed","ping_status":"closed","sticky":false,"template":"","format":"standard","meta":{"_jetpack_memberships_contains_paid_content":false,"footnotes":""},"categories":[1],"tags":[],"class_list":["post-6410","post","type-post","status-publish","format-standard","hentry","category-allgemein"],"jetpack_featured_media_url":"","jetpack_sharing_enabled":true,"_links":{"self":[{"href":"https:\/\/tanzen-weilheim.de\/cms\/wp-json\/wp\/v2\/posts\/6410","targetHints":{"allow":["GET"]}}],"collection":[{"href":"https:\/\/tanzen-weilheim.de\/cms\/wp-json\/wp\/v2\/posts"}],"about":[{"href":"https:\/\/tanzen-weilheim.de\/cms\/wp-json\/wp\/v2\/types\/post"}],"author":[{"embeddable":true,"href":"https:\/\/tanzen-weilheim.de\/cms\/wp-json\/wp\/v2\/users\/17"}],"replies":[{"embeddable":true,"href":"https:\/\/tanzen-weilheim.de\/cms\/wp-json\/wp\/v2\/comments?post=6410"}],"version-history":[{"count":2,"href":"https:\/\/tanzen-weilheim.de\/cms\/wp-json\/wp\/v2\/posts\/6410\/revisions"}],"predecessor-version":[{"id":6415,"href":"https:\/\/tanzen-weilheim.de\/cms\/wp-json\/wp\/v2\/posts\/6410\/revisions\/6415"}],"wp:attachment":[{"href":"https:\/\/tanzen-weilheim.de\/cms\/wp-json\/wp\/v2\/media?parent=6410"}],"wp:term":[{"taxonomy":"category","embeddable":true,"href":"https:\/\/tanzen-weilheim.de\/cms\/wp-json\/wp\/v2\/categories?post=6410"},{"taxonomy":"post_tag","embeddable":true,"href":"https:\/\/tanzen-weilheim.de\/cms\/wp-json\/wp\/v2\/tags?post=6410"}],"curies":[{"name":"wp","href":"https:\/\/api.w.org\/{rel}","templated":true}]}}