{"id":6356,"date":"2016-11-14T21:22:59","date_gmt":"2016-11-14T19:22:59","guid":{"rendered":"http:\/\/tanzen-weilheim.de\/cms\/?p=6356"},"modified":"2016-11-14T21:24:06","modified_gmt":"2016-11-14T19:24:06","slug":"zwei-siege-fur-christian-tanja-dick-in-neusas-plus-weitere-spitzenergebnisse-bei-landesmeisterschaften","status":"publish","type":"post","link":"https:\/\/tanzen-weilheim.de\/cms\/6356\/zwei-siege-fur-christian-tanja-dick-in-neusas-plus-weitere-spitzenergebnisse-bei-landesmeisterschaften","title":{"rendered":"Zwei Siege f\u00fcr Christian &#038; Tanja Dick in Neus\u00e4\u00df plus weitere Spitzenergebnisse bei Landesmeisterschaften"},"content":{"rendered":"<p>Auch im November rei\u00dft die Erfolgsserie der Tanzsportabteilung (TSA) nicht ab. Es ist schon erstaunlich, aber seit dem Ende der Sommerferien erreichen unsere Paare von Wochenende zu Wochenende, von Turnier zu Turnier regelm\u00e4\u00dfig tolle Leistungen. <!--more--><\/p>\n<p>So traten bei den Bayerischen Meisterschaften der Hauptgruppe (Alter von 18 bis 27) in den Standardt\u00e4nzen zwei unserer Paare in Unterschlei\u00dfheim an. Christopher Roth &amp; Moana Bauer starteten hier in der D-Klasse gegen knapp 20 andere Paare aus ganz Bayern. Sie tanzten sich souver\u00e4n durch Vor- und Zwischenrunde und erreichten klar das Finale der besten 7 Paare, in dem sie dann den sehr guten 5. Platz erreichten. Aufgrund der Qualit\u00e4t aller Endrundenpaare war dies f\u00fcr die beiden ein toller Erfolg, der auch dadurch noch aufgewertet wird, da\u00df die ersten vier Paare in die n\u00e4chsth\u00f6here Klasse C aufgestiegen sind und dadurch Christopher &amp; Moana nun in der D-Klasse in Bayern ganz vorne auf der gef\u00fchlten Rangliste stehen. Den Beiden fehlen auch nur noch einige Punkte zum Aufstieg, die erforderlichen Platzierungen haben sie l\u00e4ngst erreicht.<\/p>\n<p><a href=\"https:\/\/tanzen-weilheim.de\/cms\/wp-content\/uploads\/2016\/11\/Roth-Bauer-03.jpg\"><img loading=\"lazy\" decoding=\"async\" class=\"alignnone size-medium wp-image-6357\" alt=\"Roth-Bauer 03\" src=\"https:\/\/tanzen-weilheim.de\/cms\/wp-content\/uploads\/2016\/11\/Roth-Bauer-03-200x300.jpg\" width=\"161\" height=\"233\" \/><\/a><a href=\"https:\/\/tanzen-weilheim.de\/cms\/wp-content\/uploads\/2016\/11\/Roth-Bauer-04.jpg\"><img loading=\"lazy\" decoding=\"async\" class=\"alignnone size-medium wp-image-6358\" alt=\"Roth-Bauer 04\" src=\"https:\/\/tanzen-weilheim.de\/cms\/wp-content\/uploads\/2016\/11\/Roth-Bauer-04-300x163.jpg\" width=\"429\" height=\"232\" \/><\/a><\/p>\n<p>Bei der gleichen Veranstaltung gingen dann auch Jonas Kaps &amp; Alexandra Muss in der B-Klasse ins Rennen. Sie geh\u00f6ren eigentlich noch in die Altersklasse der Jugend, d\u00fcrfen aber aufgrund einer Doppelstartm\u00f6glichkeit auch bei den Erwachsenen mittanzen. Dies haben sie in den letzten Monaten schon mehrfach genutzt und dabei auch tolle Erfolge erzielt. Und auch hier tanzten sie richtig gut und erreichten ihr selbstgestecktes Ziel, das Semifinale der besten zw\u00f6lf Paare, locker und souver\u00e4n in einem richtig gro\u00dfen und qualitativ guten Startfeld. Der Sprung ins Finale der besten 6 Paare blieb ihnen leider ganz knapp verwehrt; sie kamen auf den Anschlu\u00dfplatz 7. Man sollte hierbei aber immer ber\u00fccksichtigen, da\u00df es sich bei Jonas &amp; Alexandra immer noch um Jugendliche handelt, die bei den Erwachsenen mittanzen! Nicht zuletzt angesichts dieser Tatsache ist das f\u00fcr unser Paar ein super Ergebnis.<\/p>\n<p><a href=\"https:\/\/tanzen-weilheim.de\/cms\/wp-content\/uploads\/2016\/11\/Kaps-Muss-04.jpg\"><img loading=\"lazy\" decoding=\"async\" class=\"alignnone size-medium wp-image-6359\" alt=\"Kaps-Muss 04\" src=\"https:\/\/tanzen-weilheim.de\/cms\/wp-content\/uploads\/2016\/11\/Kaps-Muss-04-245x300.jpg\" width=\"245\" height=\"300\" \/><\/a><a href=\"https:\/\/tanzen-weilheim.de\/cms\/wp-content\/uploads\/2016\/11\/Kaps-Muss-05.jpg\"><img loading=\"lazy\" decoding=\"async\" class=\"alignnone size-medium wp-image-6360\" alt=\"Kaps-Muss 05\" src=\"https:\/\/tanzen-weilheim.de\/cms\/wp-content\/uploads\/2016\/11\/Kaps-Muss-05-300x280.jpg\" width=\"320\" height=\"299\" srcset=\"https:\/\/tanzen-weilheim.de\/cms\/wp-content\/uploads\/2016\/11\/Kaps-Muss-05-300x280.jpg 300w, https:\/\/tanzen-weilheim.de\/cms\/wp-content\/uploads\/2016\/11\/Kaps-Muss-05-400x374.jpg 400w, https:\/\/tanzen-weilheim.de\/cms\/wp-content\/uploads\/2016\/11\/Kaps-Muss-05.jpg 750w\" sizes=\"auto, (max-width: 320px) 100vw, 320px\" \/><\/a><\/p>\n<p>Bei einer weiteren Turnierveranstaltung in Neus\u00e4\u00df bei Augsburg gingen im Breitensportbereich eines unserer neuesten Paare, G\u00fcnter &amp; Gerlinde Zoubek, an den Start und ertanzten sich hier einen 3. Platz und damit erstmals eine Platzierung auf dem Trepperl.F\u00fcr die Beiden war\u00b4s ne klasse Sache und ein Ansporn f\u00fcr weitere Turniere.<\/p>\n<p><a href=\"https:\/\/tanzen-weilheim.de\/cms\/wp-content\/uploads\/2016\/11\/Zoubek-01.jpg\"><img loading=\"lazy\" decoding=\"async\" class=\"alignnone size-medium wp-image-6361\" alt=\"Zoubek 01\" src=\"https:\/\/tanzen-weilheim.de\/cms\/wp-content\/uploads\/2016\/11\/Zoubek-01-300x238.jpg\" width=\"300\" height=\"238\" srcset=\"https:\/\/tanzen-weilheim.de\/cms\/wp-content\/uploads\/2016\/11\/Zoubek-01-300x238.jpg 300w, https:\/\/tanzen-weilheim.de\/cms\/wp-content\/uploads\/2016\/11\/Zoubek-01-960x763.jpg 960w, https:\/\/tanzen-weilheim.de\/cms\/wp-content\/uploads\/2016\/11\/Zoubek-01-1920x1526.jpg 1920w, https:\/\/tanzen-weilheim.de\/cms\/wp-content\/uploads\/2016\/11\/Zoubek-01-768x610.jpg 768w, https:\/\/tanzen-weilheim.de\/cms\/wp-content\/uploads\/2016\/11\/Zoubek-01-1024x814.jpg 1024w, https:\/\/tanzen-weilheim.de\/cms\/wp-content\/uploads\/2016\/11\/Zoubek-01-400x318.jpg 400w, https:\/\/tanzen-weilheim.de\/cms\/wp-content\/uploads\/2016\/11\/Zoubek-01-800x636.jpg 800w\" sizes=\"auto, (max-width: 300px) 100vw, 300px\" \/><\/a><\/p>\n<p>Bei der gleichen Veranstaltung, allerdings dann im Leistungssportbereich, trat auch das Ehepaar Christian &amp; Tanja Dick an, und zwar bei den Senioren II in der C-Klasse. Sie erreichten locker das Finale, setzten sich hier ganz klar und deutlich mit allen gewonnenen T\u00e4nzen und allen Einser-Wertungen durch und holten sich unangefochten den Sieg. Gleich darauf starteten sie auch noch bei den n\u00e4chstj\u00fcngeren Senioren I und wiederholten den klaren und deutlichen Sieg hier noch einmal. Auch Christian &amp; Tanja haben in nur wenigen Turnieren nun schon viele der erforderlichen Punkte und auch die meisten notwendigen Platzierungen f\u00fcr den Aufstieg in die n\u00e4chsth\u00f6here Klasse erreicht.<\/p>\n<p><a href=\"https:\/\/tanzen-weilheim.de\/cms\/wp-content\/uploads\/2016\/11\/Dick-01.jpg\"><img loading=\"lazy\" decoding=\"async\" class=\"alignnone size-medium wp-image-6362\" alt=\"Dick 01\" src=\"https:\/\/tanzen-weilheim.de\/cms\/wp-content\/uploads\/2016\/11\/Dick-01-164x300.jpg\" width=\"164\" height=\"300\" srcset=\"https:\/\/tanzen-weilheim.de\/cms\/wp-content\/uploads\/2016\/11\/Dick-01-164x300.jpg 164w, https:\/\/tanzen-weilheim.de\/cms\/wp-content\/uploads\/2016\/11\/Dick-01-525x960.jpg 525w, https:\/\/tanzen-weilheim.de\/cms\/wp-content\/uploads\/2016\/11\/Dick-01-768x1404.jpg 768w, https:\/\/tanzen-weilheim.de\/cms\/wp-content\/uploads\/2016\/11\/Dick-01-560x1024.jpg 560w, https:\/\/tanzen-weilheim.de\/cms\/wp-content\/uploads\/2016\/11\/Dick-01-328x600.jpg 328w, https:\/\/tanzen-weilheim.de\/cms\/wp-content\/uploads\/2016\/11\/Dick-01-438x800.jpg 438w, https:\/\/tanzen-weilheim.de\/cms\/wp-content\/uploads\/2016\/11\/Dick-01.jpg 875w\" sizes=\"auto, (max-width: 164px) 100vw, 164px\" \/><\/a><a href=\"https:\/\/tanzen-weilheim.de\/cms\/wp-content\/uploads\/2016\/11\/Dick-02.jpg\"><img loading=\"lazy\" decoding=\"async\" class=\"alignnone size-medium wp-image-6363\" alt=\"Dick 02\" src=\"https:\/\/tanzen-weilheim.de\/cms\/wp-content\/uploads\/2016\/11\/Dick-02-219x300.jpg\" width=\"219\" height=\"300\" srcset=\"https:\/\/tanzen-weilheim.de\/cms\/wp-content\/uploads\/2016\/11\/Dick-02-219x300.jpg 219w, https:\/\/tanzen-weilheim.de\/cms\/wp-content\/uploads\/2016\/11\/Dick-02-702x960.jpg 702w, https:\/\/tanzen-weilheim.de\/cms\/wp-content\/uploads\/2016\/11\/Dick-02-768x1051.jpg 768w, https:\/\/tanzen-weilheim.de\/cms\/wp-content\/uploads\/2016\/11\/Dick-02-748x1024.jpg 748w, https:\/\/tanzen-weilheim.de\/cms\/wp-content\/uploads\/2016\/11\/Dick-02-400x547.jpg 400w, https:\/\/tanzen-weilheim.de\/cms\/wp-content\/uploads\/2016\/11\/Dick-02-585x800.jpg 585w, https:\/\/tanzen-weilheim.de\/cms\/wp-content\/uploads\/2016\/11\/Dick-02.jpg 967w\" sizes=\"auto, (max-width: 219px) 100vw, 219px\" \/><\/a><\/p>\n<p>Die gesamte Abteilung freut sich mit den Paaren \u00fcber diese sch\u00f6nen Ergebnisse und gratuliert ganz herzlich!<\/p>\n<p>&nbsp;<\/p>\n<p>14.11.2016\/tk<\/p>\n","protected":false},"excerpt":{"rendered":"<p>Auch im November rei\u00dft die Erfolgsserie der Tanzsportabteilung (TSA) nicht ab. Es ist schon erstaunlich, aber seit dem Ende der Sommerferien erreichen unsere Paare von Wochenende zu Wochenende, von Turnier zu Turnier regelm\u00e4\u00dfig tolle Leistungen.<\/p>\n","protected":false},"author":17,"featured_media":0,"comment_status":"open","ping_status":"open","sticky":false,"template":"","format":"standard","meta":{"_jetpack_memberships_contains_paid_content":false,"footnotes":""},"categories":[1],"tags":[],"class_list":["post-6356","post","type-post","status-publish","format-standard","hentry","category-allgemein"],"jetpack_featured_media_url":"","jetpack_sharing_enabled":true,"_links":{"self":[{"href":"https:\/\/tanzen-weilheim.de\/cms\/wp-json\/wp\/v2\/posts\/6356","targetHints":{"allow":["GET"]}}],"collection":[{"href":"https:\/\/tanzen-weilheim.de\/cms\/wp-json\/wp\/v2\/posts"}],"about":[{"href":"https:\/\/tanzen-weilheim.de\/cms\/wp-json\/wp\/v2\/types\/post"}],"author":[{"embeddable":true,"href":"https:\/\/tanzen-weilheim.de\/cms\/wp-json\/wp\/v2\/users\/17"}],"replies":[{"embeddable":true,"href":"https:\/\/tanzen-weilheim.de\/cms\/wp-json\/wp\/v2\/comments?post=6356"}],"version-history":[{"count":3,"href":"https:\/\/tanzen-weilheim.de\/cms\/wp-json\/wp\/v2\/posts\/6356\/revisions"}],"predecessor-version":[{"id":6365,"href":"https:\/\/tanzen-weilheim.de\/cms\/wp-json\/wp\/v2\/posts\/6356\/revisions\/6365"}],"wp:attachment":[{"href":"https:\/\/tanzen-weilheim.de\/cms\/wp-json\/wp\/v2\/media?parent=6356"}],"wp:term":[{"taxonomy":"category","embeddable":true,"href":"https:\/\/tanzen-weilheim.de\/cms\/wp-json\/wp\/v2\/categories?post=6356"},{"taxonomy":"post_tag","embeddable":true,"href":"https:\/\/tanzen-weilheim.de\/cms\/wp-json\/wp\/v2\/tags?post=6356"}],"curies":[{"name":"wp","href":"https:\/\/api.w.org\/{rel}","templated":true}]}}