{"id":6333,"date":"2016-11-06T13:54:33","date_gmt":"2016-11-06T11:54:33","guid":{"rendered":"http:\/\/tanzen-weilheim.de\/cms\/?p=6333"},"modified":"2016-11-06T13:55:52","modified_gmt":"2016-11-06T11:55:52","slug":"weihnachtsfeier-der-tsa-2","status":"publish","type":"post","link":"https:\/\/tanzen-weilheim.de\/cms\/6333\/weihnachtsfeier-der-tsa-2","title":{"rendered":"Weihnachtsfeier der TSA"},"content":{"rendered":"<p>Die TSA l\u00e4dt alle Mitglieder und die Eltern unserer jugendlichen Mitglieder ganz herzlich zur diesj\u00e4hrigen Weihnachtsfeier ein. N\u00e4heres unter &#8222;Home&#8220;<\/p>\n","protected":false},"excerpt":{"rendered":"<p>Die TSA l\u00e4dt alle Mitglieder und die Eltern unserer jugendlichen Mitglieder ganz herzlich zur diesj\u00e4hrigen Weihnachtsfeier ein. N\u00e4heres unter &#8222;Home&#8220;<\/p>\n","protected":false},"author":17,"featured_media":0,"comment_status":"open","ping_status":"open","sticky":false,"template":"","format":"standard","meta":{"_jetpack_memberships_contains_paid_content":false,"footnotes":""},"categories":[3],"tags":[],"class_list":["post-6333","post","type-post","status-publish","format-standard","hentry","category-termine"],"jetpack_featured_media_url":"","jetpack_sharing_enabled":true,"_links":{"self":[{"href":"https:\/\/tanzen-weilheim.de\/cms\/wp-json\/wp\/v2\/posts\/6333","targetHints":{"allow":["GET"]}}],"collection":[{"href":"https:\/\/tanzen-weilheim.de\/cms\/wp-json\/wp\/v2\/posts"}],"about":[{"href":"https:\/\/tanzen-weilheim.de\/cms\/wp-json\/wp\/v2\/types\/post"}],"author":[{"embeddable":true,"href":"https:\/\/tanzen-weilheim.de\/cms\/wp-json\/wp\/v2\/users\/17"}],"replies":[{"embeddable":true,"href":"https:\/\/tanzen-weilheim.de\/cms\/wp-json\/wp\/v2\/comments?post=6333"}],"version-history":[{"count":3,"href":"https:\/\/tanzen-weilheim.de\/cms\/wp-json\/wp\/v2\/posts\/6333\/revisions"}],"predecessor-version":[{"id":6335,"href":"https:\/\/tanzen-weilheim.de\/cms\/wp-json\/wp\/v2\/posts\/6333\/revisions\/6335"}],"wp:attachment":[{"href":"https:\/\/tanzen-weilheim.de\/cms\/wp-json\/wp\/v2\/media?parent=6333"}],"wp:term":[{"taxonomy":"category","embeddable":true,"href":"https:\/\/tanzen-weilheim.de\/cms\/wp-json\/wp\/v2\/categories?post=6333"},{"taxonomy":"post_tag","embeddable":true,"href":"https:\/\/tanzen-weilheim.de\/cms\/wp-json\/wp\/v2\/tags?post=6333"}],"curies":[{"name":"wp","href":"https:\/\/api.w.org\/{rel}","templated":true}]}}