{"id":6292,"date":"2016-10-16T23:22:51","date_gmt":"2016-10-16T21:22:51","guid":{"rendered":"http:\/\/tanzen-weilheim.de\/cms\/?p=6292"},"modified":"2016-10-21T16:00:31","modified_gmt":"2016-10-21T14:00:31","slug":"zwei-turniersiege-und-eine-menge-hervorragender-platze","status":"publish","type":"post","link":"https:\/\/tanzen-weilheim.de\/cms\/6292\/zwei-turniersiege-und-eine-menge-hervorragender-platze","title":{"rendered":"Zwei Turniersiege (Marschall und Koterba\/Wagner) und eine Menge hervorragender Pl\u00e4tze !!!"},"content":{"rendered":"<p><b>Weilheim\/Roth<\/b>.\u00a0 Normalerweise sprechen ja eher Meteorologen und deren \u201ePublikum\u201c von einem \u201egoldenen Oktober\u201c. In diesem Jahr ist dieser Begriff aber v\u00f6llig problemlos auch f\u00fcr die Leistungen der Tanzpaare unserer Tanzsportabteilung zu verwenden. Seit Ende der Sommerferien rei\u00dft die Serie von Spitzenergebnissen hier nicht ab. <!--more--><\/p>\n<p>Aber der Reihe nach: Am vergangenen Wochenende waren Tanzpaare der Altersklassen Hauptgruppe, Junioren II und Jugend auf der Gro\u00df-Turnierveranstaltung des \u201eFranken Dance Festivals\u201c unterwegs. Bei diesem t\u00e4nzerischen Mammut-Event wurden auf drei parallelen Tanzfl\u00e4chen sage und schreibe 94 (!) einzelne Turnier ausgetragen. Christopher Roth &amp; Moana Bauer schafften hier in der Hauptgruppe D-Standard einen tollen 3. Platz am Samstag, erreichten auch am Sonntag erneut das Finale und best\u00e4tigten ihre gute Form hier sogar mit dem 2. Platz, nur hauchd\u00fcnn geschlagen vom Siegerpaar aus K\u00f6nigsbrunn. Auch bei ihrem allerersten Start bei den Lateinamerikanischen T\u00e4nzen konnten sie am Samstag gleich auch noch einen guten Mittelplatz drauflegen. Ole Graf &amp; Diana Vollmann, die ja Anfang Oktober mit dem Meistertitel der C-Klasse in die Junioren II B-Standard-Klasse aufgestiegen sind, zeigten auch hier gleich ihr K\u00f6nnen, erreichten das Finale und belegten beim ersten Start in dieser Leistungsklasse gleich den 5. Platz; Chapeau! Am Sonntag gingen dann auch Jonas Kaps &amp; Alexandra Muss an den Start. In Ihrer Startklasse Jugend-B-Standard erreichten die beiden in einem leider nur kleinen Startfeld den 2. Platz, in der Jugend B-Latein zum zweiten Mal \u00fcberhaupt das Finale und dort einen tollen 6. Platz. In der Hauptgruppe, also bei den Erwachsenen, in der sie mittanzen d\u00fcrfen, erreichten sie souver\u00e4n das Finale und dort den hervorragenden 2. Platz! Wenn die beiden so weitermachen, dann winkt ihnen noch dieses Jahr der Aufstieg in die A-Klasse und damit die internationale Startberechtigung.<\/p>\n<p><a href=\"https:\/\/tanzen-weilheim.de\/cms\/wp-content\/uploads\/2016\/10\/Roth-Bauer-05.jpg\"><img loading=\"lazy\" decoding=\"async\" class=\"alignnone size-medium wp-image-6293\" alt=\"Roth-Bauer 05\" src=\"https:\/\/tanzen-weilheim.de\/cms\/wp-content\/uploads\/2016\/10\/Roth-Bauer-05-300x168.jpg\" width=\"533\" height=\"299\" \/><\/a><a href=\"https:\/\/tanzen-weilheim.de\/cms\/wp-content\/uploads\/2016\/10\/Graf-Vollmann-01.jpg\"><img loading=\"lazy\" decoding=\"async\" class=\"alignnone size-medium wp-image-6281\" alt=\"Graf-Vollmann 01\" src=\"https:\/\/tanzen-weilheim.de\/cms\/wp-content\/uploads\/2016\/10\/Graf-Vollmann-01-222x300.jpg\" width=\"222\" height=\"300\" \/><\/a><a href=\"https:\/\/tanzen-weilheim.de\/cms\/wp-content\/uploads\/2016\/10\/Kaps-Muss-01.jpg\"><img loading=\"lazy\" decoding=\"async\" class=\"alignnone size-medium wp-image-6283\" alt=\"Kaps-Muss 01\" src=\"https:\/\/tanzen-weilheim.de\/cms\/wp-content\/uploads\/2016\/10\/Kaps-Muss-01-157x300.jpg\" width=\"157\" height=\"300\" srcset=\"https:\/\/tanzen-weilheim.de\/cms\/wp-content\/uploads\/2016\/10\/Kaps-Muss-01-157x300.jpg 157w, https:\/\/tanzen-weilheim.de\/cms\/wp-content\/uploads\/2016\/10\/Kaps-Muss-01-503x960.jpg 503w, https:\/\/tanzen-weilheim.de\/cms\/wp-content\/uploads\/2016\/10\/Kaps-Muss-01-537x1024.jpg 537w, https:\/\/tanzen-weilheim.de\/cms\/wp-content\/uploads\/2016\/10\/Kaps-Muss-01-315x600.jpg 315w, https:\/\/tanzen-weilheim.de\/cms\/wp-content\/uploads\/2016\/10\/Kaps-Muss-01-419x800.jpg 419w, https:\/\/tanzen-weilheim.de\/cms\/wp-content\/uploads\/2016\/10\/Kaps-Muss-01.jpg 692w\" sizes=\"auto, (max-width: 157px) 100vw, 157px\" \/><\/a><\/p>\n<p>Aus dem Frankenland wieder zur\u00fcck nach Oberbayern: am Samstag war n\u00e4mlich auch in der wundersch\u00f6nen Weilheimer Stadthalle Turnier-Tanzsport angesagt! Die TSA richtete hier einen Turniertag in einer leider eher seltenen, aber sehr beliebten und f\u00fcr alle interessanten Kombination aus, n\u00e4mlich in der Verbindung von Breiten- und Leistungssport. Zun\u00e4chst waren mittags die Breitensportpaare an der Reihe, ihr K\u00f6nnen zu zeigen. In den zwei Altersklassen der \u201eNewcomer\u201c und der \u201e\u00dc35\u201c waren auch einige Weilheimer Paare am Start, zum Teil sogar zum allerersten Mal auf einem Turnier! Und sie machten ihre Sache dort richtig super! Bei den Newcomern (die bisher max. 5-mal in einer Endrunde angetreten sein durften) belegten unsere Paare die tollen Pl\u00e4tze 3 (Michael Asam &amp; Christine Schwarz), 5 (G\u00fcnter &amp; Gerlinde Zoubek) und 7 (Peter &amp; Bettina Heilmann. Sieger wurde bei den Newcomern Maximilian Denninger &amp; Johanna Sie\u00dfmeir aus Bad W\u00f6rishofen, bei den \u201e\u00dc35\u201c errangen die Weilheimer Paare Martin Korak &amp; Christine H\u00fcbler den 2. Platz und Michael Asam &amp; Christine Schwarz erneut den 3. Platz. Den 1. Platz und damit den Sieg dieses Turniers holten sich Joachim Heymans und Elvira Mbodij vom TTC Gr\u00fcn-Wei\u00df Eichenau e.V.<\/p>\n<p><a href=\"https:\/\/tanzen-weilheim.de\/cms\/wp-content\/uploads\/2016\/10\/Breitensport-20161015-01.jpg\"><img loading=\"lazy\" decoding=\"async\" class=\"alignnone size-medium wp-image-6294\" alt=\"Breitensport 20161015-01\" src=\"https:\/\/tanzen-weilheim.de\/cms\/wp-content\/uploads\/2016\/10\/Breitensport-20161015-01-300x200.jpg\" width=\"300\" height=\"200\" srcset=\"https:\/\/tanzen-weilheim.de\/cms\/wp-content\/uploads\/2016\/10\/Breitensport-20161015-01-300x200.jpg 300w, https:\/\/tanzen-weilheim.de\/cms\/wp-content\/uploads\/2016\/10\/Breitensport-20161015-01-960x640.jpg 960w, https:\/\/tanzen-weilheim.de\/cms\/wp-content\/uploads\/2016\/10\/Breitensport-20161015-01-1920x1280.jpg 1920w, https:\/\/tanzen-weilheim.de\/cms\/wp-content\/uploads\/2016\/10\/Breitensport-20161015-01-768x512.jpg 768w, https:\/\/tanzen-weilheim.de\/cms\/wp-content\/uploads\/2016\/10\/Breitensport-20161015-01-400x267.jpg 400w, https:\/\/tanzen-weilheim.de\/cms\/wp-content\/uploads\/2016\/10\/Breitensport-20161015-01-800x533.jpg 800w, https:\/\/tanzen-weilheim.de\/cms\/wp-content\/uploads\/2016\/10\/Breitensport-20161015-01-1024x683.jpg 1024w\" sizes=\"auto, (max-width: 300px) 100vw, 300px\" \/><\/a><\/p>\n<p>Zu den Ergebnissen der Breitensportwettbewerbe:\u00a0 <a href=\"http:\/\/www.tanzen-weilheim.de\/cms\/wp-content\/uploads\/2016\/10\/breitensport\/index.htm\">http:\/\/www.tanzen-weilheim.de\/cms\/wp-content\/uploads\/2016\/10\/breitensport\/index.htm<\/a><\/p>\n<p>Am Nachmittag ging es dann nahtlos weiter mit den Leistungssportklassen D, C, B und A der Altersgruppe der Senioren III (ein Partner \u00fcber 50, der zweite \u00fcber 55 Jahre) in den Standardt\u00e4nzen. Hier tanzte sich unser neuestes Weilheimer Leistungssport-Paar Berthold &amp; Valinja Bauer souver\u00e4n durch die Vorrunde ins Finale und sogar aufs Trepperl; sie belegten am Schlu\u00df einen tollen 3. Platz. Noch vor einem Jahr traten sie bei dieser Veranstaltung im Breitensport an und schnupperten da so viel Turnierluft, da\u00df sie das Abenteuer Leistungssport anpackten, und wie! Angesichts der Tatsache, da\u00df es f\u00fcr die beiden erst insgesamt das dritte gemeinsame Leistungssport-Turnier war und auch das erste vor heimischer Kulisse, was ja auch manchmal eine gewisse Nervosit\u00e4t erzeugt, war das ein rundum gelungener Start in die Turniertanzkarriere!<\/p>\n<p><a href=\"https:\/\/tanzen-weilheim.de\/cms\/wp-content\/uploads\/2016\/10\/Bauer-03.jpg\"><img loading=\"lazy\" decoding=\"async\" class=\"alignnone size-medium wp-image-6296\" alt=\"Bauer 03\" src=\"https:\/\/tanzen-weilheim.de\/cms\/wp-content\/uploads\/2016\/10\/Bauer-03-300x225.jpg\" width=\"388\" height=\"291\" srcset=\"https:\/\/tanzen-weilheim.de\/cms\/wp-content\/uploads\/2016\/10\/Bauer-03-300x225.jpg 300w, https:\/\/tanzen-weilheim.de\/cms\/wp-content\/uploads\/2016\/10\/Bauer-03-960x720.jpg 960w, https:\/\/tanzen-weilheim.de\/cms\/wp-content\/uploads\/2016\/10\/Bauer-03-1920x1440.jpg 1920w, https:\/\/tanzen-weilheim.de\/cms\/wp-content\/uploads\/2016\/10\/Bauer-03-768x576.jpg 768w, https:\/\/tanzen-weilheim.de\/cms\/wp-content\/uploads\/2016\/10\/Bauer-03-1024x768.jpg 1024w, https:\/\/tanzen-weilheim.de\/cms\/wp-content\/uploads\/2016\/10\/Bauer-03-400x300.jpg 400w, https:\/\/tanzen-weilheim.de\/cms\/wp-content\/uploads\/2016\/10\/Bauer-03-800x600.jpg 800w\" sizes=\"auto, (max-width: 388px) 100vw, 388px\" \/><\/a><a href=\"https:\/\/tanzen-weilheim.de\/cms\/wp-content\/uploads\/2016\/09\/Bauer-02.jpg\"><img loading=\"lazy\" decoding=\"async\" class=\"alignnone size-medium wp-image-6241\" alt=\"Bauer 02\" src=\"https:\/\/tanzen-weilheim.de\/cms\/wp-content\/uploads\/2016\/09\/Bauer-02-165x300.jpg\" width=\"165\" height=\"300\" srcset=\"https:\/\/tanzen-weilheim.de\/cms\/wp-content\/uploads\/2016\/09\/Bauer-02-165x300.jpg 165w, https:\/\/tanzen-weilheim.de\/cms\/wp-content\/uploads\/2016\/09\/Bauer-02-529x960.jpg 529w, https:\/\/tanzen-weilheim.de\/cms\/wp-content\/uploads\/2016\/09\/Bauer-02-1057x1920.jpg 1057w, https:\/\/tanzen-weilheim.de\/cms\/wp-content\/uploads\/2016\/09\/Bauer-02-768x1395.jpg 768w, https:\/\/tanzen-weilheim.de\/cms\/wp-content\/uploads\/2016\/09\/Bauer-02-564x1024.jpg 564w, https:\/\/tanzen-weilheim.de\/cms\/wp-content\/uploads\/2016\/09\/Bauer-02-330x600.jpg 330w, https:\/\/tanzen-weilheim.de\/cms\/wp-content\/uploads\/2016\/09\/Bauer-02-441x800.jpg 441w, https:\/\/tanzen-weilheim.de\/cms\/wp-content\/uploads\/2016\/09\/Bauer-02.jpg 1140w\" sizes=\"auto, (max-width: 165px) 100vw, 165px\" \/><\/a><\/p>\n<p>In der C-Klasse war diesmal kein Weilheimer Paar angetreten. In der n\u00e4chsth\u00f6heren Leistungsklasse B waren daf\u00fcr gleich zwei heimische Paare dabei: Joachim &amp; Monika Brand, die sich trotz eines gesundheitlichen Handicaps den Start in der eigenen Halle nicht nehmen lassen wollten, und Dr. Michael und Monika Marschall. Beide Paare waren erst im Fr\u00fchsommer in diese Klasse aufgestiegen. Das Ehepaar Brand schaffte im erst dritten B-Turnier gleich erstmals den Sprung ins Finale und auf den 6. Platz. Noch besser machte es das Ehepaar Marschall, die im ebenfalls erst dritten B-Turnier gleich mal den Sieg holten und den Pfaffenwinkel-Pokal f\u00fcr diese Klasse in Weilheim behielten!<\/p>\n<p><a href=\"https:\/\/tanzen-weilheim.de\/cms\/wp-content\/uploads\/2016\/10\/Marschall-03.jpg\"><img loading=\"lazy\" decoding=\"async\" class=\"alignnone size-medium wp-image-6297\" alt=\"Marschall 03\" src=\"https:\/\/tanzen-weilheim.de\/cms\/wp-content\/uploads\/2016\/10\/Marschall-03-224x300.jpg\" width=\"224\" height=\"300\" \/><\/a><a href=\"https:\/\/tanzen-weilheim.de\/cms\/wp-content\/uploads\/2016\/10\/Marschall-02.jpg\"><img loading=\"lazy\" decoding=\"async\" class=\"alignnone size-medium wp-image-6298\" alt=\"Marschall 02\" src=\"https:\/\/tanzen-weilheim.de\/cms\/wp-content\/uploads\/2016\/10\/Marschall-02-300x225.jpg\" width=\"397\" height=\"298\" srcset=\"https:\/\/tanzen-weilheim.de\/cms\/wp-content\/uploads\/2016\/10\/Marschall-02-300x225.jpg 300w, https:\/\/tanzen-weilheim.de\/cms\/wp-content\/uploads\/2016\/10\/Marschall-02-960x721.jpg 960w, https:\/\/tanzen-weilheim.de\/cms\/wp-content\/uploads\/2016\/10\/Marschall-02-1920x1443.jpg 1920w, https:\/\/tanzen-weilheim.de\/cms\/wp-content\/uploads\/2016\/10\/Marschall-02-768x577.jpg 768w, https:\/\/tanzen-weilheim.de\/cms\/wp-content\/uploads\/2016\/10\/Marschall-02-400x301.jpg 400w, https:\/\/tanzen-weilheim.de\/cms\/wp-content\/uploads\/2016\/10\/Marschall-02-800x601.jpg 800w, https:\/\/tanzen-weilheim.de\/cms\/wp-content\/uploads\/2016\/10\/Marschall-02-1024x769.jpg 1024w\" sizes=\"auto, (max-width: 397px) 100vw, 397px\" \/><\/a><a href=\"https:\/\/tanzen-weilheim.de\/cms\/wp-content\/uploads\/2016\/10\/Brand-01.jpg\"><img loading=\"lazy\" decoding=\"async\" class=\"alignnone size-medium wp-image-6311\" alt=\"Brand 01\" src=\"https:\/\/tanzen-weilheim.de\/cms\/wp-content\/uploads\/2016\/10\/Brand-01-300x202.jpg\" width=\"441\" height=\"298\" \/><\/a><\/p>\n<p>In der h\u00f6chsten Startklasse dieses Turniertages gingen dann, es war inzwischen fr\u00fcher Abend geworden, Thomas Koterba &amp; Karin Wagner f\u00fcr die Tanzsportabteilung ins Rennen und dazu auch nochmal das Ehepaar Marschall, das als Sieger der vorherigen Klasse B bei der A-Klasse als Gastpaar mittanzen durfte. Auch hier legten sich die Marschalls nochmal m\u00e4chtig ins Zeug und kamen wieder ins Finale und hier auf den 6. Platz. Angesichts ihres Aufstiegs erst vor gut drei Monaten war das f\u00fcr die Beiden nat\u00fcrlich ein Traumergebnis! Auf den vorderen Pl\u00e4tzen des Finales der A-Klasse wurde es dann richtig spannend, die Wertungen gingen auch einigerma\u00dfen durcheinander, aber am Schlu\u00df setzten sich Thomas und Karin mit drei gewonnenen T\u00e4nzen verdient durch, holten auch in dieser Klasse den Turniersieg f\u00fcr Weilheim und behielten den Pfaffenwinkel-Pokal in der Kreisstadt! Dabei schlugen sie u.a. erstmals Ulla &amp; Raimund Wilhelm aus Memmingen, die seit Monaten die gef\u00fchlte Rangliste in Bayern f\u00fcr diese Klasse deutlich anf\u00fchren! Ein gro\u00dfer Dank ging von den Beiden gemeinsam mit allen Paaren des Finales Hand in Hand in einer Reihe an das wirklich hervorragende Publikum in der Weilheimer Stadthalle, das eine Stimmung verbreiteten und die Paare anfeuerte, wie man es auf mancher Meisterschaft nicht erlebt! Hierzu pa\u00dft auch ein Zitat des Ehepaars Wilhelm, das die Sportauffassung des Senioren-Tanzsports besser nicht wiedergeben k\u00f6nnte: &#8222;Bei den Senioren tanzt man miteinander und nicht gegeneinander!&#8220; Da\u00df dieses Miteinander trotzdem und vielleicht auch gerade deshalb gro\u00dfartigen Sport erzeugt, das hat man am Samstag in der Weilheimer Stadthalle wahrlich sehen k\u00f6nnen!<\/p>\n<p><a href=\"https:\/\/tanzen-weilheim.de\/cms\/wp-content\/uploads\/2016\/10\/IMG_6788.jpg\"><img loading=\"lazy\" decoding=\"async\" class=\"alignnone size-medium wp-image-6299\" alt=\"IMG_6788\" src=\"https:\/\/tanzen-weilheim.de\/cms\/wp-content\/uploads\/2016\/10\/IMG_6788-300x225.jpg\" width=\"398\" height=\"299\" srcset=\"https:\/\/tanzen-weilheim.de\/cms\/wp-content\/uploads\/2016\/10\/IMG_6788-300x225.jpg 300w, https:\/\/tanzen-weilheim.de\/cms\/wp-content\/uploads\/2016\/10\/IMG_6788-960x720.jpg 960w, https:\/\/tanzen-weilheim.de\/cms\/wp-content\/uploads\/2016\/10\/IMG_6788-1920x1440.jpg 1920w, https:\/\/tanzen-weilheim.de\/cms\/wp-content\/uploads\/2016\/10\/IMG_6788-768x576.jpg 768w, https:\/\/tanzen-weilheim.de\/cms\/wp-content\/uploads\/2016\/10\/IMG_6788-1024x768.jpg 1024w, https:\/\/tanzen-weilheim.de\/cms\/wp-content\/uploads\/2016\/10\/IMG_6788-400x300.jpg 400w, https:\/\/tanzen-weilheim.de\/cms\/wp-content\/uploads\/2016\/10\/IMG_6788-800x600.jpg 800w\" sizes=\"auto, (max-width: 398px) 100vw, 398px\" \/><\/a><a href=\"https:\/\/tanzen-weilheim.de\/cms\/wp-content\/uploads\/2016\/10\/Koterba-Wagner-04.jpg\"><img loading=\"lazy\" decoding=\"async\" class=\"alignnone size-medium wp-image-6300\" alt=\"Koterba-Wagner 04\" src=\"https:\/\/tanzen-weilheim.de\/cms\/wp-content\/uploads\/2016\/10\/Koterba-Wagner-04-175x300.jpg\" width=\"175\" height=\"300\" \/><\/a><a href=\"https:\/\/tanzen-weilheim.de\/cms\/wp-content\/uploads\/2016\/10\/Koterba-Wagner-05.jpg\"><img loading=\"lazy\" decoding=\"async\" class=\"alignnone size-medium wp-image-6301\" alt=\"Koterba-Wagner 05\" src=\"https:\/\/tanzen-weilheim.de\/cms\/wp-content\/uploads\/2016\/10\/Koterba-Wagner-05-219x300.jpg\" width=\"219\" height=\"300\" \/><\/a><a href=\"https:\/\/tanzen-weilheim.de\/cms\/wp-content\/uploads\/2016\/10\/Koterba-Wagner-06.jpg\"><img loading=\"lazy\" decoding=\"async\" class=\"alignnone size-medium wp-image-6310\" alt=\"Koterba-Wagner 06\" src=\"https:\/\/tanzen-weilheim.de\/cms\/wp-content\/uploads\/2016\/10\/Koterba-Wagner-06-244x300.jpg\" width=\"244\" height=\"300\" \/><\/a><\/p>\n<p>Und hier geht\u00b4s zu den Ergebnissen der Senioren III: <a href=\"http:\/\/www.tanzen-weilheim.de\/cms\/wp-content\/uploads\/2016\/10\/leistungssport\/index.htm\">http:\/\/www.tanzen-weilheim.de\/cms\/wp-content\/uploads\/2016\/10\/leistungssport\/index.htm<\/a><\/p>\n<p>Es war somit ein wunderbares Wochenende f\u00fcr die Weilheimer Paare, verbunden mit sicherlich vielen, vielen tollen Erinnerungen f\u00fcr alle beteiligten Paare, nicht zuletzt auch von den abendlichen Siegesfeiern! Hier hat sich wieder mal gezeigt, da\u00df sich konzentriertes und konsequentes Training irgendwann immer auszahlt.<\/p>\n<p>16.10.2016\/tk<\/p>\n","protected":false},"excerpt":{"rendered":"<p>Weilheim\/Roth.\u00a0 Normalerweise sprechen ja eher Meteorologen und deren \u201ePublikum\u201c von einem \u201egoldenen Oktober\u201c. In diesem Jahr ist dieser Begriff aber v\u00f6llig problemlos auch f\u00fcr die Leistungen der Tanzpaare unserer Tanzsportabteilung zu verwenden. Seit Ende der Sommerferien rei\u00dft die Serie von Spitzenergebnissen hier nicht ab.<\/p>\n","protected":false},"author":17,"featured_media":0,"comment_status":"open","ping_status":"open","sticky":false,"template":"","format":"standard","meta":{"_jetpack_memberships_contains_paid_content":false,"footnotes":""},"categories":[1],"tags":[],"class_list":["post-6292","post","type-post","status-publish","format-standard","hentry","category-allgemein"],"jetpack_featured_media_url":"","jetpack_sharing_enabled":true,"_links":{"self":[{"href":"https:\/\/tanzen-weilheim.de\/cms\/wp-json\/wp\/v2\/posts\/6292","targetHints":{"allow":["GET"]}}],"collection":[{"href":"https:\/\/tanzen-weilheim.de\/cms\/wp-json\/wp\/v2\/posts"}],"about":[{"href":"https:\/\/tanzen-weilheim.de\/cms\/wp-json\/wp\/v2\/types\/post"}],"author":[{"embeddable":true,"href":"https:\/\/tanzen-weilheim.de\/cms\/wp-json\/wp\/v2\/users\/17"}],"replies":[{"embeddable":true,"href":"https:\/\/tanzen-weilheim.de\/cms\/wp-json\/wp\/v2\/comments?post=6292"}],"version-history":[{"count":12,"href":"https:\/\/tanzen-weilheim.de\/cms\/wp-json\/wp\/v2\/posts\/6292\/revisions"}],"predecessor-version":[{"id":6304,"href":"https:\/\/tanzen-weilheim.de\/cms\/wp-json\/wp\/v2\/posts\/6292\/revisions\/6304"}],"wp:attachment":[{"href":"https:\/\/tanzen-weilheim.de\/cms\/wp-json\/wp\/v2\/media?parent=6292"}],"wp:term":[{"taxonomy":"category","embeddable":true,"href":"https:\/\/tanzen-weilheim.de\/cms\/wp-json\/wp\/v2\/categories?post=6292"},{"taxonomy":"post_tag","embeddable":true,"href":"https:\/\/tanzen-weilheim.de\/cms\/wp-json\/wp\/v2\/tags?post=6292"}],"curies":[{"name":"wp","href":"https:\/\/api.w.org\/{rel}","templated":true}]}}