{"id":6280,"date":"2016-10-04T19:50:34","date_gmt":"2016-10-04T17:50:34","guid":{"rendered":"http:\/\/tanzen-weilheim.de\/cms\/?p=6280"},"modified":"2016-10-04T19:50:34","modified_gmt":"2016-10-04T17:50:34","slug":"bayerischer-meistertitel-fur-ole-graf-diana-vollmann","status":"publish","type":"post","link":"https:\/\/tanzen-weilheim.de\/cms\/6280\/bayerischer-meistertitel-fur-ole-graf-diana-vollmann","title":{"rendered":"Bayerischer Meistertitel f\u00fcr Ole Graf &#038; Diana Vollmann"},"content":{"rendered":"<p><b><span style=\"text-decoration: underline;\">1 x Gold + Aufstieg, 1 x Silber und 1 x Bronze bei den Bayer. Meisterschaften U18 Standard!<\/span><\/b><\/p>\n<p>Auch am dritten Wochenende in Folge nach den Sommerferien freut sich die Tanzsportabteilung \u00fcber exzellente Ergebnisse, diesmal sogar \u00fcber Meisterehren!<\/p>\n<p><!--more-->F\u00fcr Ole Graf &amp; Diana Vollmann war der Aufstieg in die n\u00e4chsth\u00f6here Leistungsklasse schon klar im Visier, fehlten doch nur noch 5 Punkte und ein Trepperlplatz. In diesem Bewu\u00dftsein fuhren die beiden am Samstag, den 02.10.16 nach F\u00fcrth, wo diesmal das Rot-Gold-Casino N\u00fcrnberg e.V. Ausrichter der Landesmeisterschaften f\u00fcr alle Jugendklassen in den Standardt\u00e4nzen war. Bestens vorbereitet wollten sich Ole &amp; Diana den Traum wahrmachen, diesen Aufstieg mit dem Turniersieg und damit dem Bayer. Meistertitel zu kr\u00f6nen. Und das gelang auf beeindruckende Weise. Sie mu\u00dften nur den Slowfox abgeben an das zweitplatzierte Paar aus N\u00fcrnberg, ansonsten gewannen unsere Youngsters alle T\u00e4nze des Finales und konnten sich so neben dem verdienten Aufstieg in die B-Klasse auch die Goldmedaille und den Titel des Bayer. Meisters der Junioren II in der C-Klasse sichern. Und frisch aufgestiegen ertanzten die Zwei auch gleich Platz 3 und damit die Bronzemedaille in der B-Klasse.<\/p>\n<p><a href=\"https:\/\/tanzen-weilheim.de\/cms\/wp-content\/uploads\/2016\/10\/Graf-Vollmann-01.jpg\"><img loading=\"lazy\" decoding=\"async\" class=\"alignnone size-medium wp-image-6281\" alt=\"Graf-Vollmann 01\" src=\"https:\/\/tanzen-weilheim.de\/cms\/wp-content\/uploads\/2016\/10\/Graf-Vollmann-01-222x300.jpg\" width=\"222\" height=\"300\" \/><\/a><a href=\"https:\/\/tanzen-weilheim.de\/cms\/wp-content\/uploads\/2016\/10\/Graf-Vollmann-02.jpg\"><img loading=\"lazy\" decoding=\"async\" class=\"alignnone size-medium wp-image-6282\" alt=\"Graf-Vollmann 02\" src=\"https:\/\/tanzen-weilheim.de\/cms\/wp-content\/uploads\/2016\/10\/Graf-Vollmann-02-300x172.jpg\" width=\"300\" height=\"172\" \/><\/a><\/p>\n<p>Als zweites Paar gingen, ebenfalls bestens vorbereitet, Jonas Kaps &amp; Alexandra Muss in der Klasse B-Standard der Altersgruppe Jugend an den Start. Sie erreichten souver\u00e4n das Finale und mu\u00dften nur einem Paar aus N\u00fcrnberg den Vortritt lassen, die diese Meisterschaft deutlich gewannen. Den spannenden Kampf um die Pl\u00e4tze zwei, drei und vier entschieden jedoch Jonas &amp; Alexandra gegen zwei weitere Paare des ausrichtenden Clubs f\u00fcr sich, gewannen die Silbermedaille und d\u00fcrfen sich somit ab sofort Bayerischer Vizemeister nennen.<\/p>\n<p><a href=\"https:\/\/tanzen-weilheim.de\/cms\/wp-content\/uploads\/2016\/10\/Kaps-Muss-01.jpg\"><img loading=\"lazy\" decoding=\"async\" class=\"alignnone size-medium wp-image-6283\" alt=\"Kaps-Muss 01\" src=\"https:\/\/tanzen-weilheim.de\/cms\/wp-content\/uploads\/2016\/10\/Kaps-Muss-01-157x300.jpg\" width=\"157\" height=\"300\" srcset=\"https:\/\/tanzen-weilheim.de\/cms\/wp-content\/uploads\/2016\/10\/Kaps-Muss-01-157x300.jpg 157w, https:\/\/tanzen-weilheim.de\/cms\/wp-content\/uploads\/2016\/10\/Kaps-Muss-01-503x960.jpg 503w, https:\/\/tanzen-weilheim.de\/cms\/wp-content\/uploads\/2016\/10\/Kaps-Muss-01-537x1024.jpg 537w, https:\/\/tanzen-weilheim.de\/cms\/wp-content\/uploads\/2016\/10\/Kaps-Muss-01-315x600.jpg 315w, https:\/\/tanzen-weilheim.de\/cms\/wp-content\/uploads\/2016\/10\/Kaps-Muss-01-419x800.jpg 419w, https:\/\/tanzen-weilheim.de\/cms\/wp-content\/uploads\/2016\/10\/Kaps-Muss-01.jpg 692w\" sizes=\"auto, (max-width: 157px) 100vw, 157px\" \/><\/a><a href=\"https:\/\/tanzen-weilheim.de\/cms\/wp-content\/uploads\/2016\/10\/Kaps-Muss-02.jpg\"><img loading=\"lazy\" decoding=\"async\" class=\"alignnone size-medium wp-image-6284\" alt=\"Kaps-Muss 02\" src=\"https:\/\/tanzen-weilheim.de\/cms\/wp-content\/uploads\/2016\/10\/Kaps-Muss-02-300x199.jpg\" width=\"300\" height=\"199\" \/><\/a><\/p>\n<p>Die gesamte Abteilung gratuliert unseren beiden Jugendpaaren ganz herzlich zu den tollen Erfolgen!<\/p>\n<p>02.10.2016\/tk<\/p>\n","protected":false},"excerpt":{"rendered":"<p>1 x Gold + Aufstieg, 1 x Silber und 1 x Bronze bei den Bayer. Meisterschaften U18 Standard! Auch am dritten Wochenende in Folge nach den Sommerferien freut sich die Tanzsportabteilung \u00fcber exzellente Ergebnisse, diesmal sogar \u00fcber Meisterehren!<\/p>\n","protected":false},"author":17,"featured_media":0,"comment_status":"open","ping_status":"open","sticky":false,"template":"","format":"standard","meta":{"_jetpack_memberships_contains_paid_content":false,"footnotes":""},"categories":[1],"tags":[],"class_list":["post-6280","post","type-post","status-publish","format-standard","hentry","category-allgemein"],"jetpack_featured_media_url":"","jetpack_sharing_enabled":true,"_links":{"self":[{"href":"https:\/\/tanzen-weilheim.de\/cms\/wp-json\/wp\/v2\/posts\/6280","targetHints":{"allow":["GET"]}}],"collection":[{"href":"https:\/\/tanzen-weilheim.de\/cms\/wp-json\/wp\/v2\/posts"}],"about":[{"href":"https:\/\/tanzen-weilheim.de\/cms\/wp-json\/wp\/v2\/types\/post"}],"author":[{"embeddable":true,"href":"https:\/\/tanzen-weilheim.de\/cms\/wp-json\/wp\/v2\/users\/17"}],"replies":[{"embeddable":true,"href":"https:\/\/tanzen-weilheim.de\/cms\/wp-json\/wp\/v2\/comments?post=6280"}],"version-history":[{"count":2,"href":"https:\/\/tanzen-weilheim.de\/cms\/wp-json\/wp\/v2\/posts\/6280\/revisions"}],"predecessor-version":[{"id":6286,"href":"https:\/\/tanzen-weilheim.de\/cms\/wp-json\/wp\/v2\/posts\/6280\/revisions\/6286"}],"wp:attachment":[{"href":"https:\/\/tanzen-weilheim.de\/cms\/wp-json\/wp\/v2\/media?parent=6280"}],"wp:term":[{"taxonomy":"category","embeddable":true,"href":"https:\/\/tanzen-weilheim.de\/cms\/wp-json\/wp\/v2\/categories?post=6280"},{"taxonomy":"post_tag","embeddable":true,"href":"https:\/\/tanzen-weilheim.de\/cms\/wp-json\/wp\/v2\/tags?post=6280"}],"curies":[{"name":"wp","href":"https:\/\/api.w.org\/{rel}","templated":true}]}}