{"id":6263,"date":"2016-09-27T15:59:58","date_gmt":"2016-09-27T13:59:58","guid":{"rendered":"http:\/\/tanzen-weilheim.de\/cms\/?p=6263"},"modified":"2016-09-27T16:04:41","modified_gmt":"2016-09-27T14:04:41","slug":"anfangertanzkurs-beginnt-am-mi-05-okt-2030-tsv-heim-spiegelsaal","status":"publish","type":"post","link":"https:\/\/tanzen-weilheim.de\/cms\/6263\/anfangertanzkurs-beginnt-am-mi-05-okt-2030-tsv-heim-spiegelsaal","title":{"rendered":"Anf\u00e4ngertanzkurs beginnt am Mi 05. Okt. 20:30 TSV-Heim Spiegelsaal"},"content":{"rendered":"<p>Liebe Tanzinteressierte,<\/p>\n<p><!--more-->Auch in diesem Jahr f\u00fchrt die Tanzsportabteilung im TSV Weilheim wieder einen Anf\u00e4nger-Tanzkurs durch.<br \/>\nInfolge zeitlicher Umstrukturierung sind die 10 Kursabende jeweils am<b> Mittwoch, von 20:30 bis 22:00<\/b> im Spiegelsaal im TSV-Vereinsheim in Weilheim. Die Teilnahme am 1. Abend ist unverbindlich &#8222;zum Schnuppern&#8220;.<\/p>\n<p>Vorl\u00e4ufige Termine jeweils Mi 20.30 \u201322:00 Uhr im Spiegelsaal, EG TSV-Sportzentrum, Pollinger Stra\u00dfe 9, WM<br \/>\nOktober: Mi 05., 12., 19., 26.<br \/>\nNovember Mi 09., 16., 30.<br \/>\nDezember Mi 07., 08.,<br \/>\nJanuar 2017 Mi 25.,<br \/>\nFebruar 2017 Mi 01.,<br \/>\nAbschlussabend voraussichtlich Ende Feb. 2017 ab 19:00 im TSV-Vereinsheim, Mehrzweckraum<br \/>\nLernziel: Grundlagen und Figuren zu Langsamer Walzer, Tango, Discofox, Cha-Cha, Rumba, Jive u.a.<br \/>\nBeitrag \u20ac 80\/Person (\u20ac 50 erm\u00e4\u00dfigt Sch\u00fcler, Studenten, Azubi)<br \/>\nAusr\u00fcstung: Tanzschuhe mit glatter Sohle (keine Stra\u00dfenschuhe wegen Hallenboden), Getr\u00e4nk<\/p>\n<p>Wir w\u00fcrden uns \u00fcber Ihre Teilnahme sehr freuen<br \/>\n<a href=\"https:\/\/tanzen-weilheim.de\/cms\/wp-content\/uploads\/2016\/09\/Plakat.jpg\"><img loading=\"lazy\" decoding=\"async\" class=\"alignnone size-medium wp-image-6268\" alt=\"Plakat\" src=\"https:\/\/tanzen-weilheim.de\/cms\/wp-content\/uploads\/2016\/09\/Plakat-212x300.jpg\" width=\"212\" height=\"300\" srcset=\"https:\/\/tanzen-weilheim.de\/cms\/wp-content\/uploads\/2016\/09\/Plakat-212x300.jpg 212w, https:\/\/tanzen-weilheim.de\/cms\/wp-content\/uploads\/2016\/09\/Plakat-680x960.jpg 680w, https:\/\/tanzen-weilheim.de\/cms\/wp-content\/uploads\/2016\/09\/Plakat-1360x1920.jpg 1360w, https:\/\/tanzen-weilheim.de\/cms\/wp-content\/uploads\/2016\/09\/Plakat-768x1085.jpg 768w, https:\/\/tanzen-weilheim.de\/cms\/wp-content\/uploads\/2016\/09\/Plakat-725x1024.jpg 725w, https:\/\/tanzen-weilheim.de\/cms\/wp-content\/uploads\/2016\/09\/Plakat-400x565.jpg 400w, https:\/\/tanzen-weilheim.de\/cms\/wp-content\/uploads\/2016\/09\/Plakat-566x800.jpg 566w\" sizes=\"auto, (max-width: 212px) 100vw, 212px\" \/><\/a><br \/>\nF\u00fcr R\u00fcckfragen und Anmeldung stehe ich Ihnen gerne zur Verf\u00fcgung.<\/p>\n<p>Mit tanzsportlichen Gr\u00fc\u00dfen<\/p>\n<p>Peter Handel<br \/>\nAbteilungsleiter Abt. Tanzen im TSV Weilheim<br \/>\nTrainer C Breitensport<\/p>\n<p>Tel B\u00fcro 0881-7667 privat 0881-40 216 (beides mit AB)<\/p>\n<p>e-mail <a href=\"mailto:abteilungsleiter@tanzen-weilheim.de\">abteilungsleiter@tanzen-weilheim.de<\/a><\/p>\n","protected":false},"excerpt":{"rendered":"<p>Liebe Tanzinteressierte,<\/p>\n","protected":false},"author":17,"featured_media":0,"comment_status":"open","ping_status":"open","sticky":false,"template":"","format":"standard","meta":{"_jetpack_memberships_contains_paid_content":false,"footnotes":""},"categories":[1],"tags":[],"class_list":["post-6263","post","type-post","status-publish","format-standard","hentry","category-allgemein"],"jetpack_featured_media_url":"","jetpack_sharing_enabled":true,"_links":{"self":[{"href":"https:\/\/tanzen-weilheim.de\/cms\/wp-json\/wp\/v2\/posts\/6263","targetHints":{"allow":["GET"]}}],"collection":[{"href":"https:\/\/tanzen-weilheim.de\/cms\/wp-json\/wp\/v2\/posts"}],"about":[{"href":"https:\/\/tanzen-weilheim.de\/cms\/wp-json\/wp\/v2\/types\/post"}],"author":[{"embeddable":true,"href":"https:\/\/tanzen-weilheim.de\/cms\/wp-json\/wp\/v2\/users\/17"}],"replies":[{"embeddable":true,"href":"https:\/\/tanzen-weilheim.de\/cms\/wp-json\/wp\/v2\/comments?post=6263"}],"version-history":[{"count":4,"href":"https:\/\/tanzen-weilheim.de\/cms\/wp-json\/wp\/v2\/posts\/6263\/revisions"}],"predecessor-version":[{"id":6266,"href":"https:\/\/tanzen-weilheim.de\/cms\/wp-json\/wp\/v2\/posts\/6263\/revisions\/6266"}],"wp:attachment":[{"href":"https:\/\/tanzen-weilheim.de\/cms\/wp-json\/wp\/v2\/media?parent=6263"}],"wp:term":[{"taxonomy":"category","embeddable":true,"href":"https:\/\/tanzen-weilheim.de\/cms\/wp-json\/wp\/v2\/categories?post=6263"},{"taxonomy":"post_tag","embeddable":true,"href":"https:\/\/tanzen-weilheim.de\/cms\/wp-json\/wp\/v2\/tags?post=6263"}],"curies":[{"name":"wp","href":"https:\/\/api.w.org\/{rel}","templated":true}]}}