{"id":6255,"date":"2016-09-25T20:29:56","date_gmt":"2016-09-25T18:29:56","guid":{"rendered":"http:\/\/tanzen-weilheim.de\/cms\/?p=6255"},"modified":"2016-09-25T20:53:09","modified_gmt":"2016-09-25T18:53:09","slug":"chris-roth-moana-bauer-erfolgreich-bei-den-landesmeisterschaften-in-tirol-osterreich","status":"publish","type":"post","link":"https:\/\/tanzen-weilheim.de\/cms\/6255\/chris-roth-moana-bauer-erfolgreich-bei-den-landesmeisterschaften-in-tirol-osterreich","title":{"rendered":"Christopher Roth &#038; Moana Bauer erfolgreich bei den Landesmeisterschaften in Tirol, \u00d6sterreich"},"content":{"rendered":"<p>Die Reihe der hervorragenden Ergebnisse nach den Sommerferien rei\u00dft nicht ab! <!--more-->Am 24. und 25. September starteten Christopher Roth und Moana Bauer erstmals auch im benachbarten Ausland bei den offenen Landesmeisterschaften von Tirol in Innsbruck in der Allgemeinen Klasse D-Standard. Es waren zwar leider nur kleinere Startfelder, aber die beiden erreichten trotzdem am Samstag bei der eigentlichen offenen\u00a0 Tiroler Landesmeisterschaft den 3. und am Sonntag bei einem weiteren Turnier an gleicher St\u00e4tte den 2. Platz! Hierbei konnten Christopher und Moana an beiden Tagen unter anderem die Lokalmatadoren des ausrichtenden Clubs TTK Gold Wei\u00df Innsbruck e.V. hinter sich lassen und so bei einer Meisterschaft im Ausland (!) den begehrten Trepperl-Platz 3 f\u00fcr sich verbuchen. Und auch diesmal waren an beiden Tagen wieder einige Einser-Wertungen f\u00fcr die Beiden dabei. Am Samstag verpa\u00dften sie beispielsweise im Quickstep den ersten Platz nur um Haaresbreite. Trotz der Tatsache, da\u00df es f\u00fcr Christopher und Moana das allererste internationale Turnier war, zeigten sie keinerlei Nervosit\u00e4t und brachten ihr t\u00e4nzerisches K\u00f6nnen routiniert aufs Parkett. Die beiden (und das schreibe ich aus der Sicht des Sportwartes nur zu gerne) haben in den letzten Monaten wirklich sehr flei\u00dfig, konzentriert und intensiv trainiert und ernten nun absolut verdient die Fr\u00fcchte dieser Trainingsarbeit in Form von Turniererfolgen. Das n\u00e4chste Ziel f\u00fcr die Zwei sind nun die Landesmeisterschaften in Bayern Ende Oktober. Und wenn der seit Monaten anhaltende Trend bei ihnen nicht abrei\u00dft, dann k\u00f6nnen sie dort mit dem Aufstieg in die n\u00e4chsth\u00f6here Klasse C-Standard lieb\u00e4ugeln. Macht weiter so!<\/p>\n<p>Die gesamte Abteilung dr\u00fcckt hier nat\u00fcrlich ganz fest alle Daumen!<\/p>\n<p><a href=\"https:\/\/tanzen-weilheim.de\/cms\/wp-content\/uploads\/2016\/09\/Roth-Bauer-02.jpg\"><img loading=\"lazy\" decoding=\"async\" class=\"alignnone size-medium wp-image-6257\" alt=\"Roth-Bauer 02\" src=\"https:\/\/tanzen-weilheim.de\/cms\/wp-content\/uploads\/2016\/09\/Roth-Bauer-02-300x288.jpg\" width=\"300\" height=\"288\" \/><\/a><a href=\"https:\/\/tanzen-weilheim.de\/cms\/wp-content\/uploads\/2016\/09\/Roth-Bauer-03.jpg\"><img loading=\"lazy\" decoding=\"async\" class=\"alignnone size-medium wp-image-6256\" alt=\"Roth-Bauer 03\" src=\"https:\/\/tanzen-weilheim.de\/cms\/wp-content\/uploads\/2016\/09\/Roth-Bauer-03-187x300.jpg\" width=\"187\" height=\"300\" srcset=\"https:\/\/tanzen-weilheim.de\/cms\/wp-content\/uploads\/2016\/09\/Roth-Bauer-03-187x300.jpg 187w, https:\/\/tanzen-weilheim.de\/cms\/wp-content\/uploads\/2016\/09\/Roth-Bauer-03-599x960.jpg 599w, https:\/\/tanzen-weilheim.de\/cms\/wp-content\/uploads\/2016\/09\/Roth-Bauer-03-639x1024.jpg 639w, https:\/\/tanzen-weilheim.de\/cms\/wp-content\/uploads\/2016\/09\/Roth-Bauer-03-374x600.jpg 374w, https:\/\/tanzen-weilheim.de\/cms\/wp-content\/uploads\/2016\/09\/Roth-Bauer-03-499x800.jpg 499w, https:\/\/tanzen-weilheim.de\/cms\/wp-content\/uploads\/2016\/09\/Roth-Bauer-03.jpg 690w\" sizes=\"auto, (max-width: 187px) 100vw, 187px\" \/><\/a><\/p>\n<p>25.09.2016\/tk<\/p>\n","protected":false},"excerpt":{"rendered":"<p>Die Reihe der hervorragenden Ergebnisse nach den Sommerferien rei\u00dft nicht ab!<\/p>\n","protected":false},"author":17,"featured_media":0,"comment_status":"open","ping_status":"open","sticky":false,"template":"","format":"standard","meta":{"_jetpack_memberships_contains_paid_content":false,"footnotes":""},"categories":[1],"tags":[],"class_list":["post-6255","post","type-post","status-publish","format-standard","hentry","category-allgemein"],"jetpack_featured_media_url":"","jetpack_sharing_enabled":true,"_links":{"self":[{"href":"https:\/\/tanzen-weilheim.de\/cms\/wp-json\/wp\/v2\/posts\/6255","targetHints":{"allow":["GET"]}}],"collection":[{"href":"https:\/\/tanzen-weilheim.de\/cms\/wp-json\/wp\/v2\/posts"}],"about":[{"href":"https:\/\/tanzen-weilheim.de\/cms\/wp-json\/wp\/v2\/types\/post"}],"author":[{"embeddable":true,"href":"https:\/\/tanzen-weilheim.de\/cms\/wp-json\/wp\/v2\/users\/17"}],"replies":[{"embeddable":true,"href":"https:\/\/tanzen-weilheim.de\/cms\/wp-json\/wp\/v2\/comments?post=6255"}],"version-history":[{"count":4,"href":"https:\/\/tanzen-weilheim.de\/cms\/wp-json\/wp\/v2\/posts\/6255\/revisions"}],"predecessor-version":[{"id":6259,"href":"https:\/\/tanzen-weilheim.de\/cms\/wp-json\/wp\/v2\/posts\/6255\/revisions\/6259"}],"wp:attachment":[{"href":"https:\/\/tanzen-weilheim.de\/cms\/wp-json\/wp\/v2\/media?parent=6255"}],"wp:term":[{"taxonomy":"category","embeddable":true,"href":"https:\/\/tanzen-weilheim.de\/cms\/wp-json\/wp\/v2\/categories?post=6255"},{"taxonomy":"post_tag","embeddable":true,"href":"https:\/\/tanzen-weilheim.de\/cms\/wp-json\/wp\/v2\/tags?post=6255"}],"curies":[{"name":"wp","href":"https:\/\/api.w.org\/{rel}","templated":true}]}}