{"id":6239,"date":"2016-09-18T19:24:28","date_gmt":"2016-09-18T17:24:28","guid":{"rendered":"http:\/\/tanzen-weilheim.de\/cms\/?p=6239"},"modified":"2016-09-20T10:49:43","modified_gmt":"2016-09-20T08:49:43","slug":"tolle-ergebnisse-fur-weilheims-paare-in-konigsbrunn-und-kolbermoor","status":"publish","type":"post","link":"https:\/\/tanzen-weilheim.de\/cms\/6239\/tolle-ergebnisse-fur-weilheims-paare-in-konigsbrunn-und-kolbermoor","title":{"rendered":"Top Ergebnisse f\u00fcr Weilheims Paare in K\u00f6nigsbrunn und Kolbermoor!"},"content":{"rendered":"<p><!--more-->Das erste Wochenende nach den Sommerferien lief so richtig gut f\u00fcr die Paare unserer Tanzsportabteilung!<\/p>\n<p>Beim traditionellen Seniorenwochenende in K\u00f6nigsbrunn erreichten vier Paare aus Weilheim insgesamt achtmal (!) das Finale. Peter und Birgit Handel vertraten die Vereinsfarben dabei als einziges Paar auch in den Lateinamerikanischen T\u00e4nzen und schafften es dabei gleich zweimal ins Finale. Sie belegten in der Altersklasse Senioren I der Leistungsklasse C <strong>zwei 6. Pl\u00e4tze<\/strong> und waren dar\u00fcber sehr zufrieden. In Standard lief es bei den beiden nicht ganz so gut, aber sie erreichten dennoch an beiden Tagen jeweils gute Mittelpl\u00e4tze in der Senioren III B-Klasse.<\/p>\n<p><a href=\"https:\/\/tanzen-weilheim.de\/cms\/wp-content\/uploads\/2016\/09\/Handel-Latein-01.jpg\"><img loading=\"lazy\" decoding=\"async\" class=\"alignnone size-medium wp-image-6240\" alt=\"Handel Latein 01\" src=\"https:\/\/tanzen-weilheim.de\/cms\/wp-content\/uploads\/2016\/09\/Handel-Latein-01-253x300.jpg\" width=\"253\" height=\"300\" srcset=\"https:\/\/tanzen-weilheim.de\/cms\/wp-content\/uploads\/2016\/09\/Handel-Latein-01-253x300.jpg 253w, https:\/\/tanzen-weilheim.de\/cms\/wp-content\/uploads\/2016\/09\/Handel-Latein-01-811x960.jpg 811w, https:\/\/tanzen-weilheim.de\/cms\/wp-content\/uploads\/2016\/09\/Handel-Latein-01-768x910.jpg 768w, https:\/\/tanzen-weilheim.de\/cms\/wp-content\/uploads\/2016\/09\/Handel-Latein-01-865x1024.jpg 865w, https:\/\/tanzen-weilheim.de\/cms\/wp-content\/uploads\/2016\/09\/Handel-Latein-01-400x474.jpg 400w, https:\/\/tanzen-weilheim.de\/cms\/wp-content\/uploads\/2016\/09\/Handel-Latein-01-676x800.jpg 676w, https:\/\/tanzen-weilheim.de\/cms\/wp-content\/uploads\/2016\/09\/Handel-Latein-01.jpg 1476w\" sizes=\"auto, (max-width: 253px) 100vw, 253px\" \/><\/a><\/p>\n<p>Zum allerersten Mal Turnierluft schnupperten Berthold und Valinja Bauer. Sie hatten in den letzten Monaten intensiv trainiert und gingen gleich zweimal an den Start. In ihrer eigentlichen Altersklasse Senioren III schafften sie gleich einen tollen und auch verdienten <strong>2. Platz<\/strong>, in der n\u00e4chstj\u00fcngeren Klasse Senioren II kamen Sie ebenfalls ins Finale und erreichten dort einen hervorragenden <strong>5. Platz<\/strong>. Das nennt man ein absolut gelungenes Debut! Dementsprechend waren die beiden auch sehr gl\u00fccklich und freuen sich schon auf die n\u00e4chsten Turniere.<\/p>\n<p><a href=\"https:\/\/tanzen-weilheim.de\/cms\/wp-content\/uploads\/2016\/09\/Bauer-02.jpg\"><img loading=\"lazy\" decoding=\"async\" class=\"alignnone size-medium wp-image-6241\" alt=\"Bauer 02\" src=\"https:\/\/tanzen-weilheim.de\/cms\/wp-content\/uploads\/2016\/09\/Bauer-02-165x300.jpg\" width=\"165\" height=\"300\" srcset=\"https:\/\/tanzen-weilheim.de\/cms\/wp-content\/uploads\/2016\/09\/Bauer-02-165x300.jpg 165w, https:\/\/tanzen-weilheim.de\/cms\/wp-content\/uploads\/2016\/09\/Bauer-02-529x960.jpg 529w, https:\/\/tanzen-weilheim.de\/cms\/wp-content\/uploads\/2016\/09\/Bauer-02-1057x1920.jpg 1057w, https:\/\/tanzen-weilheim.de\/cms\/wp-content\/uploads\/2016\/09\/Bauer-02-768x1395.jpg 768w, https:\/\/tanzen-weilheim.de\/cms\/wp-content\/uploads\/2016\/09\/Bauer-02-564x1024.jpg 564w, https:\/\/tanzen-weilheim.de\/cms\/wp-content\/uploads\/2016\/09\/Bauer-02-330x600.jpg 330w, https:\/\/tanzen-weilheim.de\/cms\/wp-content\/uploads\/2016\/09\/Bauer-02-441x800.jpg 441w, https:\/\/tanzen-weilheim.de\/cms\/wp-content\/uploads\/2016\/09\/Bauer-02.jpg 1140w\" sizes=\"auto, (max-width: 165px) 100vw, 165px\" \/><\/a> <a href=\"https:\/\/tanzen-weilheim.de\/cms\/wp-content\/uploads\/2016\/09\/Bauer-01.jpg\"><img loading=\"lazy\" decoding=\"async\" class=\"alignnone size-medium wp-image-6242\" alt=\"Bauer 01\" src=\"https:\/\/tanzen-weilheim.de\/cms\/wp-content\/uploads\/2016\/09\/Bauer-01-265x300.jpg\" width=\"265\" height=\"300\" \/><\/a><\/p>\n<p>Die Bauers konnten auch familienintern an diesem Wochenende feiern, denn ihre Tochter Moana Bauer konnte mit ihrem Partner Chris Roth beim Mangfallpokal in Kolbermoor einen unangefochtenen <strong>2. Platz<\/strong> feiern. Zusammen mit den Senioren-Ergebnissen war das die neunte Finalteilnahme eines Weilheimer Paares an einem Wochenende; sowas gab\u00b4s echt noch nicht oft&#8230;. Die beiden erhielten erstmals in ihrer Karriere dabei sogar Einser-Wertungen. Das sind allerbeste Aussichten f\u00fcr die Bayerische Meisterschaft Ende Oktober!<\/p>\n<p><a href=\"https:\/\/tanzen-weilheim.de\/cms\/wp-content\/uploads\/2016\/09\/Roth-Bauer-01.jpg\"><img loading=\"lazy\" decoding=\"async\" class=\"alignnone size-medium wp-image-6243\" alt=\"Roth-Bauer 01\" src=\"https:\/\/tanzen-weilheim.de\/cms\/wp-content\/uploads\/2016\/09\/Roth-Bauer-01-137x300.jpg\" width=\"137\" height=\"300\" \/><\/a><\/p>\n<p>Aber zur\u00fcck zu den Senioren: auch Christian und Tanja Dick, die ja erst im Juli nach 26 Jahren in den Standardt\u00e4nzen einen gl\u00e4nzenden Wiedereinstieg mit dem 2. Platz in Rosenheim feierten, best\u00e4tigten in K\u00f6nigsbrunn ihre tolle Form mit <strong>zwei weiteren 2. Pl\u00e4tzen<\/strong> in der Senioren II C-Standard-Klasse, jeweils in gro\u00dfen und qualitativ guten Startfeldern.<\/p>\n<p><a href=\"https:\/\/tanzen-weilheim.de\/cms\/wp-content\/uploads\/2016\/09\/Dick-06.jpg\"><img loading=\"lazy\" decoding=\"async\" class=\"alignnone size-medium wp-image-6244\" alt=\"Dick 06\" src=\"https:\/\/tanzen-weilheim.de\/cms\/wp-content\/uploads\/2016\/09\/Dick-06-183x300.jpg\" width=\"183\" height=\"300\" \/><\/a><\/p>\n<p>Die erst im Juni in die B-Klasse ihrer Altersgruppe Senioren III aufgestiegenen Dr. Michael und Monika Marschall staunten nicht schlecht, als sie bei ihrem ersten Start in der neuen Klasse auf Anhieb gleich souver\u00e4n ins Finale tanzten und dort auch noch mit dem <strong>3. Platz<\/strong> aufs Trepperl steigen durften. Sie lie\u00dfen dabei gleich eine ganze Reihe etablierter B-Klassen-Paare hinter sich. Am zweiten Tag des Seniorenwochenendes konnten sie diesen Riesenerfolg dann auch gleich best\u00e4tigen mit einem weiteren Finaleinzug und am Ende <strong>Rang 5<\/strong>.<\/p>\n<p><a href=\"https:\/\/tanzen-weilheim.de\/cms\/wp-content\/uploads\/2016\/09\/Marschall-01.jpg\"><img loading=\"lazy\" decoding=\"async\" class=\"alignnone size-medium wp-image-6245\" alt=\"Marschall 01\" src=\"https:\/\/tanzen-weilheim.de\/cms\/wp-content\/uploads\/2016\/09\/Marschall-01-169x300.jpg\" width=\"169\" height=\"300\" \/><\/a><\/p>\n<p>Wer die Seniorenpaare unserer Abteilung einmal live erleben m\u00f6chte, der merke sich den Samstag, den 15. Oktober ganz dick im Terminkalender vor. An diesem Tag finden in der Weilheimer Stadthalle mehrere Turniere statt, sowohl im Breiten- (ab 12.00 Uhr), als auch im Leistungssportbereich (ab 15.00 Uhr). Hier kann man in der Altersgruppe der Senioren III in der D-Klasse unser neues Paar Berthold &amp; Valinja Bauer, in der B-Klasse die Paare Peter &amp; Birgit Handel, Joachim &amp; Monika Brand und Dr. Michael &amp; Monika Marschall, sowie in der A-Klasse das Paar Thomas Koterba &amp; Karin Wagner direkt beobachten und anfeuern!<\/p>\n<p>18.09.2016\/tk<\/p>\n","protected":false},"excerpt":{"rendered":"","protected":false},"author":17,"featured_media":0,"comment_status":"open","ping_status":"open","sticky":false,"template":"","format":"standard","meta":{"_jetpack_memberships_contains_paid_content":false,"footnotes":""},"categories":[1],"tags":[],"class_list":["post-6239","post","type-post","status-publish","format-standard","hentry","category-allgemein"],"jetpack_featured_media_url":"","jetpack_sharing_enabled":true,"_links":{"self":[{"href":"https:\/\/tanzen-weilheim.de\/cms\/wp-json\/wp\/v2\/posts\/6239","targetHints":{"allow":["GET"]}}],"collection":[{"href":"https:\/\/tanzen-weilheim.de\/cms\/wp-json\/wp\/v2\/posts"}],"about":[{"href":"https:\/\/tanzen-weilheim.de\/cms\/wp-json\/wp\/v2\/types\/post"}],"author":[{"embeddable":true,"href":"https:\/\/tanzen-weilheim.de\/cms\/wp-json\/wp\/v2\/users\/17"}],"replies":[{"embeddable":true,"href":"https:\/\/tanzen-weilheim.de\/cms\/wp-json\/wp\/v2\/comments?post=6239"}],"version-history":[{"count":6,"href":"https:\/\/tanzen-weilheim.de\/cms\/wp-json\/wp\/v2\/posts\/6239\/revisions"}],"predecessor-version":[{"id":6251,"href":"https:\/\/tanzen-weilheim.de\/cms\/wp-json\/wp\/v2\/posts\/6239\/revisions\/6251"}],"wp:attachment":[{"href":"https:\/\/tanzen-weilheim.de\/cms\/wp-json\/wp\/v2\/media?parent=6239"}],"wp:term":[{"taxonomy":"category","embeddable":true,"href":"https:\/\/tanzen-weilheim.de\/cms\/wp-json\/wp\/v2\/categories?post=6239"},{"taxonomy":"post_tag","embeddable":true,"href":"https:\/\/tanzen-weilheim.de\/cms\/wp-json\/wp\/v2\/tags?post=6239"}],"curies":[{"name":"wp","href":"https:\/\/api.w.org\/{rel}","templated":true}]}}