{"id":6180,"date":"2016-07-25T15:46:16","date_gmt":"2016-07-25T13:46:16","guid":{"rendered":"http:\/\/tanzen-weilheim.de\/cms\/?p=6180"},"modified":"2016-07-26T10:57:42","modified_gmt":"2016-07-26T08:57:42","slug":"tolle-resultate-fur-weilheims-tanzer-beim-rosenheimer-inn-pokal-sonntag","status":"publish","type":"post","link":"https:\/\/tanzen-weilheim.de\/cms\/6180\/tolle-resultate-fur-weilheims-tanzer-beim-rosenheimer-inn-pokal-sonntag","title":{"rendered":"Tolle Resultate f\u00fcr Weilheims T\u00e4nzer beim Rosenheimer Inn-Pokal (Sonntag)"},"content":{"rendered":"<p>&#8230;und es geht weiter mit dem erfolgreichen Abschneiden unserer Paare in Rosenheim!<\/p>\n<p><!--more--><\/p>\n<p>Am Sonntag traten dann in der Altersgruppe der Senioren III in der Leistungsklasse A, auch in den Standardt\u00e4nzen, Thomas Koterba und Karin Wagner an. Auch sie setzten sich in einem \u00f6sterreichisch dominierten Startfeld in der Vorrunde klar durch und erreichten das Finale, das hier mit 7 Paaren getanzt wurde. Angesichts der traditionell hohen Qualit\u00e4t der \u00f6sterreichischen Konkurrenz rechneten die beiden gar nicht damit, da\u00df es so gut laufen w\u00fcrde, aber sie setzten sich auch in diesem (auf den ersten 4 Pl\u00e4tzen extrem engen) Finale durch und holten sich den Turniersieg! Sie verwiesen damit zwar knapp, aber immerhin doch den Sieger des Turniers vom Samstag der gleichen Klasse, bei dem Thomas und Karin nicht am Start waren, auf den 2. Platz.<\/p>\n<p><a href=\"https:\/\/tanzen-weilheim.de\/cms\/wp-content\/uploads\/2016\/07\/Thomas-Karin.jpg\"><img loading=\"lazy\" decoding=\"async\" class=\"alignnone size-medium wp-image-6191\" alt=\"Thomas &amp; Karin\" src=\"https:\/\/tanzen-weilheim.de\/cms\/wp-content\/uploads\/2016\/07\/Thomas-Karin-199x300.jpg\" width=\"199\" height=\"300\" \/><\/a><a href=\"https:\/\/tanzen-weilheim.de\/cms\/wp-content\/uploads\/2016\/07\/SE-f\u00fcr-Homepage.jpg\"><img loading=\"lazy\" decoding=\"async\" class=\"alignnone size-medium wp-image-6193\" alt=\"SE f\u00fcr Homepage\" src=\"https:\/\/tanzen-weilheim.de\/cms\/wp-content\/uploads\/2016\/07\/SE-f\u00fcr-Homepage-300x172.jpg\" width=\"300\" height=\"172\" srcset=\"https:\/\/tanzen-weilheim.de\/cms\/wp-content\/uploads\/2016\/07\/SE-f\u00fcr-Homepage-300x172.jpg 300w, https:\/\/tanzen-weilheim.de\/cms\/wp-content\/uploads\/2016\/07\/SE-f\u00fcr-Homepage-800x460.jpg 800w, https:\/\/tanzen-weilheim.de\/cms\/wp-content\/uploads\/2016\/07\/SE-f\u00fcr-Homepage-768x441.jpg 768w, https:\/\/tanzen-weilheim.de\/cms\/wp-content\/uploads\/2016\/07\/SE-f\u00fcr-Homepage-400x230.jpg 400w, https:\/\/tanzen-weilheim.de\/cms\/wp-content\/uploads\/2016\/07\/SE-f\u00fcr-Homepage.jpg 820w\" sizes=\"auto, (max-width: 300px) 100vw, 300px\" \/><\/a><\/p>\n<p>Als viertes Paar starteten an beiden Tagen in beiden Sektionen Standard (Sen III B) und Latein (Sen I C) nach l\u00e4ngerer Pause auch Peter und Birgit Handel und erreichten in schwierigen Feldern wertvolle Punkte und lie\u00dfen vor allem eine deutliche Leistungssteigerung erkennen.<\/p>\n<p><a href=\"https:\/\/tanzen-weilheim.de\/cms\/wp-content\/uploads\/2016\/07\/Handel-Standard-01.jpg\"><img loading=\"lazy\" decoding=\"async\" class=\"alignnone size-medium wp-image-6190\" alt=\"Handel Standard 01\" src=\"https:\/\/tanzen-weilheim.de\/cms\/wp-content\/uploads\/2016\/07\/Handel-Standard-01-246x300.jpg\" width=\"246\" height=\"300\" srcset=\"https:\/\/tanzen-weilheim.de\/cms\/wp-content\/uploads\/2016\/07\/Handel-Standard-01-246x300.jpg 246w, https:\/\/tanzen-weilheim.de\/cms\/wp-content\/uploads\/2016\/07\/Handel-Standard-01-789x960.jpg 789w, https:\/\/tanzen-weilheim.de\/cms\/wp-content\/uploads\/2016\/07\/Handel-Standard-01-768x935.jpg 768w, https:\/\/tanzen-weilheim.de\/cms\/wp-content\/uploads\/2016\/07\/Handel-Standard-01-841x1024.jpg 841w, https:\/\/tanzen-weilheim.de\/cms\/wp-content\/uploads\/2016\/07\/Handel-Standard-01-400x487.jpg 400w, https:\/\/tanzen-weilheim.de\/cms\/wp-content\/uploads\/2016\/07\/Handel-Standard-01-657x800.jpg 657w, https:\/\/tanzen-weilheim.de\/cms\/wp-content\/uploads\/2016\/07\/Handel-Standard-01.jpg 1436w\" sizes=\"auto, (max-width: 246px) 100vw, 246px\" \/><\/a><a href=\"https:\/\/tanzen-weilheim.de\/cms\/wp-content\/uploads\/2016\/07\/Handel-Latein-02.jpg\"><img loading=\"lazy\" decoding=\"async\" class=\"alignnone size-medium wp-image-6189\" alt=\"Handel Latein 02\" src=\"https:\/\/tanzen-weilheim.de\/cms\/wp-content\/uploads\/2016\/07\/Handel-Latein-02-253x300.jpg\" width=\"253\" height=\"300\" \/><\/a><\/p>\n<p>Wiederum ein sehr erfolgreiches Turnierwochenende f\u00fcr Weilheims Tanzsportler!<\/p>\n<p>25.07.2016\/tk<\/p>\n","protected":false},"excerpt":{"rendered":"<p>&#8230;und es geht weiter mit dem erfolgreichen Abschneiden unserer Paare in Rosenheim!<\/p>\n","protected":false},"author":17,"featured_media":0,"comment_status":"open","ping_status":"open","sticky":false,"template":"","format":"standard","meta":{"_jetpack_memberships_contains_paid_content":false,"footnotes":""},"categories":[1],"tags":[],"class_list":["post-6180","post","type-post","status-publish","format-standard","hentry","category-allgemein"],"jetpack_featured_media_url":"","jetpack_sharing_enabled":true,"_links":{"self":[{"href":"https:\/\/tanzen-weilheim.de\/cms\/wp-json\/wp\/v2\/posts\/6180","targetHints":{"allow":["GET"]}}],"collection":[{"href":"https:\/\/tanzen-weilheim.de\/cms\/wp-json\/wp\/v2\/posts"}],"about":[{"href":"https:\/\/tanzen-weilheim.de\/cms\/wp-json\/wp\/v2\/types\/post"}],"author":[{"embeddable":true,"href":"https:\/\/tanzen-weilheim.de\/cms\/wp-json\/wp\/v2\/users\/17"}],"replies":[{"embeddable":true,"href":"https:\/\/tanzen-weilheim.de\/cms\/wp-json\/wp\/v2\/comments?post=6180"}],"version-history":[{"count":8,"href":"https:\/\/tanzen-weilheim.de\/cms\/wp-json\/wp\/v2\/posts\/6180\/revisions"}],"predecessor-version":[{"id":6182,"href":"https:\/\/tanzen-weilheim.de\/cms\/wp-json\/wp\/v2\/posts\/6180\/revisions\/6182"}],"wp:attachment":[{"href":"https:\/\/tanzen-weilheim.de\/cms\/wp-json\/wp\/v2\/media?parent=6180"}],"wp:term":[{"taxonomy":"category","embeddable":true,"href":"https:\/\/tanzen-weilheim.de\/cms\/wp-json\/wp\/v2\/categories?post=6180"},{"taxonomy":"post_tag","embeddable":true,"href":"https:\/\/tanzen-weilheim.de\/cms\/wp-json\/wp\/v2\/tags?post=6180"}],"curies":[{"name":"wp","href":"https:\/\/api.w.org\/{rel}","templated":true}]}}