{"id":6178,"date":"2016-07-25T15:44:15","date_gmt":"2016-07-25T13:44:15","guid":{"rendered":"http:\/\/tanzen-weilheim.de\/cms\/?p=6178"},"modified":"2016-07-26T10:46:24","modified_gmt":"2016-07-26T08:46:24","slug":"tolle-resultate-fur-weilheims-tanzer-beim-rosenheimer-inn-pokal-samstag","status":"publish","type":"post","link":"https:\/\/tanzen-weilheim.de\/cms\/6178\/tolle-resultate-fur-weilheims-tanzer-beim-rosenheimer-inn-pokal-samstag","title":{"rendered":"Tolle Resultate f\u00fcr Weilheims T\u00e4nzer beim Rosenheimer Inn-Pokal (Samstag)"},"content":{"rendered":"<p>Die Gesamtbilanz f\u00fcr die Paare der Tanzsportabteilung des TSV 1847 Weilheim e.V. bei der zweit\u00e4gigen t\u00e4nzerischen Gro\u00dfveranstaltung des Rosenheimer Inn-Pokals kann sich wirklich sehen lassen!<\/p>\n<p><!--more--><\/p>\n<p>Bei der exzellent durchgef\u00fchrten Turnierveranstaltung des Clubs des Rosenheimer Tanzsports e.V. wurden in der dortigen Luitpoldhalle insgesamt 40 Turniere auf zwei parallelen Tanzfl\u00e4chen \u00fcber die B\u00fchne gebracht und dabei so gut wie alle Seniorenklassen sowohl in den Standard-, als auch in den Lateinamerikanischen T\u00e4nzen angeboten. \u00dcber 550 Paare (!!) aus ganz Deutschland, \u00d6sterreich, der Schweiz, Tschechien und D\u00e4nemark zeigen die Beliebtheit und die hohe Qualit\u00e4t der Turniere und auch den seit Jahren deutlich internationalen Charakter.<\/p>\n<p>Am Samstag durften zun\u00e4chst Joachim und Monika Brand\u00a0 in der Altersklasse Senioren III endlich den langersehnten Aufstieg von der Leistungsklasse C in die B-Klasse feiern. Die beiden hatten in den letzten Monaten immer mal wieder Pech mit Verletzungen und Krankheiten und freuten sich daher umso mehr, da\u00df der Aufstieg trotz wiederum einer kurzfristig auftretenden gesundheitlichen Einschr\u00e4nkung gelang. Auf weitere Starts am gleichen Tag verzichteten die beiden daher auch. Sie gingen daf\u00fcr am Sonntag gut erholt und frisch in der neuen Klasse B an den Start, kamen auch prompt in einem internationalen Startfeld in die Zwischenrunde und durften sich nicht nur \u00fcber einen tollen 9. Platz freuen, sondern auch \u00fcber die Gewi\u00dfheit, auch in der neuen Klasse gleich \u201emitreden\u201c zu k\u00f6nnen. Und wir alle freuen uns mit den Beiden!!!<\/p>\n<p><a href=\"https:\/\/tanzen-weilheim.de\/cms\/wp-content\/uploads\/2016\/07\/Brand-112_2909.jpg\"><img loading=\"lazy\" decoding=\"async\" class=\"alignnone size-medium wp-image-6198\" alt=\"Brand 112_2909\" src=\"https:\/\/tanzen-weilheim.de\/cms\/wp-content\/uploads\/2016\/07\/Brand-112_2909-200x300.jpg\" width=\"200\" height=\"300\" srcset=\"https:\/\/tanzen-weilheim.de\/cms\/wp-content\/uploads\/2016\/07\/Brand-112_2909-200x300.jpg 200w, https:\/\/tanzen-weilheim.de\/cms\/wp-content\/uploads\/2016\/07\/Brand-112_2909-640x960.jpg 640w, https:\/\/tanzen-weilheim.de\/cms\/wp-content\/uploads\/2016\/07\/Brand-112_2909-1280x1920.jpg 1280w, https:\/\/tanzen-weilheim.de\/cms\/wp-content\/uploads\/2016\/07\/Brand-112_2909-768x1152.jpg 768w, https:\/\/tanzen-weilheim.de\/cms\/wp-content\/uploads\/2016\/07\/Brand-112_2909-683x1024.jpg 683w, https:\/\/tanzen-weilheim.de\/cms\/wp-content\/uploads\/2016\/07\/Brand-112_2909-400x600.jpg 400w, https:\/\/tanzen-weilheim.de\/cms\/wp-content\/uploads\/2016\/07\/Brand-112_2909-533x800.jpg 533w, https:\/\/tanzen-weilheim.de\/cms\/wp-content\/uploads\/2016\/07\/Brand-112_2909.jpg 2000w\" sizes=\"auto, (max-width: 200px) 100vw, 200px\" \/><\/a><\/p>\n<p>Ebenfalls am Samstag trat unser Latein-Vorzeige-Paar Christian und Tanja Dick (die beiden tanzen in Latein in der h\u00f6chsten deutschen Klasse, der Sonderklasse S) erstmals seit 1990 auch wieder in Standard an; in der Altersklasse Senioren II und der Leistungsklasse C. Bei einem stattlichen Startfeld von 31 Paaren, auch wieder international, setzten sie sich in Vor- und Zwischenrunden durch, erreichten souver\u00e4n das Finale der besten 6 Paare und schafften hier auf Anhieb den zweiten Platz. Wenn das kein guter Einstieg ist&#8230;\u00a0 Herzliche Gratulation den Beiden!<\/p>\n<p><a href=\"https:\/\/tanzen-weilheim.de\/cms\/wp-content\/uploads\/2016\/07\/Dick-03.jpg\"><img loading=\"lazy\" decoding=\"async\" class=\"alignnone size-medium wp-image-6197\" alt=\"Dick 03\" src=\"https:\/\/tanzen-weilheim.de\/cms\/wp-content\/uploads\/2016\/07\/Dick-03-168x300.jpg\" width=\"168\" height=\"300\" \/><\/a> <a href=\"https:\/\/tanzen-weilheim.de\/cms\/wp-content\/uploads\/2016\/07\/SEN-II_C_St-Siegerehrung.jpg\"><img loading=\"lazy\" decoding=\"async\" class=\"alignnone size-medium wp-image-6196\" alt=\"SEN II_C_St Siegerehrung\" src=\"https:\/\/tanzen-weilheim.de\/cms\/wp-content\/uploads\/2016\/07\/SEN-II_C_St-Siegerehrung-300x200.jpg\" width=\"300\" height=\"200\" srcset=\"https:\/\/tanzen-weilheim.de\/cms\/wp-content\/uploads\/2016\/07\/SEN-II_C_St-Siegerehrung-300x200.jpg 300w, https:\/\/tanzen-weilheim.de\/cms\/wp-content\/uploads\/2016\/07\/SEN-II_C_St-Siegerehrung-960x640.jpg 960w, https:\/\/tanzen-weilheim.de\/cms\/wp-content\/uploads\/2016\/07\/SEN-II_C_St-Siegerehrung-768x512.jpg 768w, https:\/\/tanzen-weilheim.de\/cms\/wp-content\/uploads\/2016\/07\/SEN-II_C_St-Siegerehrung.jpg 1024w, https:\/\/tanzen-weilheim.de\/cms\/wp-content\/uploads\/2016\/07\/SEN-II_C_St-Siegerehrung-400x267.jpg 400w, https:\/\/tanzen-weilheim.de\/cms\/wp-content\/uploads\/2016\/07\/SEN-II_C_St-Siegerehrung-800x534.jpg 800w\" sizes=\"auto, (max-width: 300px) 100vw, 300px\" \/><\/a><\/p>\n<p>25.07.2016\/tk<\/p>\n","protected":false},"excerpt":{"rendered":"<p>Die Gesamtbilanz f\u00fcr die Paare der Tanzsportabteilung des TSV 1847 Weilheim e.V. bei der zweit\u00e4gigen t\u00e4nzerischen Gro\u00dfveranstaltung des Rosenheimer Inn-Pokals kann sich wirklich sehen lassen!<\/p>\n","protected":false},"author":17,"featured_media":0,"comment_status":"open","ping_status":"open","sticky":false,"template":"","format":"standard","meta":{"_jetpack_memberships_contains_paid_content":false,"footnotes":""},"categories":[1],"tags":[],"class_list":["post-6178","post","type-post","status-publish","format-standard","hentry","category-allgemein"],"jetpack_featured_media_url":"","jetpack_sharing_enabled":true,"_links":{"self":[{"href":"https:\/\/tanzen-weilheim.de\/cms\/wp-json\/wp\/v2\/posts\/6178","targetHints":{"allow":["GET"]}}],"collection":[{"href":"https:\/\/tanzen-weilheim.de\/cms\/wp-json\/wp\/v2\/posts"}],"about":[{"href":"https:\/\/tanzen-weilheim.de\/cms\/wp-json\/wp\/v2\/types\/post"}],"author":[{"embeddable":true,"href":"https:\/\/tanzen-weilheim.de\/cms\/wp-json\/wp\/v2\/users\/17"}],"replies":[{"embeddable":true,"href":"https:\/\/tanzen-weilheim.de\/cms\/wp-json\/wp\/v2\/comments?post=6178"}],"version-history":[{"count":9,"href":"https:\/\/tanzen-weilheim.de\/cms\/wp-json\/wp\/v2\/posts\/6178\/revisions"}],"predecessor-version":[{"id":6184,"href":"https:\/\/tanzen-weilheim.de\/cms\/wp-json\/wp\/v2\/posts\/6178\/revisions\/6184"}],"wp:attachment":[{"href":"https:\/\/tanzen-weilheim.de\/cms\/wp-json\/wp\/v2\/media?parent=6178"}],"wp:term":[{"taxonomy":"category","embeddable":true,"href":"https:\/\/tanzen-weilheim.de\/cms\/wp-json\/wp\/v2\/categories?post=6178"},{"taxonomy":"post_tag","embeddable":true,"href":"https:\/\/tanzen-weilheim.de\/cms\/wp-json\/wp\/v2\/tags?post=6178"}],"curies":[{"name":"wp","href":"https:\/\/api.w.org\/{rel}","templated":true}]}}