{"id":27027,"date":"2026-03-09T07:36:39","date_gmt":"2026-03-09T06:36:39","guid":{"rendered":"https:\/\/tanzen-weilheim.de\/cms\/?p=27027"},"modified":"2026-03-09T07:53:24","modified_gmt":"2026-03-09T06:53:24","slug":"bayerische-landesmeisterschaft-sen-iv-und-v-standard","status":"publish","type":"post","link":"https:\/\/tanzen-weilheim.de\/cms\/27027\/bayerische-landesmeisterschaft-sen-iv-und-v-standard","title":{"rendered":"Bayerische Landesmeisterschaft Sen IV und V Standard"},"content":{"rendered":"\n<p>Am&nbsp;8. M\u00e4rz 2026&nbsp;richtete der&nbsp;<a href=\"https:\/\/www.savoy-muenchen.de\">Savoy Tanzsportclub M\u00fcnchen&nbsp;<\/a>die&nbsp;Bayerischen Landesmeisterschaften der Senioren IV und V in den Standardt\u00e4nzen&nbsp;aus. Von&nbsp;11:30 Uhr bis 19:30 Uhr&nbsp;erlebten die Zuschauer einen langen, aber \u00e4u\u00dferst stimmungsvollen Turniertag. Den ganzen Tag \u00fcber herrschte eine hervorragende Atmosph\u00e4re im Saal: Die Paare gingen mit gro\u00dfer Begeisterung an den Start und wurden vom Publikum mit viel Applaus und sp\u00fcrbarer Unterst\u00fctzung begleitet.<\/p>\n\n\n\n<p>Leider mussten einige Startklassen, Sen IV D, Sen V D sowie Sen V C, aufgrund zu geringer Teilnehmerzahlen kurzfristig werden. Dennoch bot das Turnierprogramm viele spannende Wettbewerbe und starke Leistungen auf der Fl\u00e4che.<\/p>\n\n\n\n<p>Zur Einordnung der Altersklassen: In der&nbsp;Seniorenklasse IV&nbsp;muss ein Partner mindestens&nbsp;60 Jahre, der andere mindestens&nbsp;65 Jahre&nbsp;alt sein. F\u00fcr einen Start in der&nbsp;Seniorenklasse V&nbsp;m\u00fcssen&nbsp;beide Tanzpartner mindestens 70 Jahre&nbsp;alt sein.<\/p>\n\n\n\n<p>Um&nbsp;14:30 Uhr&nbsp;starteten&nbsp;Birgit &amp; Peter Handel&nbsp;von der&nbsp;TSA Weilheim in der&nbsp;Startklasse Senioren IV A Standard, in der&nbsp;12 Paare&nbsp;gemeldet waren.<\/p>\n\n\n<div class=\"wp-block-image\">\n<figure class=\"aligncenter size-full is-resized\"><img loading=\"lazy\" decoding=\"async\" width=\"1528\" height=\"1528\" src=\"https:\/\/tanzen-weilheim.de\/cms\/wp-content\/uploads\/2026\/03\/WhatsApp-Image-2026-03-08-at-21.22.52.jpeg\" alt=\"\" class=\"wp-image-27030\" style=\"width:322px;height:auto\" srcset=\"https:\/\/tanzen-weilheim.de\/cms\/wp-content\/uploads\/2026\/03\/WhatsApp-Image-2026-03-08-at-21.22.52.jpeg 1528w, https:\/\/tanzen-weilheim.de\/cms\/wp-content\/uploads\/2026\/03\/WhatsApp-Image-2026-03-08-at-21.22.52-960x960.jpeg 960w, https:\/\/tanzen-weilheim.de\/cms\/wp-content\/uploads\/2026\/03\/WhatsApp-Image-2026-03-08-at-21.22.52-768x768.jpeg 768w, https:\/\/tanzen-weilheim.de\/cms\/wp-content\/uploads\/2026\/03\/WhatsApp-Image-2026-03-08-at-21.22.52-200x200.jpeg 200w, https:\/\/tanzen-weilheim.de\/cms\/wp-content\/uploads\/2026\/03\/WhatsApp-Image-2026-03-08-at-21.22.52-400x400.jpeg 400w\" sizes=\"auto, (max-width: 1528px) 100vw, 1528px\" \/><figcaption class=\"wp-element-caption\">Birgit &amp; Peter<\/figcaption><\/figure><\/div>\n\n\n<p>Das Paar pr\u00e4sentierte sich engagiert und mit gro\u00dfer Freude auf der Tanzfl\u00e4che. Besonders Birgit zog mit ihrem&nbsp;neuen roten Turnierkleid&nbsp;viele Blicke auf sich. Trotz einer sch\u00f6nen Runde und der sichtbar gro\u00dfen Begeisterung f\u00fcr das Tanzen reichte es an diesem Tag leider nur f\u00fcr die&nbsp;Vorrunde. Dennoch genossen beide die besondere Atmosph\u00e4re dieses Turniers und den Applaus des Publikums.<\/p>\n\n\n\n<p>Um&nbsp;16:30 Uhr&nbsp;begann die letzte Meisterschaft des Tages: die&nbsp;Senioren IV S Standard. Mit&nbsp;27 startenden Paaren stellte diese Klasse das&nbsp;gr\u00f6\u00dfte Teilnehmerfeld des Turniertages&nbsp;dar.<\/p>\n\n\n\n<p>F\u00fcr die TSA Weilheim&nbsp;gingen&nbsp;Dr. Michael &amp; Monika Marschall&nbsp;an den Start. Getragen von der hervorragenden Stimmung im Saal zeigten sie ein \u00fcberzeugendes Turnier und tanzten sich souver\u00e4n durch die Runden. In diesem&nbsp;stark besetzten Feld&nbsp;erreichten sie schlie\u00dflich das&nbsp;Semifinale&nbsp;und belegten dort einen&nbsp;sehr guten 10. Platz.<\/p>\n\n\n\n<p>Die Trainer des Paares,\u00a0Susanne Scheub\u00f6ck\u00a0und\u00a0Dominik Fenster, waren vor Ort und zeigten sich\u00a0<strong>s<\/strong>ehr zufrieden mit der gezeigten Leistung. <\/p>\n\n\n<div class=\"wp-block-image\">\n<figure class=\"aligncenter size-full is-resized\"><img loading=\"lazy\" decoding=\"async\" width=\"1326\" height=\"1768\" src=\"https:\/\/tanzen-weilheim.de\/cms\/wp-content\/uploads\/2026\/03\/2d45674e-c3f2-4f94-b2e1-fb927e86de11.jpg\" alt=\"\" class=\"wp-image-27028\" style=\"width:333px;height:auto\" srcset=\"https:\/\/tanzen-weilheim.de\/cms\/wp-content\/uploads\/2026\/03\/2d45674e-c3f2-4f94-b2e1-fb927e86de11.jpg 1326w, https:\/\/tanzen-weilheim.de\/cms\/wp-content\/uploads\/2026\/03\/2d45674e-c3f2-4f94-b2e1-fb927e86de11-720x960.jpg 720w, https:\/\/tanzen-weilheim.de\/cms\/wp-content\/uploads\/2026\/03\/2d45674e-c3f2-4f94-b2e1-fb927e86de11-768x1024.jpg 768w, https:\/\/tanzen-weilheim.de\/cms\/wp-content\/uploads\/2026\/03\/2d45674e-c3f2-4f94-b2e1-fb927e86de11-1152x1536.jpg 1152w, https:\/\/tanzen-weilheim.de\/cms\/wp-content\/uploads\/2026\/03\/2d45674e-c3f2-4f94-b2e1-fb927e86de11-400x533.jpg 400w\" sizes=\"auto, (max-width: 1326px) 100vw, 1326px\" \/><figcaption class=\"wp-element-caption\">Dominik, Moni, Michael und Susanne<\/figcaption><\/figure><\/div>\n\n\n<p>Der Turniertag in M\u00fcnchen bot damit nicht nur sportlich hochklassigen Tanzsport, sondern auch eine besondere Atmosph\u00e4re, die sowohl T\u00e4nzerinnen und T\u00e4nzer als auch das Publikum gleicherma\u00dfen begeisterte.<\/p>\n\n\n\n<p><a href=\"https:\/\/ltvb.de\/wp-content\/uploads\/results\/17681\/index.htm\">Ergebnisse<\/a><\/p>\n\n\n\n<div class=\"wp-block-jetpack-tiled-gallery aligncenter is-style-rectangular\"><div class=\"\"><div class=\"tiled-gallery__gallery\"><div class=\"tiled-gallery__row\"><div class=\"tiled-gallery__col\" style=\"flex-basis:67.47474%\"><figure class=\"tiled-gallery__item\"><img decoding=\"async\" srcset=\"https:\/\/i0.wp.com\/tanzen-weilheim.de\/cms\/wp-content\/uploads\/2026\/03\/b5962f70-a7cb-46b4-bc57-e55908065b4a.jpg?strip=info&#038;w=600&#038;ssl=1 600w,https:\/\/i0.wp.com\/tanzen-weilheim.de\/cms\/wp-content\/uploads\/2026\/03\/b5962f70-a7cb-46b4-bc57-e55908065b4a.jpg?strip=info&#038;w=900&#038;ssl=1 900w,https:\/\/i0.wp.com\/tanzen-weilheim.de\/cms\/wp-content\/uploads\/2026\/03\/b5962f70-a7cb-46b4-bc57-e55908065b4a.jpg?strip=info&#038;w=1200&#038;ssl=1 1200w,https:\/\/i0.wp.com\/tanzen-weilheim.de\/cms\/wp-content\/uploads\/2026\/03\/b5962f70-a7cb-46b4-bc57-e55908065b4a.jpg?strip=info&#038;w=1500&#038;ssl=1 1500w,https:\/\/i0.wp.com\/tanzen-weilheim.de\/cms\/wp-content\/uploads\/2026\/03\/b5962f70-a7cb-46b4-bc57-e55908065b4a.jpg?strip=info&#038;w=1800&#038;ssl=1 1800w,https:\/\/i0.wp.com\/tanzen-weilheim.de\/cms\/wp-content\/uploads\/2026\/03\/b5962f70-a7cb-46b4-bc57-e55908065b4a.jpg?strip=info&#038;w=2000&#038;ssl=1 2000w\" alt=\"\" data-height=\"1500\" data-id=\"27029\" data-link=\"https:\/\/tanzen-weilheim.de\/cms\/27027\/bayerische-landesmeisterschaft-sen-iv-und-v-standard\/b5962f70-a7cb-46b4-bc57-e55908065b4a\" data-url=\"https:\/\/tanzen-weilheim.de\/cms\/wp-content\/uploads\/2026\/03\/b5962f70-a7cb-46b4-bc57-e55908065b4a.jpg\" data-custom-link=\"\" data-width=\"2000\" src=\"https:\/\/i0.wp.com\/tanzen-weilheim.de\/cms\/wp-content\/uploads\/2026\/03\/b5962f70-a7cb-46b4-bc57-e55908065b4a.jpg?ssl=1\" data-amp-layout=\"responsive\" aria-label=\"Bild\u00a01 von 3 im Vollbildmodus \u00f6ffnen\"\/><\/figure><\/div><div class=\"tiled-gallery__col\" style=\"flex-basis:32.52526%\"><figure class=\"tiled-gallery__item\"><img decoding=\"async\" srcset=\"https:\/\/i0.wp.com\/tanzen-weilheim.de\/cms\/wp-content\/uploads\/2026\/03\/WhatsApp-Image-2026-03-08-at-21.22.52-1.jpeg?strip=info&#038;w=600&#038;ssl=1 600w,https:\/\/i0.wp.com\/tanzen-weilheim.de\/cms\/wp-content\/uploads\/2026\/03\/WhatsApp-Image-2026-03-08-at-21.22.52-1.jpeg?strip=info&#038;w=900&#038;ssl=1 900w,https:\/\/i0.wp.com\/tanzen-weilheim.de\/cms\/wp-content\/uploads\/2026\/03\/WhatsApp-Image-2026-03-08-at-21.22.52-1.jpeg?strip=info&#038;w=1200&#038;ssl=1 1200w,https:\/\/i0.wp.com\/tanzen-weilheim.de\/cms\/wp-content\/uploads\/2026\/03\/WhatsApp-Image-2026-03-08-at-21.22.52-1.jpeg?strip=info&#038;w=1500&#038;ssl=1 1500w,https:\/\/i0.wp.com\/tanzen-weilheim.de\/cms\/wp-content\/uploads\/2026\/03\/WhatsApp-Image-2026-03-08-at-21.22.52-1.jpeg?strip=info&#038;w=1528&#038;ssl=1 1528w\" alt=\"\" data-height=\"1528\" data-id=\"27031\" data-link=\"https:\/\/tanzen-weilheim.de\/cms\/27027\/bayerische-landesmeisterschaft-sen-iv-und-v-standard\/whatsapp-image-2026-03-08-at-21-22-52-1\" data-url=\"https:\/\/tanzen-weilheim.de\/cms\/wp-content\/uploads\/2026\/03\/WhatsApp-Image-2026-03-08-at-21.22.52-1.jpeg\" data-width=\"1528\" src=\"https:\/\/i0.wp.com\/tanzen-weilheim.de\/cms\/wp-content\/uploads\/2026\/03\/WhatsApp-Image-2026-03-08-at-21.22.52-1.jpeg?ssl=1\" data-amp-layout=\"responsive\" aria-label=\"Bild\u00a02 von 3 im Vollbildmodus \u00f6ffnen\"\/><\/figure><figure class=\"tiled-gallery__item\"><img decoding=\"async\" srcset=\"https:\/\/i0.wp.com\/tanzen-weilheim.de\/cms\/wp-content\/uploads\/2026\/03\/IMG_5497.jpeg?strip=info&#038;w=600&#038;ssl=1 600w,https:\/\/i0.wp.com\/tanzen-weilheim.de\/cms\/wp-content\/uploads\/2026\/03\/IMG_5497.jpeg?strip=info&#038;w=900&#038;ssl=1 900w,https:\/\/i0.wp.com\/tanzen-weilheim.de\/cms\/wp-content\/uploads\/2026\/03\/IMG_5497.jpeg?strip=info&#038;w=1179&#038;ssl=1 1179w\" alt=\"\" data-height=\"647\" data-id=\"27034\" data-link=\"https:\/\/tanzen-weilheim.de\/cms\/27027\/bayerische-landesmeisterschaft-sen-iv-und-v-standard\/screenshot-78\" data-url=\"https:\/\/tanzen-weilheim.de\/cms\/wp-content\/uploads\/2026\/03\/IMG_5497.jpeg\" data-width=\"1179\" src=\"https:\/\/i0.wp.com\/tanzen-weilheim.de\/cms\/wp-content\/uploads\/2026\/03\/IMG_5497.jpeg?ssl=1\" data-amp-layout=\"responsive\" aria-label=\"Bild\u00a03 von 3 im Vollbildmodus \u00f6ffnen\"\/><\/figure><\/div><\/div><\/div><\/div><\/div>\n\n\n\n<p>Fotos: CB privat<\/p>\n","protected":false},"excerpt":{"rendered":"<p>Am&nbsp;8. M\u00e4rz 2026&nbsp;richtete der&nbsp;Savoy Tanzsportclub M\u00fcnchen&nbsp;die&nbsp;Bayerischen Landesmeisterschaften der Senioren IV und V in den Standardt\u00e4nzen&nbsp;aus. Von&nbsp;11:30 Uhr bis 19:30 Uhr&nbsp;erlebten die Zuschauer einen langen, aber \u00e4u\u00dferst stimmungsvollen Turniertag. Den ganzen Tag \u00fcber herrschte eine hervorragende Atmosph\u00e4re im Saal: Die Paare gingen mit gro\u00dfer Begeisterung an den Start und wurden vom Publikum mit viel Applaus und [&hellip;]<\/p>\n","protected":false},"author":19,"featured_media":27042,"comment_status":"closed","ping_status":"closed","sticky":false,"template":"","format":"standard","meta":{"_jetpack_memberships_contains_paid_content":false,"footnotes":""},"categories":[1],"tags":[],"class_list":["post-27027","post","type-post","status-publish","format-standard","has-post-thumbnail","hentry","category-allgemein"],"jetpack_featured_media_url":"https:\/\/tanzen-weilheim.de\/cms\/wp-content\/uploads\/2026\/03\/93ab83eb-362b-42e1-8261-5cd5b4aa1dc7.jpg","jetpack_sharing_enabled":true,"_links":{"self":[{"href":"https:\/\/tanzen-weilheim.de\/cms\/wp-json\/wp\/v2\/posts\/27027","targetHints":{"allow":["GET"]}}],"collection":[{"href":"https:\/\/tanzen-weilheim.de\/cms\/wp-json\/wp\/v2\/posts"}],"about":[{"href":"https:\/\/tanzen-weilheim.de\/cms\/wp-json\/wp\/v2\/types\/post"}],"author":[{"embeddable":true,"href":"https:\/\/tanzen-weilheim.de\/cms\/wp-json\/wp\/v2\/users\/19"}],"replies":[{"embeddable":true,"href":"https:\/\/tanzen-weilheim.de\/cms\/wp-json\/wp\/v2\/comments?post=27027"}],"version-history":[{"count":5,"href":"https:\/\/tanzen-weilheim.de\/cms\/wp-json\/wp\/v2\/posts\/27027\/revisions"}],"predecessor-version":[{"id":27039,"href":"https:\/\/tanzen-weilheim.de\/cms\/wp-json\/wp\/v2\/posts\/27027\/revisions\/27039"}],"wp:featuredmedia":[{"embeddable":true,"href":"https:\/\/tanzen-weilheim.de\/cms\/wp-json\/wp\/v2\/media\/27042"}],"wp:attachment":[{"href":"https:\/\/tanzen-weilheim.de\/cms\/wp-json\/wp\/v2\/media?parent=27027"}],"wp:term":[{"taxonomy":"category","embeddable":true,"href":"https:\/\/tanzen-weilheim.de\/cms\/wp-json\/wp\/v2\/categories?post=27027"},{"taxonomy":"post_tag","embeddable":true,"href":"https:\/\/tanzen-weilheim.de\/cms\/wp-json\/wp\/v2\/tags?post=27027"}],"curies":[{"name":"wp","href":"https:\/\/api.w.org\/{rel}","templated":true}]}}