{"id":24953,"date":"2025-07-01T17:35:47","date_gmt":"2025-07-01T15:35:47","guid":{"rendered":"https:\/\/tanzen-weilheim.de\/cms\/?p=24953"},"modified":"2025-07-01T17:35:51","modified_gmt":"2025-07-01T15:35:51","slug":"tbw-trophy-oehringen","status":"publish","type":"post","link":"https:\/\/tanzen-weilheim.de\/cms\/24953\/tbw-trophy-oehringen","title":{"rendered":"TBW-Trophy \u00d6hringen"},"content":{"rendered":"\n<p><strong>TBW-Trophy \u00d6hringen: 1. Platz TBW-Trophy \u00d6hringen: 1. Platz f\u00fcr Ren\u00e9e und Goran in der Master III A Standard<\/strong> <strong>f\u00fcr Ren\u00e9e und Goran in der Master III A Standard<\/strong><\/p>\n\n\n\n<p>Am 29. Juni 2025 starteten Ren\u00e9e Rothb\u00f6ck &amp; Goran Pujic bei der <a href=\"https:\/\/www.tbw-trophy.de\/senioren\/oehringen\">TBW-Trophy in \u00d6hringen<\/a> in der Startklasse\u00a0<strong>Master III A Standard<\/strong>. Bei sommerlichen Temperaturen von 33 Grad im Schatten \u00fcberzeugten sie in einem Starterfeld von 12 Paaren mit einer konstant starken Leistung.<\/p>\n\n\n\n<p>In einem starken Feld von 12 Paaren konnten sie sich klar durchsetzen und erreichten verdient den\u00a0<br><strong>1. Platz<\/strong> ?. Die TSA Weilheim gratuliert herzlich zu diesem Erfolg \ud83d\ude42<\/p>\n\n\n\n<figure class=\"wp-block-gallery has-nested-images columns-1 is-cropped wp-block-gallery-1 is-layout-flex wp-block-gallery-is-layout-flex\">\n<figure class=\"wp-block-image size-large\"><img loading=\"lazy\" decoding=\"async\" width=\"1600\" height=\"893\" data-id=\"24955\" src=\"https:\/\/tanzen-weilheim.de\/cms\/wp-content\/uploads\/2025\/07\/WhatsApp-Image-2025-06-29-at-19.17.02.jpeg\" alt=\"\" class=\"wp-image-24955\" srcset=\"https:\/\/tanzen-weilheim.de\/cms\/wp-content\/uploads\/2025\/07\/WhatsApp-Image-2025-06-29-at-19.17.02.jpeg 1600w, https:\/\/tanzen-weilheim.de\/cms\/wp-content\/uploads\/2025\/07\/WhatsApp-Image-2025-06-29-at-19.17.02-960x536.jpeg 960w, https:\/\/tanzen-weilheim.de\/cms\/wp-content\/uploads\/2025\/07\/WhatsApp-Image-2025-06-29-at-19.17.02-768x429.jpeg 768w, https:\/\/tanzen-weilheim.de\/cms\/wp-content\/uploads\/2025\/07\/WhatsApp-Image-2025-06-29-at-19.17.02-1536x857.jpeg 1536w, https:\/\/tanzen-weilheim.de\/cms\/wp-content\/uploads\/2025\/07\/WhatsApp-Image-2025-06-29-at-19.17.02-400x223.jpeg 400w\" sizes=\"auto, (max-width: 1600px) 100vw, 1600px\" \/><\/figure>\n<\/figure>\n\n\n\n<p>Fotos: R&amp;P privat<\/p>\n","protected":false},"excerpt":{"rendered":"<p>TBW-Trophy \u00d6hringen: 1. Platz TBW-Trophy \u00d6hringen: 1. Platz f\u00fcr Ren\u00e9e und Goran in der Master III A Standard f\u00fcr Ren\u00e9e und Goran in der Master III A Standard Am 29. Juni 2025 starteten Ren\u00e9e Rothb\u00f6ck &amp; Goran Pujic bei der TBW-Trophy in \u00d6hringen in der Startklasse\u00a0Master III A Standard. Bei sommerlichen Temperaturen von 33 Grad [&hellip;]<\/p>\n","protected":false},"author":19,"featured_media":24956,"comment_status":"closed","ping_status":"closed","sticky":false,"template":"","format":"standard","meta":{"_jetpack_memberships_contains_paid_content":false,"footnotes":""},"categories":[1],"tags":[],"class_list":["post-24953","post","type-post","status-publish","format-standard","has-post-thumbnail","hentry","category-allgemein"],"jetpack_featured_media_url":"https:\/\/tanzen-weilheim.de\/cms\/wp-content\/uploads\/2025\/07\/WhatsApp-Image-2025-06-29-at-19.17.02-1.jpeg","jetpack_sharing_enabled":true,"_links":{"self":[{"href":"https:\/\/tanzen-weilheim.de\/cms\/wp-json\/wp\/v2\/posts\/24953","targetHints":{"allow":["GET"]}}],"collection":[{"href":"https:\/\/tanzen-weilheim.de\/cms\/wp-json\/wp\/v2\/posts"}],"about":[{"href":"https:\/\/tanzen-weilheim.de\/cms\/wp-json\/wp\/v2\/types\/post"}],"author":[{"embeddable":true,"href":"https:\/\/tanzen-weilheim.de\/cms\/wp-json\/wp\/v2\/users\/19"}],"replies":[{"embeddable":true,"href":"https:\/\/tanzen-weilheim.de\/cms\/wp-json\/wp\/v2\/comments?post=24953"}],"version-history":[{"count":1,"href":"https:\/\/tanzen-weilheim.de\/cms\/wp-json\/wp\/v2\/posts\/24953\/revisions"}],"predecessor-version":[{"id":24957,"href":"https:\/\/tanzen-weilheim.de\/cms\/wp-json\/wp\/v2\/posts\/24953\/revisions\/24957"}],"wp:featuredmedia":[{"embeddable":true,"href":"https:\/\/tanzen-weilheim.de\/cms\/wp-json\/wp\/v2\/media\/24956"}],"wp:attachment":[{"href":"https:\/\/tanzen-weilheim.de\/cms\/wp-json\/wp\/v2\/media?parent=24953"}],"wp:term":[{"taxonomy":"category","embeddable":true,"href":"https:\/\/tanzen-weilheim.de\/cms\/wp-json\/wp\/v2\/categories?post=24953"},{"taxonomy":"post_tag","embeddable":true,"href":"https:\/\/tanzen-weilheim.de\/cms\/wp-json\/wp\/v2\/tags?post=24953"}],"curies":[{"name":"wp","href":"https:\/\/api.w.org\/{rel}","templated":true}]}}