{"id":20863,"date":"2023-11-13T08:47:05","date_gmt":"2023-11-13T07:47:05","guid":{"rendered":"https:\/\/tanzen-weilheim.de\/cms\/?p=20863"},"modified":"2023-11-23T07:57:52","modified_gmt":"2023-11-23T06:57:52","slug":"20863","status":"publish","type":"post","link":"https:\/\/tanzen-weilheim.de\/cms\/20863\/20863","title":{"rendered":"Saxonian Dance Classics 2023"},"content":{"rendered":"\n<p>Dresden stellt allj\u00e4hrlich den Ort f\u00fcr ein internationalen Turniers des Weltverbandes WDSF, der Saxonian Dance Classics! Am zweiten Wochenende im November 2023 trafen sich wieder mehrere Hundert Paare aus aller Welt im ICC-Maritim-Dresden zum Leistungsvergleich. <\/p>\n\n\n\n<!--more-->\n\n\n\n<p>Integriert in eine St\u00e4dtereise nutzen Dr. Michael &amp; Monika Marschall die Chance WDSF-Erfahrung zu sammeln. Michael &amp; Monika , ein Master III A-Paar starteten, auf den Turnieren <a href=\"https:\/\/turnier-ergebnisse.net\/sdc2023\/8-1211_wdsfopenstdsen3\/index.htm\">WDSF Open Standard Senior III<\/a>. Sie genossen das Feeling in dieser herrlichen Turnierst\u00e4tte und erreichten von 131 startenden Paaren Platz 107. F\u00fcr sie steht fest: n\u00e4chstes Jahr sind sie auf alle F\u00e4lle wieder dabei.<\/p>\n\n\n\n<p><\/p>\n\n\n<div class=\"wp-block-image is-style-rounded\">\n<figure class=\"aligncenter size-full is-resized\"><img loading=\"lazy\" decoding=\"async\" width=\"1704\" height=\"2560\" src=\"https:\/\/tanzen-weilheim.de\/cms\/wp-content\/uploads\/2023\/11\/Dresden23-scaled.jpg\" alt=\"\" class=\"wp-image-20905\" style=\"aspect-ratio:0.665625;width:465px;height:auto\" srcset=\"https:\/\/tanzen-weilheim.de\/cms\/wp-content\/uploads\/2023\/11\/Dresden23-scaled.jpg 1704w, https:\/\/tanzen-weilheim.de\/cms\/wp-content\/uploads\/2023\/11\/Dresden23-1278x1920.jpg 1278w, https:\/\/tanzen-weilheim.de\/cms\/wp-content\/uploads\/2023\/11\/Dresden23-639x960.jpg 639w, https:\/\/tanzen-weilheim.de\/cms\/wp-content\/uploads\/2023\/11\/Dresden23-768x1154.jpg 768w, https:\/\/tanzen-weilheim.de\/cms\/wp-content\/uploads\/2023\/11\/Dresden23-1022x1536.jpg 1022w, https:\/\/tanzen-weilheim.de\/cms\/wp-content\/uploads\/2023\/11\/Dresden23-1363x2048.jpg 1363w, https:\/\/tanzen-weilheim.de\/cms\/wp-content\/uploads\/2023\/11\/Dresden23-400x600.jpg 400w\" sizes=\"auto, (max-width: 1704px) 100vw, 1704px\" \/><figcaption class=\"wp-element-caption\">Michael &amp; Monika <br>Foto: <a href=\"https:\/\/www.sportfotografie-gerner.de\/turniere\/\">Sportfotograpfie Gerner<\/a><\/figcaption><\/figure><\/div>\n\n\n<p>Hier ein paar Eindr\u00fccke aus Dresden, eine Stadt die mit und ohne Turnier eine Reise wert ist \ud83d\ude42<\/p>\n\n\n\n<p><\/p>\n\n\n\n<figure class=\"wp-block-gallery has-nested-images columns-3 is-cropped wp-block-gallery-1 is-layout-flex wp-block-gallery-is-layout-flex\">\n<figure class=\"wp-block-image size-large\"><img loading=\"lazy\" decoding=\"async\" width=\"2880\" height=\"3840\" data-id=\"20868\" src=\"https:\/\/tanzen-weilheim.de\/cms\/wp-content\/uploads\/2023\/11\/IMG_4317-2880x3840.jpg\" alt=\"\" class=\"wp-image-20868\" srcset=\"https:\/\/tanzen-weilheim.de\/cms\/wp-content\/uploads\/2023\/11\/IMG_4317-2880x3840.jpg 2880w, https:\/\/tanzen-weilheim.de\/cms\/wp-content\/uploads\/2023\/11\/IMG_4317-1440x1920.jpg 1440w, https:\/\/tanzen-weilheim.de\/cms\/wp-content\/uploads\/2023\/11\/IMG_4317-720x960.jpg 720w, https:\/\/tanzen-weilheim.de\/cms\/wp-content\/uploads\/2023\/11\/IMG_4317-768x1024.jpg 768w, https:\/\/tanzen-weilheim.de\/cms\/wp-content\/uploads\/2023\/11\/IMG_4317-1152x1536.jpg 1152w, https:\/\/tanzen-weilheim.de\/cms\/wp-content\/uploads\/2023\/11\/IMG_4317-1536x2048.jpg 1536w, https:\/\/tanzen-weilheim.de\/cms\/wp-content\/uploads\/2023\/11\/IMG_4317-400x533.jpg 400w, https:\/\/tanzen-weilheim.de\/cms\/wp-content\/uploads\/2023\/11\/IMG_4317-scaled.jpg 1920w\" sizes=\"auto, (max-width: 2880px) 100vw, 2880px\" \/><figcaption class=\"wp-element-caption\">Foyer Maritim-Hotel<\/figcaption><\/figure>\n\n\n\n<figure class=\"wp-block-image size-large\"><img loading=\"lazy\" decoding=\"async\" width=\"3840\" height=\"2880\" data-id=\"20864\" src=\"https:\/\/tanzen-weilheim.de\/cms\/wp-content\/uploads\/2023\/11\/IMG_4318-3840x2880.jpg\" alt=\"\" class=\"wp-image-20864\" srcset=\"https:\/\/tanzen-weilheim.de\/cms\/wp-content\/uploads\/2023\/11\/IMG_4318-3840x2880.jpg 3840w, https:\/\/tanzen-weilheim.de\/cms\/wp-content\/uploads\/2023\/11\/IMG_4318-1920x1440.jpg 1920w, https:\/\/tanzen-weilheim.de\/cms\/wp-content\/uploads\/2023\/11\/IMG_4318-960x720.jpg 960w, https:\/\/tanzen-weilheim.de\/cms\/wp-content\/uploads\/2023\/11\/IMG_4318-768x576.jpg 768w, https:\/\/tanzen-weilheim.de\/cms\/wp-content\/uploads\/2023\/11\/IMG_4318-1536x1152.jpg 1536w, https:\/\/tanzen-weilheim.de\/cms\/wp-content\/uploads\/2023\/11\/IMG_4318-2048x1536.jpg 2048w, https:\/\/tanzen-weilheim.de\/cms\/wp-content\/uploads\/2023\/11\/IMG_4318-400x300.jpg 400w\" sizes=\"auto, (max-width: 3840px) 100vw, 3840px\" \/><figcaption class=\"wp-element-caption\">Kongresszentrum<\/figcaption><\/figure>\n\n\n\n<figure class=\"wp-block-image size-large\"><img loading=\"lazy\" decoding=\"async\" width=\"1804\" height=\"2560\" data-id=\"20869\" src=\"https:\/\/tanzen-weilheim.de\/cms\/wp-content\/uploads\/2023\/11\/IMG_4347-1-scaled.jpg\" alt=\"\" class=\"wp-image-20869\" srcset=\"https:\/\/tanzen-weilheim.de\/cms\/wp-content\/uploads\/2023\/11\/IMG_4347-1-scaled.jpg 1804w, https:\/\/tanzen-weilheim.de\/cms\/wp-content\/uploads\/2023\/11\/IMG_4347-1-1353x1920.jpg 1353w, https:\/\/tanzen-weilheim.de\/cms\/wp-content\/uploads\/2023\/11\/IMG_4347-1-676x960.jpg 676w, https:\/\/tanzen-weilheim.de\/cms\/wp-content\/uploads\/2023\/11\/IMG_4347-1-768x1090.jpg 768w, https:\/\/tanzen-weilheim.de\/cms\/wp-content\/uploads\/2023\/11\/IMG_4347-1-1082x1536.jpg 1082w, https:\/\/tanzen-weilheim.de\/cms\/wp-content\/uploads\/2023\/11\/IMG_4347-1-1443x2048.jpg 1443w, https:\/\/tanzen-weilheim.de\/cms\/wp-content\/uploads\/2023\/11\/IMG_4347-1-400x568.jpg 400w\" sizes=\"auto, (max-width: 1804px) 100vw, 1804px\" \/><figcaption class=\"wp-element-caption\">Michael &amp; Monika<\/figcaption><\/figure>\n\n\n\n<figure class=\"wp-block-image size-large\"><img loading=\"lazy\" decoding=\"async\" width=\"3840\" height=\"2880\" data-id=\"20890\" src=\"https:\/\/tanzen-weilheim.de\/cms\/wp-content\/uploads\/2023\/11\/IMG_7596-3840x2880.jpg\" alt=\"\" class=\"wp-image-20890\" srcset=\"https:\/\/tanzen-weilheim.de\/cms\/wp-content\/uploads\/2023\/11\/IMG_7596-3840x2880.jpg 3840w, https:\/\/tanzen-weilheim.de\/cms\/wp-content\/uploads\/2023\/11\/IMG_7596-1920x1440.jpg 1920w, https:\/\/tanzen-weilheim.de\/cms\/wp-content\/uploads\/2023\/11\/IMG_7596-960x720.jpg 960w, https:\/\/tanzen-weilheim.de\/cms\/wp-content\/uploads\/2023\/11\/IMG_7596-768x576.jpg 768w, https:\/\/tanzen-weilheim.de\/cms\/wp-content\/uploads\/2023\/11\/IMG_7596-1536x1152.jpg 1536w, https:\/\/tanzen-weilheim.de\/cms\/wp-content\/uploads\/2023\/11\/IMG_7596-2048x1536.jpg 2048w, https:\/\/tanzen-weilheim.de\/cms\/wp-content\/uploads\/2023\/11\/IMG_7596-400x300.jpg 400w\" sizes=\"auto, (max-width: 3840px) 100vw, 3840px\" \/><\/figure>\n\n\n\n<figure class=\"wp-block-image size-large\"><img loading=\"lazy\" decoding=\"async\" width=\"3840\" height=\"2880\" data-id=\"20865\" src=\"https:\/\/tanzen-weilheim.de\/cms\/wp-content\/uploads\/2023\/11\/IMG_4356-3840x2880.jpg\" alt=\"\" class=\"wp-image-20865\" srcset=\"https:\/\/tanzen-weilheim.de\/cms\/wp-content\/uploads\/2023\/11\/IMG_4356-3840x2880.jpg 3840w, https:\/\/tanzen-weilheim.de\/cms\/wp-content\/uploads\/2023\/11\/IMG_4356-1920x1440.jpg 1920w, https:\/\/tanzen-weilheim.de\/cms\/wp-content\/uploads\/2023\/11\/IMG_4356-960x720.jpg 960w, https:\/\/tanzen-weilheim.de\/cms\/wp-content\/uploads\/2023\/11\/IMG_4356-768x576.jpg 768w, https:\/\/tanzen-weilheim.de\/cms\/wp-content\/uploads\/2023\/11\/IMG_4356-1536x1152.jpg 1536w, https:\/\/tanzen-weilheim.de\/cms\/wp-content\/uploads\/2023\/11\/IMG_4356-2048x1536.jpg 2048w, https:\/\/tanzen-weilheim.de\/cms\/wp-content\/uploads\/2023\/11\/IMG_4356-400x300.jpg 400w\" sizes=\"auto, (max-width: 3840px) 100vw, 3840px\" \/><figcaption class=\"wp-element-caption\">Siegerehrung WDSF-Open Sen III Standard<\/figcaption><\/figure>\n\n\n\n<figure class=\"wp-block-image size-large\"><img loading=\"lazy\" decoding=\"async\" width=\"3840\" height=\"2880\" data-id=\"20885\" src=\"https:\/\/tanzen-weilheim.de\/cms\/wp-content\/uploads\/2023\/11\/IMG_7567-3840x2880.jpg\" alt=\"\" class=\"wp-image-20885\" srcset=\"https:\/\/tanzen-weilheim.de\/cms\/wp-content\/uploads\/2023\/11\/IMG_7567-3840x2880.jpg 3840w, https:\/\/tanzen-weilheim.de\/cms\/wp-content\/uploads\/2023\/11\/IMG_7567-1920x1440.jpg 1920w, https:\/\/tanzen-weilheim.de\/cms\/wp-content\/uploads\/2023\/11\/IMG_7567-960x720.jpg 960w, https:\/\/tanzen-weilheim.de\/cms\/wp-content\/uploads\/2023\/11\/IMG_7567-768x576.jpg 768w, https:\/\/tanzen-weilheim.de\/cms\/wp-content\/uploads\/2023\/11\/IMG_7567-1536x1152.jpg 1536w, https:\/\/tanzen-weilheim.de\/cms\/wp-content\/uploads\/2023\/11\/IMG_7567-2048x1536.jpg 2048w, https:\/\/tanzen-weilheim.de\/cms\/wp-content\/uploads\/2023\/11\/IMG_7567-400x300.jpg 400w\" sizes=\"auto, (max-width: 3840px) 100vw, 3840px\" \/><figcaption class=\"wp-element-caption\">City Sightseeing<\/figcaption><\/figure>\n\n\n\n<figure class=\"wp-block-image size-large\"><img loading=\"lazy\" decoding=\"async\" width=\"3840\" height=\"2880\" data-id=\"20878\" src=\"https:\/\/tanzen-weilheim.de\/cms\/wp-content\/uploads\/2023\/11\/IMG_4333-3840x2880.jpg\" alt=\"\" class=\"wp-image-20878\" srcset=\"https:\/\/tanzen-weilheim.de\/cms\/wp-content\/uploads\/2023\/11\/IMG_4333-3840x2880.jpg 3840w, https:\/\/tanzen-weilheim.de\/cms\/wp-content\/uploads\/2023\/11\/IMG_4333-1920x1440.jpg 1920w, https:\/\/tanzen-weilheim.de\/cms\/wp-content\/uploads\/2023\/11\/IMG_4333-960x720.jpg 960w, https:\/\/tanzen-weilheim.de\/cms\/wp-content\/uploads\/2023\/11\/IMG_4333-768x576.jpg 768w, https:\/\/tanzen-weilheim.de\/cms\/wp-content\/uploads\/2023\/11\/IMG_4333-1536x1152.jpg 1536w, https:\/\/tanzen-weilheim.de\/cms\/wp-content\/uploads\/2023\/11\/IMG_4333-2048x1536.jpg 2048w, https:\/\/tanzen-weilheim.de\/cms\/wp-content\/uploads\/2023\/11\/IMG_4333-400x300.jpg 400w\" sizes=\"auto, (max-width: 3840px) 100vw, 3840px\" \/><\/figure>\n\n\n\n<figure class=\"wp-block-image size-large\"><img loading=\"lazy\" decoding=\"async\" width=\"3840\" height=\"2880\" data-id=\"20866\" src=\"https:\/\/tanzen-weilheim.de\/cms\/wp-content\/uploads\/2023\/11\/IMG_4332-3840x2880.jpg\" alt=\"\" class=\"wp-image-20866\" srcset=\"https:\/\/tanzen-weilheim.de\/cms\/wp-content\/uploads\/2023\/11\/IMG_4332-3840x2880.jpg 3840w, https:\/\/tanzen-weilheim.de\/cms\/wp-content\/uploads\/2023\/11\/IMG_4332-1920x1440.jpg 1920w, https:\/\/tanzen-weilheim.de\/cms\/wp-content\/uploads\/2023\/11\/IMG_4332-960x720.jpg 960w, https:\/\/tanzen-weilheim.de\/cms\/wp-content\/uploads\/2023\/11\/IMG_4332-768x576.jpg 768w, https:\/\/tanzen-weilheim.de\/cms\/wp-content\/uploads\/2023\/11\/IMG_4332-1536x1152.jpg 1536w, https:\/\/tanzen-weilheim.de\/cms\/wp-content\/uploads\/2023\/11\/IMG_4332-2048x1536.jpg 2048w, https:\/\/tanzen-weilheim.de\/cms\/wp-content\/uploads\/2023\/11\/IMG_4332-400x300.jpg 400w\" sizes=\"auto, (max-width: 3840px) 100vw, 3840px\" \/><\/figure>\n\n\n\n<figure class=\"wp-block-image size-large\"><img loading=\"lazy\" decoding=\"async\" width=\"3840\" height=\"2880\" data-id=\"20871\" src=\"https:\/\/tanzen-weilheim.de\/cms\/wp-content\/uploads\/2023\/11\/IMG_4358-3840x2880.jpg\" alt=\"\" class=\"wp-image-20871\" srcset=\"https:\/\/tanzen-weilheim.de\/cms\/wp-content\/uploads\/2023\/11\/IMG_4358-3840x2880.jpg 3840w, https:\/\/tanzen-weilheim.de\/cms\/wp-content\/uploads\/2023\/11\/IMG_4358-1920x1440.jpg 1920w, https:\/\/tanzen-weilheim.de\/cms\/wp-content\/uploads\/2023\/11\/IMG_4358-960x720.jpg 960w, https:\/\/tanzen-weilheim.de\/cms\/wp-content\/uploads\/2023\/11\/IMG_4358-768x576.jpg 768w, https:\/\/tanzen-weilheim.de\/cms\/wp-content\/uploads\/2023\/11\/IMG_4358-1536x1152.jpg 1536w, https:\/\/tanzen-weilheim.de\/cms\/wp-content\/uploads\/2023\/11\/IMG_4358-2048x1536.jpg 2048w, https:\/\/tanzen-weilheim.de\/cms\/wp-content\/uploads\/2023\/11\/IMG_4358-400x300.jpg 400w\" sizes=\"auto, (max-width: 3840px) 100vw, 3840px\" \/><\/figure>\n\n\n\n<figure class=\"wp-block-image size-large\"><img loading=\"lazy\" decoding=\"async\" width=\"2880\" height=\"3840\" data-id=\"20870\" src=\"https:\/\/tanzen-weilheim.de\/cms\/wp-content\/uploads\/2023\/11\/IMG_4359-2880x3840.jpg\" alt=\"\" class=\"wp-image-20870\" srcset=\"https:\/\/tanzen-weilheim.de\/cms\/wp-content\/uploads\/2023\/11\/IMG_4359-2880x3840.jpg 2880w, https:\/\/tanzen-weilheim.de\/cms\/wp-content\/uploads\/2023\/11\/IMG_4359-1440x1920.jpg 1440w, https:\/\/tanzen-weilheim.de\/cms\/wp-content\/uploads\/2023\/11\/IMG_4359-720x960.jpg 720w, https:\/\/tanzen-weilheim.de\/cms\/wp-content\/uploads\/2023\/11\/IMG_4359-768x1024.jpg 768w, https:\/\/tanzen-weilheim.de\/cms\/wp-content\/uploads\/2023\/11\/IMG_4359-1152x1536.jpg 1152w, https:\/\/tanzen-weilheim.de\/cms\/wp-content\/uploads\/2023\/11\/IMG_4359-1536x2048.jpg 1536w, https:\/\/tanzen-weilheim.de\/cms\/wp-content\/uploads\/2023\/11\/IMG_4359-400x533.jpg 400w, https:\/\/tanzen-weilheim.de\/cms\/wp-content\/uploads\/2023\/11\/IMG_4359-scaled.jpg 1920w\" sizes=\"auto, (max-width: 2880px) 100vw, 2880px\" \/><\/figure>\n\n\n\n<figure class=\"wp-block-image size-large\"><img loading=\"lazy\" decoding=\"async\" width=\"2880\" height=\"3840\" data-id=\"20884\" src=\"https:\/\/tanzen-weilheim.de\/cms\/wp-content\/uploads\/2023\/11\/IMG_7569-2880x3840.jpg\" alt=\"\" class=\"wp-image-20884\" srcset=\"https:\/\/tanzen-weilheim.de\/cms\/wp-content\/uploads\/2023\/11\/IMG_7569-2880x3840.jpg 2880w, https:\/\/tanzen-weilheim.de\/cms\/wp-content\/uploads\/2023\/11\/IMG_7569-1440x1920.jpg 1440w, https:\/\/tanzen-weilheim.de\/cms\/wp-content\/uploads\/2023\/11\/IMG_7569-720x960.jpg 720w, https:\/\/tanzen-weilheim.de\/cms\/wp-content\/uploads\/2023\/11\/IMG_7569-768x1024.jpg 768w, https:\/\/tanzen-weilheim.de\/cms\/wp-content\/uploads\/2023\/11\/IMG_7569-1152x1536.jpg 1152w, https:\/\/tanzen-weilheim.de\/cms\/wp-content\/uploads\/2023\/11\/IMG_7569-1536x2048.jpg 1536w, https:\/\/tanzen-weilheim.de\/cms\/wp-content\/uploads\/2023\/11\/IMG_7569-400x533.jpg 400w, https:\/\/tanzen-weilheim.de\/cms\/wp-content\/uploads\/2023\/11\/IMG_7569-scaled.jpg 1920w\" sizes=\"auto, (max-width: 2880px) 100vw, 2880px\" \/><\/figure>\n\n\n\n<figure class=\"wp-block-image size-large\"><img loading=\"lazy\" decoding=\"async\" width=\"3840\" height=\"2880\" data-id=\"20888\" src=\"https:\/\/tanzen-weilheim.de\/cms\/wp-content\/uploads\/2023\/11\/IMG_7612-3840x2880.jpg\" alt=\"\" class=\"wp-image-20888\" srcset=\"https:\/\/tanzen-weilheim.de\/cms\/wp-content\/uploads\/2023\/11\/IMG_7612-3840x2880.jpg 3840w, https:\/\/tanzen-weilheim.de\/cms\/wp-content\/uploads\/2023\/11\/IMG_7612-1920x1440.jpg 1920w, https:\/\/tanzen-weilheim.de\/cms\/wp-content\/uploads\/2023\/11\/IMG_7612-960x720.jpg 960w, https:\/\/tanzen-weilheim.de\/cms\/wp-content\/uploads\/2023\/11\/IMG_7612-768x576.jpg 768w, https:\/\/tanzen-weilheim.de\/cms\/wp-content\/uploads\/2023\/11\/IMG_7612-1536x1152.jpg 1536w, https:\/\/tanzen-weilheim.de\/cms\/wp-content\/uploads\/2023\/11\/IMG_7612-2048x1536.jpg 2048w, https:\/\/tanzen-weilheim.de\/cms\/wp-content\/uploads\/2023\/11\/IMG_7612-400x300.jpg 400w\" sizes=\"auto, (max-width: 3840px) 100vw, 3840px\" \/><\/figure>\n\n\n\n<figure class=\"wp-block-image size-large\"><img loading=\"lazy\" decoding=\"async\" width=\"2880\" height=\"3840\" data-id=\"20887\" src=\"https:\/\/tanzen-weilheim.de\/cms\/wp-content\/uploads\/2023\/11\/IMG_7629-2880x3840.jpg\" alt=\"\" class=\"wp-image-20887\" srcset=\"https:\/\/tanzen-weilheim.de\/cms\/wp-content\/uploads\/2023\/11\/IMG_7629-2880x3840.jpg 2880w, https:\/\/tanzen-weilheim.de\/cms\/wp-content\/uploads\/2023\/11\/IMG_7629-1440x1920.jpg 1440w, https:\/\/tanzen-weilheim.de\/cms\/wp-content\/uploads\/2023\/11\/IMG_7629-720x960.jpg 720w, https:\/\/tanzen-weilheim.de\/cms\/wp-content\/uploads\/2023\/11\/IMG_7629-768x1024.jpg 768w, https:\/\/tanzen-weilheim.de\/cms\/wp-content\/uploads\/2023\/11\/IMG_7629-1152x1536.jpg 1152w, https:\/\/tanzen-weilheim.de\/cms\/wp-content\/uploads\/2023\/11\/IMG_7629-1536x2048.jpg 1536w, https:\/\/tanzen-weilheim.de\/cms\/wp-content\/uploads\/2023\/11\/IMG_7629-400x533.jpg 400w, https:\/\/tanzen-weilheim.de\/cms\/wp-content\/uploads\/2023\/11\/IMG_7629-scaled.jpg 1920w\" sizes=\"auto, (max-width: 2880px) 100vw, 2880px\" \/><figcaption class=\"wp-element-caption\">Elbsandsteingebirge<\/figcaption><\/figure>\n\n\n\n<figure class=\"wp-block-image size-large\"><img loading=\"lazy\" decoding=\"async\" width=\"3840\" height=\"2880\" data-id=\"20886\" src=\"https:\/\/tanzen-weilheim.de\/cms\/wp-content\/uploads\/2023\/11\/IMG_7626-3840x2880.jpg\" alt=\"\" class=\"wp-image-20886\" srcset=\"https:\/\/tanzen-weilheim.de\/cms\/wp-content\/uploads\/2023\/11\/IMG_7626-3840x2880.jpg 3840w, https:\/\/tanzen-weilheim.de\/cms\/wp-content\/uploads\/2023\/11\/IMG_7626-1920x1440.jpg 1920w, https:\/\/tanzen-weilheim.de\/cms\/wp-content\/uploads\/2023\/11\/IMG_7626-960x720.jpg 960w, https:\/\/tanzen-weilheim.de\/cms\/wp-content\/uploads\/2023\/11\/IMG_7626-768x576.jpg 768w, https:\/\/tanzen-weilheim.de\/cms\/wp-content\/uploads\/2023\/11\/IMG_7626-1536x1152.jpg 1536w, https:\/\/tanzen-weilheim.de\/cms\/wp-content\/uploads\/2023\/11\/IMG_7626-2048x1536.jpg 2048w, https:\/\/tanzen-weilheim.de\/cms\/wp-content\/uploads\/2023\/11\/IMG_7626-400x300.jpg 400w\" sizes=\"auto, (max-width: 3840px) 100vw, 3840px\" \/><\/figure>\n<\/figure>\n\n\n\n<p>Foto&#8217;s Eindr\u00fccke Dresden: privat<\/p>\n","protected":false},"excerpt":{"rendered":"<p>Dresden stellt allj\u00e4hrlich den Ort f\u00fcr ein internationalen Turniers des Weltverbandes WDSF, der Saxonian Dance Classics! Am zweiten Wochenende im November 2023 trafen sich wieder mehrere Hundert Paare aus aller Welt im ICC-Maritim-Dresden zum Leistungsvergleich.<\/p>\n","protected":false},"author":19,"featured_media":20878,"comment_status":"closed","ping_status":"closed","sticky":false,"template":"","format":"standard","meta":{"_jetpack_memberships_contains_paid_content":false,"footnotes":""},"categories":[1],"tags":[],"class_list":["post-20863","post","type-post","status-publish","format-standard","has-post-thumbnail","hentry","category-allgemein"],"jetpack_featured_media_url":"https:\/\/tanzen-weilheim.de\/cms\/wp-content\/uploads\/2023\/11\/IMG_4333-scaled.jpg","jetpack_sharing_enabled":true,"_links":{"self":[{"href":"https:\/\/tanzen-weilheim.de\/cms\/wp-json\/wp\/v2\/posts\/20863","targetHints":{"allow":["GET"]}}],"collection":[{"href":"https:\/\/tanzen-weilheim.de\/cms\/wp-json\/wp\/v2\/posts"}],"about":[{"href":"https:\/\/tanzen-weilheim.de\/cms\/wp-json\/wp\/v2\/types\/post"}],"author":[{"embeddable":true,"href":"https:\/\/tanzen-weilheim.de\/cms\/wp-json\/wp\/v2\/users\/19"}],"replies":[{"embeddable":true,"href":"https:\/\/tanzen-weilheim.de\/cms\/wp-json\/wp\/v2\/comments?post=20863"}],"version-history":[{"count":17,"href":"https:\/\/tanzen-weilheim.de\/cms\/wp-json\/wp\/v2\/posts\/20863\/revisions"}],"predecessor-version":[{"id":20912,"href":"https:\/\/tanzen-weilheim.de\/cms\/wp-json\/wp\/v2\/posts\/20863\/revisions\/20912"}],"wp:featuredmedia":[{"embeddable":true,"href":"https:\/\/tanzen-weilheim.de\/cms\/wp-json\/wp\/v2\/media\/20878"}],"wp:attachment":[{"href":"https:\/\/tanzen-weilheim.de\/cms\/wp-json\/wp\/v2\/media?parent=20863"}],"wp:term":[{"taxonomy":"category","embeddable":true,"href":"https:\/\/tanzen-weilheim.de\/cms\/wp-json\/wp\/v2\/categories?post=20863"},{"taxonomy":"post_tag","embeddable":true,"href":"https:\/\/tanzen-weilheim.de\/cms\/wp-json\/wp\/v2\/tags?post=20863"}],"curies":[{"name":"wp","href":"https:\/\/api.w.org\/{rel}","templated":true}]}}