{"id":20809,"date":"2023-11-04T12:15:47","date_gmt":"2023-11-04T11:15:47","guid":{"rendered":"https:\/\/tanzen-weilheim.de\/cms\/?p=20809"},"modified":"2023-11-04T12:19:51","modified_gmt":"2023-11-04T11:19:51","slug":"neusaesser-herbstpokal-2023","status":"publish","type":"post","link":"https:\/\/tanzen-weilheim.de\/cms\/20809\/neusaesser-herbstpokal-2023","title":{"rendered":"Neus\u00e4\u00dfer Herbstpokal 2023"},"content":{"rendered":"\n<p>Am 4. November 2023 \u00f6ffnete das TSZA (Tanzsport Zentrum Augsburg) seine T\u00fcren f\u00fcr ihr allj\u00e4hrliches,\u00a0 aufregendes Tanzevent &#8211; den <a href=\"https:\/\/www.tsza.de\/tanznews\/neusaesser-herbstpokal-2023.html\">Neus\u00e4\u00dfer Herbstpokal<\/a>. <\/p>\n\n\n\n<p>Oliver Albers &amp; Jutta Maccio waren f\u00fcr die TSA Weilheim in zwei Startklassen in den Standard-T\u00e4nzen am Start.<\/p>\n\n\n\n<!--more-->\n\n\n\n<p>Und sie hatten wieder einmal allen Grund zum Strahlen und Jubeln:<br>2 Platzierungen f\u00fcr die TSA Weilheim: in der Master III D-Klasse ertanzten sie sich den 3. Platz (8) und in der Master II D- Klasse den 6. Platz (10). <\/p>\n\n\n\n<p>wir sind stolz auf euch \ud83d\ude42<\/p>\n\n\n<div class=\"wp-block-image is-style-rounded\">\n<figure class=\"aligncenter size-full\"><img loading=\"lazy\" decoding=\"async\" width=\"1754\" height=\"801\" src=\"https:\/\/tanzen-weilheim.de\/cms\/wp-content\/uploads\/2023\/11\/PHOTO-2023-11-04-11-32-49-1.jpg\" alt=\"\" class=\"wp-image-20812\" srcset=\"https:\/\/tanzen-weilheim.de\/cms\/wp-content\/uploads\/2023\/11\/PHOTO-2023-11-04-11-32-49-1.jpg 1754w, https:\/\/tanzen-weilheim.de\/cms\/wp-content\/uploads\/2023\/11\/PHOTO-2023-11-04-11-32-49-1-960x438.jpg 960w, https:\/\/tanzen-weilheim.de\/cms\/wp-content\/uploads\/2023\/11\/PHOTO-2023-11-04-11-32-49-1-768x351.jpg 768w, https:\/\/tanzen-weilheim.de\/cms\/wp-content\/uploads\/2023\/11\/PHOTO-2023-11-04-11-32-49-1-1536x701.jpg 1536w, https:\/\/tanzen-weilheim.de\/cms\/wp-content\/uploads\/2023\/11\/PHOTO-2023-11-04-11-32-49-1-400x183.jpg 400w\" sizes=\"auto, (max-width: 1754px) 100vw, 1754px\" \/><figcaption class=\"wp-element-caption\">Jutta &amp; Oliver Platz 3 MAS III D Standard<\/figcaption><\/figure><\/div>\n\n<div class=\"wp-block-image is-style-rounded\">\n<figure class=\"aligncenter size-full is-resized\"><img loading=\"lazy\" decoding=\"async\" width=\"822\" height=\"1645\" src=\"https:\/\/tanzen-weilheim.de\/cms\/wp-content\/uploads\/2023\/11\/PHOTO-2023-11-04-11-33-01.jpg\" alt=\"\" class=\"wp-image-20813\" style=\"aspect-ratio:0.49969604863221884;width:326px;height:auto\" srcset=\"https:\/\/tanzen-weilheim.de\/cms\/wp-content\/uploads\/2023\/11\/PHOTO-2023-11-04-11-33-01.jpg 822w, https:\/\/tanzen-weilheim.de\/cms\/wp-content\/uploads\/2023\/11\/PHOTO-2023-11-04-11-33-01-480x960.jpg 480w, https:\/\/tanzen-weilheim.de\/cms\/wp-content\/uploads\/2023\/11\/PHOTO-2023-11-04-11-33-01-768x1536.jpg 768w, https:\/\/tanzen-weilheim.de\/cms\/wp-content\/uploads\/2023\/11\/PHOTO-2023-11-04-11-33-01-300x600.jpg 300w\" sizes=\"auto, (max-width: 822px) 100vw, 822px\" \/><\/figure><\/div>\n\n\n<p class=\"has-small-font-size\">Foto&#8217;s: TSA privat<\/p>\n","protected":false},"excerpt":{"rendered":"<p>Am 4. November 2023 \u00f6ffnete das TSZA (Tanzsport Zentrum Augsburg) seine T\u00fcren f\u00fcr ihr allj\u00e4hrliches,\u00a0 aufregendes Tanzevent &#8211; den Neus\u00e4\u00dfer Herbstpokal. Oliver Albers &amp; Jutta Maccio waren f\u00fcr die TSA Weilheim in zwei Startklassen in den Standard-T\u00e4nzen am Start.<\/p>\n","protected":false},"author":19,"featured_media":20813,"comment_status":"closed","ping_status":"closed","sticky":false,"template":"","format":"standard","meta":{"_jetpack_memberships_contains_paid_content":false,"footnotes":""},"categories":[1],"tags":[],"class_list":["post-20809","post","type-post","status-publish","format-standard","has-post-thumbnail","hentry","category-allgemein"],"jetpack_featured_media_url":"https:\/\/tanzen-weilheim.de\/cms\/wp-content\/uploads\/2023\/11\/PHOTO-2023-11-04-11-33-01.jpg","jetpack_sharing_enabled":true,"_links":{"self":[{"href":"https:\/\/tanzen-weilheim.de\/cms\/wp-json\/wp\/v2\/posts\/20809","targetHints":{"allow":["GET"]}}],"collection":[{"href":"https:\/\/tanzen-weilheim.de\/cms\/wp-json\/wp\/v2\/posts"}],"about":[{"href":"https:\/\/tanzen-weilheim.de\/cms\/wp-json\/wp\/v2\/types\/post"}],"author":[{"embeddable":true,"href":"https:\/\/tanzen-weilheim.de\/cms\/wp-json\/wp\/v2\/users\/19"}],"replies":[{"embeddable":true,"href":"https:\/\/tanzen-weilheim.de\/cms\/wp-json\/wp\/v2\/comments?post=20809"}],"version-history":[{"count":3,"href":"https:\/\/tanzen-weilheim.de\/cms\/wp-json\/wp\/v2\/posts\/20809\/revisions"}],"predecessor-version":[{"id":20816,"href":"https:\/\/tanzen-weilheim.de\/cms\/wp-json\/wp\/v2\/posts\/20809\/revisions\/20816"}],"wp:featuredmedia":[{"embeddable":true,"href":"https:\/\/tanzen-weilheim.de\/cms\/wp-json\/wp\/v2\/media\/20813"}],"wp:attachment":[{"href":"https:\/\/tanzen-weilheim.de\/cms\/wp-json\/wp\/v2\/media?parent=20809"}],"wp:term":[{"taxonomy":"category","embeddable":true,"href":"https:\/\/tanzen-weilheim.de\/cms\/wp-json\/wp\/v2\/categories?post=20809"},{"taxonomy":"post_tag","embeddable":true,"href":"https:\/\/tanzen-weilheim.de\/cms\/wp-json\/wp\/v2\/tags?post=20809"}],"curies":[{"name":"wp","href":"https:\/\/api.w.org\/{rel}","templated":true}]}}