{"id":20643,"date":"2023-10-29T17:01:34","date_gmt":"2023-10-29T16:01:34","guid":{"rendered":"https:\/\/tanzen-weilheim.de\/cms\/?p=20643"},"modified":"2023-11-02T09:48:20","modified_gmt":"2023-11-02T08:48:20","slug":"pfaffenwinkelpokal-2023","status":"publish","type":"post","link":"https:\/\/tanzen-weilheim.de\/cms\/20643\/pfaffenwinkelpokal-2023","title":{"rendered":"Pfaffenwinkelpokal 2023"},"content":{"rendered":"\n<p>am Samstag, 28.10.2023 wurde in 12 Master-Startklassen um den Pfaffenwinkelpokal getanzt.<\/p>\n\n\n\n<p>Veranstaltungsort war, die Conrad-Wilhelm-R\u00f6ntgen-Turnhalle in Weilheim. <br>Vielen Dank an dieser Stelle an alle Turnierpaare, die den Weg nach Weilheim gefunden und uns mit ihren Starts unterst\u00fctzt haben eine sch\u00f6ne, inzwischen traditionelle, Turnierveranstaltung in Weilheim durchf\u00fchren zu k\u00f6nnen.<\/p>\n\n\n\n<!--more-->\n\n\n\n<p>Ein herzlichen Dank an alle Helfer dieser Veranstaltung &#8211; das klappt nur, wenn man zusammenhilft \ud83d\ude42<\/p>\n\n\n\n<p>Vielen Dank auch an den F\u00f6rderverein f\u00fcr Tanzsport im Raum Weilheim. Danke f\u00fcr die Unterst\u00fctzung durch euer Catering und daf\u00fcr, dass ihr uns wieder die Pokale f\u00fcr diese Veranstaltung gesponsort habt :).<\/p>\n\n\n\n<p>Und nun zum Turnier: <br>F\u00fcr die 5 Weilheimer Turnierpaare, die an 6 Turnieren teilnahmen, war es ein voller Erfolg.<br>6 x waren sie in den Endrunden vertreten, 3 x standen sie auf dem Trepperl und 1 x konnten sie <br>den Pfaffenwinkelpokal f\u00fcr Weilheim ertanzen.<\/p>\n\n\n\n<p>Morgens um 10 Uhr starteten die Standard-Turniere des Tages &#8211; langsamer Walzer, Tango, Wienerwalzer, Slow Fox und Quickstep-Musik durchflutete die Halle.<br>3 Paare der TSA Weilheim in der Startklasse Master III D Standard. <br>Oliver Albers &amp; Jutta Maccio, Dr. Andreas &amp; Dr. Annette Kaps, sowie Dr. G\u00fcnter &amp; Tina Ziegler.<br>Die Aufregung war gro\u00df, hier in Weilheim vor heimischen Publikum zu tanzen, aber es hat sich gelohnt.<br>Alle 3 konnten sich eine Platzierung ertanzen (hier z\u00e4hlt in der D-Klasse der Platz 1-6).<br>Der &#8222;Weilheimer Block&#8220; platzierte sich in der Mitte der Endrunde.<br>G\u00fcnter &amp; Tina Platz 3, Oliver &amp; Jutta Platz 4 und Andreas &amp; Annette Platz 5 \ud83d\ude42 <br>Weiter so, wir sind stolz auf euch \ud83d\ude42<\/p>\n\n\n\n<figure class=\"wp-block-gallery has-nested-images columns-2 is-cropped wp-block-gallery-1 is-layout-flex wp-block-gallery-is-layout-flex\">\n<figure class=\"wp-block-image size-large\"><img loading=\"lazy\" decoding=\"async\" width=\"1770\" height=\"2560\" data-id=\"20647\" src=\"https:\/\/tanzen-weilheim.de\/cms\/wp-content\/uploads\/2023\/10\/Kaps_PWP2023_A_RR-scaled.jpg\" alt=\"\" class=\"wp-image-20647\" srcset=\"https:\/\/tanzen-weilheim.de\/cms\/wp-content\/uploads\/2023\/10\/Kaps_PWP2023_A_RR-scaled.jpg 1770w, https:\/\/tanzen-weilheim.de\/cms\/wp-content\/uploads\/2023\/10\/Kaps_PWP2023_A_RR-1327x1920.jpg 1327w, https:\/\/tanzen-weilheim.de\/cms\/wp-content\/uploads\/2023\/10\/Kaps_PWP2023_A_RR-664x960.jpg 664w, https:\/\/tanzen-weilheim.de\/cms\/wp-content\/uploads\/2023\/10\/Kaps_PWP2023_A_RR-768x1111.jpg 768w, https:\/\/tanzen-weilheim.de\/cms\/wp-content\/uploads\/2023\/10\/Kaps_PWP2023_A_RR-1062x1536.jpg 1062w, https:\/\/tanzen-weilheim.de\/cms\/wp-content\/uploads\/2023\/10\/Kaps_PWP2023_A_RR-1416x2048.jpg 1416w, https:\/\/tanzen-weilheim.de\/cms\/wp-content\/uploads\/2023\/10\/Kaps_PWP2023_A_RR-400x579.jpg 400w\" sizes=\"auto, (max-width: 1770px) 100vw, 1770px\" \/><figcaption class=\"wp-element-caption\">Andreas &amp; Annette Aufstellung<\/figcaption><\/figure>\n\n\n\n<figure class=\"wp-block-image size-large is-style-default\"><img loading=\"lazy\" decoding=\"async\" width=\"2560\" height=\"1857\" data-id=\"20645\" src=\"https:\/\/tanzen-weilheim.de\/cms\/wp-content\/uploads\/2023\/10\/Alber_Maccio_PWP2023_A_MM-scaled.jpg\" alt=\"\" class=\"wp-image-20645\" srcset=\"https:\/\/tanzen-weilheim.de\/cms\/wp-content\/uploads\/2023\/10\/Alber_Maccio_PWP2023_A_MM-scaled.jpg 2560w, https:\/\/tanzen-weilheim.de\/cms\/wp-content\/uploads\/2023\/10\/Alber_Maccio_PWP2023_A_MM-1920x1393.jpg 1920w, https:\/\/tanzen-weilheim.de\/cms\/wp-content\/uploads\/2023\/10\/Alber_Maccio_PWP2023_A_MM-960x696.jpg 960w, https:\/\/tanzen-weilheim.de\/cms\/wp-content\/uploads\/2023\/10\/Alber_Maccio_PWP2023_A_MM-768x557.jpg 768w, https:\/\/tanzen-weilheim.de\/cms\/wp-content\/uploads\/2023\/10\/Alber_Maccio_PWP2023_A_MM-1536x1114.jpg 1536w, https:\/\/tanzen-weilheim.de\/cms\/wp-content\/uploads\/2023\/10\/Alber_Maccio_PWP2023_A_MM-2048x1486.jpg 2048w, https:\/\/tanzen-weilheim.de\/cms\/wp-content\/uploads\/2023\/10\/Alber_Maccio_PWP2023_A_MM-400x290.jpg 400w\" sizes=\"auto, (max-width: 2560px) 100vw, 2560px\" \/><figcaption class=\"wp-element-caption\">Oliver &amp; Jutta langsamer Walzer<\/figcaption><\/figure>\n\n\n\n<figure class=\"wp-block-image size-large is-style-default\"><img loading=\"lazy\" decoding=\"async\" width=\"1680\" height=\"2394\" data-id=\"20648\" src=\"https:\/\/tanzen-weilheim.de\/cms\/wp-content\/uploads\/2023\/10\/Ziegler_PWP2023_A_RR.jpg\" alt=\"\" class=\"wp-image-20648\" srcset=\"https:\/\/tanzen-weilheim.de\/cms\/wp-content\/uploads\/2023\/10\/Ziegler_PWP2023_A_RR.jpg 1680w, https:\/\/tanzen-weilheim.de\/cms\/wp-content\/uploads\/2023\/10\/Ziegler_PWP2023_A_RR-1347x1920.jpg 1347w, https:\/\/tanzen-weilheim.de\/cms\/wp-content\/uploads\/2023\/10\/Ziegler_PWP2023_A_RR-674x960.jpg 674w, https:\/\/tanzen-weilheim.de\/cms\/wp-content\/uploads\/2023\/10\/Ziegler_PWP2023_A_RR-768x1094.jpg 768w, https:\/\/tanzen-weilheim.de\/cms\/wp-content\/uploads\/2023\/10\/Ziegler_PWP2023_A_RR-1078x1536.jpg 1078w, https:\/\/tanzen-weilheim.de\/cms\/wp-content\/uploads\/2023\/10\/Ziegler_PWP2023_A_RR-1437x2048.jpg 1437w, https:\/\/tanzen-weilheim.de\/cms\/wp-content\/uploads\/2023\/10\/Ziegler_PWP2023_A_RR-400x570.jpg 400w\" sizes=\"auto, (max-width: 1680px) 100vw, 1680px\" \/><figcaption class=\"wp-element-caption\">G\u00fcnter &amp; Tina langsamer Walzer<\/figcaption><\/figure>\n\n\n\n<figure class=\"wp-block-image size-thumbnail\"><img loading=\"lazy\" decoding=\"async\" width=\"960\" height=\"720\" data-id=\"20646\" src=\"https:\/\/tanzen-weilheim.de\/cms\/wp-content\/uploads\/2023\/10\/Kaps_PWP2023_B_MM-960x720.jpg\" alt=\"\" class=\"wp-image-20646\" srcset=\"https:\/\/tanzen-weilheim.de\/cms\/wp-content\/uploads\/2023\/10\/Kaps_PWP2023_B_MM-960x720.jpg 960w, https:\/\/tanzen-weilheim.de\/cms\/wp-content\/uploads\/2023\/10\/Kaps_PWP2023_B_MM-1920x1440.jpg 1920w, https:\/\/tanzen-weilheim.de\/cms\/wp-content\/uploads\/2023\/10\/Kaps_PWP2023_B_MM-768x576.jpg 768w, https:\/\/tanzen-weilheim.de\/cms\/wp-content\/uploads\/2023\/10\/Kaps_PWP2023_B_MM-1536x1152.jpg 1536w, https:\/\/tanzen-weilheim.de\/cms\/wp-content\/uploads\/2023\/10\/Kaps_PWP2023_B_MM-2048x1536.jpg 2048w, https:\/\/tanzen-weilheim.de\/cms\/wp-content\/uploads\/2023\/10\/Kaps_PWP2023_B_MM-400x300.jpg 400w\" sizes=\"auto, (max-width: 960px) 100vw, 960px\" \/><figcaption class=\"wp-element-caption\">Andreas &amp; Annette &#8211; Tango<\/figcaption><\/figure>\n\n\n\n<figure class=\"wp-block-image size-large\"><img loading=\"lazy\" decoding=\"async\" width=\"2560\" height=\"1702\" data-id=\"20653\" src=\"https:\/\/tanzen-weilheim.de\/cms\/wp-content\/uploads\/2023\/10\/PWP2023_alleDREI_MM-scaled.jpg\" alt=\"\" class=\"wp-image-20653\" srcset=\"https:\/\/tanzen-weilheim.de\/cms\/wp-content\/uploads\/2023\/10\/PWP2023_alleDREI_MM-scaled.jpg 2560w, https:\/\/tanzen-weilheim.de\/cms\/wp-content\/uploads\/2023\/10\/PWP2023_alleDREI_MM-1920x1276.jpg 1920w, https:\/\/tanzen-weilheim.de\/cms\/wp-content\/uploads\/2023\/10\/PWP2023_alleDREI_MM-960x638.jpg 960w, https:\/\/tanzen-weilheim.de\/cms\/wp-content\/uploads\/2023\/10\/PWP2023_alleDREI_MM-768x510.jpg 768w, https:\/\/tanzen-weilheim.de\/cms\/wp-content\/uploads\/2023\/10\/PWP2023_alleDREI_MM-1536x1021.jpg 1536w, https:\/\/tanzen-weilheim.de\/cms\/wp-content\/uploads\/2023\/10\/PWP2023_alleDREI_MM-2048x1361.jpg 2048w, https:\/\/tanzen-weilheim.de\/cms\/wp-content\/uploads\/2023\/10\/PWP2023_alleDREI_MM-400x266.jpg 400w\" sizes=\"auto, (max-width: 2560px) 100vw, 2560px\" \/><figcaption class=\"wp-element-caption\">alle 3 WM Paare <\/figcaption><\/figure>\n<figcaption class=\"blocks-gallery-caption wp-element-caption\">TSA-Weilheim-Paare in der Master III D-Klasse Standard in Aktion<\/figcaption><\/figure>\n\n\n\n<p>Nach dem Startklassen Master III C, IV B, III B und IV A Standard ging es um 14:15 Uhr mit der Startklasse Master III A Standard &#8211; hier waren Dr. Michael &amp; Monika Marschall f\u00fcr die TSA Weilheim am Start. <br>Auch sie durften sich freuen: Platz 2 &#8211; eine weitere Platzierung (in der A-Klasse z\u00e4hlen hier Platz 1-3) auf dem Weg in die S-Klasse \ud83d\ude42<\/p>\n\n\n\n<figure class=\"wp-block-gallery aligncenter has-nested-images columns-default is-cropped wp-block-gallery-2 is-layout-flex wp-block-gallery-is-layout-flex\">\n<figure class=\"wp-block-image size-large is-style-default\"><img loading=\"lazy\" decoding=\"async\" width=\"1618\" height=\"2050\" data-id=\"20666\" src=\"https:\/\/tanzen-weilheim.de\/cms\/wp-content\/uploads\/2023\/10\/PWP2023_Marschall_B_GP.jpg\" alt=\"\" class=\"wp-image-20666\" style=\"aspect-ratio:0.7892682926829269\" srcset=\"https:\/\/tanzen-weilheim.de\/cms\/wp-content\/uploads\/2023\/10\/PWP2023_Marschall_B_GP.jpg 1618w, https:\/\/tanzen-weilheim.de\/cms\/wp-content\/uploads\/2023\/10\/PWP2023_Marschall_B_GP-1515x1920.jpg 1515w, https:\/\/tanzen-weilheim.de\/cms\/wp-content\/uploads\/2023\/10\/PWP2023_Marschall_B_GP-758x960.jpg 758w, https:\/\/tanzen-weilheim.de\/cms\/wp-content\/uploads\/2023\/10\/PWP2023_Marschall_B_GP-768x973.jpg 768w, https:\/\/tanzen-weilheim.de\/cms\/wp-content\/uploads\/2023\/10\/PWP2023_Marschall_B_GP-1212x1536.jpg 1212w, https:\/\/tanzen-weilheim.de\/cms\/wp-content\/uploads\/2023\/10\/PWP2023_Marschall_B_GP-1616x2048.jpg 1616w, https:\/\/tanzen-weilheim.de\/cms\/wp-content\/uploads\/2023\/10\/PWP2023_Marschall_B_GP-400x507.jpg 400w\" sizes=\"auto, (max-width: 1618px) 100vw, 1618px\" \/><figcaption class=\"wp-element-caption\">Monika &amp; Michael MAS III A <\/figcaption><\/figure>\n\n\n\n<figure class=\"wp-block-image size-thumbnail\"><img loading=\"lazy\" decoding=\"async\" width=\"960\" height=\"721\" data-id=\"20765\" src=\"https:\/\/tanzen-weilheim.de\/cms\/wp-content\/uploads\/2023\/10\/PWP2023_Marschall_TM_P1340829-960x721.jpg\" alt=\"\" class=\"wp-image-20765\" srcset=\"https:\/\/tanzen-weilheim.de\/cms\/wp-content\/uploads\/2023\/10\/PWP2023_Marschall_TM_P1340829-960x721.jpg 960w, https:\/\/tanzen-weilheim.de\/cms\/wp-content\/uploads\/2023\/10\/PWP2023_Marschall_TM_P1340829-1920x1442.jpg 1920w, https:\/\/tanzen-weilheim.de\/cms\/wp-content\/uploads\/2023\/10\/PWP2023_Marschall_TM_P1340829-768x577.jpg 768w, https:\/\/tanzen-weilheim.de\/cms\/wp-content\/uploads\/2023\/10\/PWP2023_Marschall_TM_P1340829-1536x1153.jpg 1536w, https:\/\/tanzen-weilheim.de\/cms\/wp-content\/uploads\/2023\/10\/PWP2023_Marschall_TM_P1340829-2048x1538.jpg 2048w, https:\/\/tanzen-weilheim.de\/cms\/wp-content\/uploads\/2023\/10\/PWP2023_Marschall_TM_P1340829-400x300.jpg 400w\" sizes=\"auto, (max-width: 960px) 100vw, 960px\" \/><\/figure>\n<\/figure>\n\n\n\n<p>Um 15:15 Uhr startete dann das letzte Standard-Turnier des Tages, die Master III S -Klasse.  F\u00fcr die TSA Weilheim starteten hier Manfred &amp; Christine Huber &#8211; Platz 4.<\/p>\n\n\n<div class=\"wp-block-image is-style-rounded\">\n<figure class=\"aligncenter size-large is-resized\"><img loading=\"lazy\" decoding=\"async\" width=\"1761\" height=\"2560\" src=\"https:\/\/tanzen-weilheim.de\/cms\/wp-content\/uploads\/2023\/10\/PWP2023_IIIS_Std_HuberB_GP-scaled.jpeg\" alt=\"\" class=\"wp-image-20678\" style=\"aspect-ratio:0.687890625;width:351px;height:auto\" srcset=\"https:\/\/tanzen-weilheim.de\/cms\/wp-content\/uploads\/2023\/10\/PWP2023_IIIS_Std_HuberB_GP-scaled.jpeg 1761w, https:\/\/tanzen-weilheim.de\/cms\/wp-content\/uploads\/2023\/10\/PWP2023_IIIS_Std_HuberB_GP-1321x1920.jpeg 1321w, https:\/\/tanzen-weilheim.de\/cms\/wp-content\/uploads\/2023\/10\/PWP2023_IIIS_Std_HuberB_GP-660x960.jpeg 660w, https:\/\/tanzen-weilheim.de\/cms\/wp-content\/uploads\/2023\/10\/PWP2023_IIIS_Std_HuberB_GP-768x1116.jpeg 768w, https:\/\/tanzen-weilheim.de\/cms\/wp-content\/uploads\/2023\/10\/PWP2023_IIIS_Std_HuberB_GP-1057x1536.jpeg 1057w, https:\/\/tanzen-weilheim.de\/cms\/wp-content\/uploads\/2023\/10\/PWP2023_IIIS_Std_HuberB_GP-1409x2048.jpeg 1409w, https:\/\/tanzen-weilheim.de\/cms\/wp-content\/uploads\/2023\/10\/PWP2023_IIIS_Std_HuberB_GP-400x581.jpeg 400w\" sizes=\"auto, (max-width: 1761px) 100vw, 1761px\" \/><figcaption class=\"wp-element-caption\">Manfred &amp; Christine Mas III S<\/figcaption><\/figure><\/div>\n\n<div class=\"wp-block-image\">\n<figure class=\"aligncenter size-large is-resized\"><img loading=\"lazy\" decoding=\"async\" width=\"2560\" height=\"1543\" src=\"https:\/\/tanzen-weilheim.de\/cms\/wp-content\/uploads\/2023\/10\/PWP2023_IIIS_Std_alle_MM-scaled.jpg\" alt=\"\" class=\"wp-image-20679\" style=\"aspect-ratio:1.659105638366818;width:574px;height:auto\" srcset=\"https:\/\/tanzen-weilheim.de\/cms\/wp-content\/uploads\/2023\/10\/PWP2023_IIIS_Std_alle_MM-scaled.jpg 2560w, https:\/\/tanzen-weilheim.de\/cms\/wp-content\/uploads\/2023\/10\/PWP2023_IIIS_Std_alle_MM-1920x1158.jpg 1920w, https:\/\/tanzen-weilheim.de\/cms\/wp-content\/uploads\/2023\/10\/PWP2023_IIIS_Std_alle_MM-960x579.jpg 960w, https:\/\/tanzen-weilheim.de\/cms\/wp-content\/uploads\/2023\/10\/PWP2023_IIIS_Std_alle_MM-768x463.jpg 768w, https:\/\/tanzen-weilheim.de\/cms\/wp-content\/uploads\/2023\/10\/PWP2023_IIIS_Std_alle_MM-1536x926.jpg 1536w, https:\/\/tanzen-weilheim.de\/cms\/wp-content\/uploads\/2023\/10\/PWP2023_IIIS_Std_alle_MM-2048x1235.jpg 2048w, https:\/\/tanzen-weilheim.de\/cms\/wp-content\/uploads\/2023\/10\/PWP2023_IIIS_Std_alle_MM-400x241.jpg 400w\" sizes=\"auto, (max-width: 2560px) 100vw, 2560px\" \/><figcaption class=\"wp-element-caption\">S-Klasse in Aktion<\/figcaption><\/figure><\/div>\n\n\n<p><br>Die Pfaffenwinkelpokale in den Standardturnieren gingen hier an:<br>Master III D Standard &#8211; Van Ngoc Chu \/ Thi Hong Phuong Do <em>TSC Savoy M\u00fcnchen<\/em><br>Master III C Standard &#8211; Ronald Hegner \/ Sabine Hegner <em>ATC &#8218;Graf Zeppelin&#8216; Friedrichshafen<\/em><br>Master IV B Standard &#8211; Harald Sch\u00f6fer \/ Waltraud Sch\u00f6fer <em>Tanzsport-Club Alemana Puchheim<\/em><br>Master III B Standard &#8211; Ronald Hegner \/ Sabine Hegner <em>ATC &#8218;Graf Zeppelin&#8216; Friedrichshafen<\/em><br>Master IV A Standard &#8211; Roland Schnicke \/ Marina Schnicke <em>TSC Barbarossa Biebergem\u00fcnd<\/em><br>Master III A Standard &#8211; Marco Mailand \/ Irene Mailand <em>Happy Dancers Baden <\/em><br>Master III S Standard &#8211; Arnold Feichtinger \/ Susanne Feichtinger <em>VTSC Casino Dornbirn<\/em><\/p>\n\n\n\n<figure class=\"wp-block-gallery has-nested-images columns-1 is-cropped wp-block-gallery-3 is-layout-flex wp-block-gallery-is-layout-flex\">\n<figure class=\"wp-block-image size-large\"><img loading=\"lazy\" decoding=\"async\" width=\"2560\" height=\"1186\" data-id=\"20659\" src=\"https:\/\/tanzen-weilheim.de\/cms\/wp-content\/uploads\/2023\/10\/PWP2023_IIID_Std_GP-scaled.jpg\" alt=\"\" class=\"wp-image-20659\" srcset=\"https:\/\/tanzen-weilheim.de\/cms\/wp-content\/uploads\/2023\/10\/PWP2023_IIID_Std_GP-scaled.jpg 2560w, https:\/\/tanzen-weilheim.de\/cms\/wp-content\/uploads\/2023\/10\/PWP2023_IIID_Std_GP-1920x890.jpg 1920w, https:\/\/tanzen-weilheim.de\/cms\/wp-content\/uploads\/2023\/10\/PWP2023_IIID_Std_GP-960x445.jpg 960w, https:\/\/tanzen-weilheim.de\/cms\/wp-content\/uploads\/2023\/10\/PWP2023_IIID_Std_GP-768x356.jpg 768w, https:\/\/tanzen-weilheim.de\/cms\/wp-content\/uploads\/2023\/10\/PWP2023_IIID_Std_GP-1536x712.jpg 1536w, https:\/\/tanzen-weilheim.de\/cms\/wp-content\/uploads\/2023\/10\/PWP2023_IIID_Std_GP-2048x949.jpg 2048w, https:\/\/tanzen-weilheim.de\/cms\/wp-content\/uploads\/2023\/10\/PWP2023_IIID_Std_GP-400x185.jpg 400w\" sizes=\"auto, (max-width: 2560px) 100vw, 2560px\" \/><figcaption class=\"wp-element-caption\">Master III D Standard<\/figcaption><\/figure>\n\n\n\n<figure class=\"wp-block-image size-large\"><img loading=\"lazy\" decoding=\"async\" width=\"3840\" height=\"2157\" data-id=\"20658\" src=\"https:\/\/tanzen-weilheim.de\/cms\/wp-content\/uploads\/2023\/10\/PWP2023_IIIC_Std_GP-3840x2157.jpg\" alt=\"\" class=\"wp-image-20658\" srcset=\"https:\/\/tanzen-weilheim.de\/cms\/wp-content\/uploads\/2023\/10\/PWP2023_IIIC_Std_GP-3840x2157.jpg 3840w, https:\/\/tanzen-weilheim.de\/cms\/wp-content\/uploads\/2023\/10\/PWP2023_IIIC_Std_GP-1920x1078.jpg 1920w, https:\/\/tanzen-weilheim.de\/cms\/wp-content\/uploads\/2023\/10\/PWP2023_IIIC_Std_GP-960x539.jpg 960w, https:\/\/tanzen-weilheim.de\/cms\/wp-content\/uploads\/2023\/10\/PWP2023_IIIC_Std_GP-768x431.jpg 768w, https:\/\/tanzen-weilheim.de\/cms\/wp-content\/uploads\/2023\/10\/PWP2023_IIIC_Std_GP-1536x863.jpg 1536w, https:\/\/tanzen-weilheim.de\/cms\/wp-content\/uploads\/2023\/10\/PWP2023_IIIC_Std_GP-2048x1150.jpg 2048w, https:\/\/tanzen-weilheim.de\/cms\/wp-content\/uploads\/2023\/10\/PWP2023_IIIC_Std_GP-400x225.jpg 400w\" sizes=\"auto, (max-width: 3840px) 100vw, 3840px\" \/><figcaption class=\"wp-element-caption\">Master III C Standard<\/figcaption><\/figure>\n\n\n\n<figure class=\"wp-block-image size-large\"><img loading=\"lazy\" decoding=\"async\" width=\"2560\" height=\"1397\" data-id=\"20660\" src=\"https:\/\/tanzen-weilheim.de\/cms\/wp-content\/uploads\/2023\/10\/PWP2023_IVB_Std_GP-scaled.jpg\" alt=\"\" class=\"wp-image-20660\" srcset=\"https:\/\/tanzen-weilheim.de\/cms\/wp-content\/uploads\/2023\/10\/PWP2023_IVB_Std_GP-scaled.jpg 2560w, https:\/\/tanzen-weilheim.de\/cms\/wp-content\/uploads\/2023\/10\/PWP2023_IVB_Std_GP-1920x1048.jpg 1920w, https:\/\/tanzen-weilheim.de\/cms\/wp-content\/uploads\/2023\/10\/PWP2023_IVB_Std_GP-960x524.jpg 960w, https:\/\/tanzen-weilheim.de\/cms\/wp-content\/uploads\/2023\/10\/PWP2023_IVB_Std_GP-768x419.jpg 768w, https:\/\/tanzen-weilheim.de\/cms\/wp-content\/uploads\/2023\/10\/PWP2023_IVB_Std_GP-1536x838.jpg 1536w, https:\/\/tanzen-weilheim.de\/cms\/wp-content\/uploads\/2023\/10\/PWP2023_IVB_Std_GP-2048x1118.jpg 2048w, https:\/\/tanzen-weilheim.de\/cms\/wp-content\/uploads\/2023\/10\/PWP2023_IVB_Std_GP-400x218.jpg 400w\" sizes=\"auto, (max-width: 2560px) 100vw, 2560px\" \/><figcaption class=\"wp-element-caption\">Master IV B Standard<\/figcaption><\/figure>\n\n\n\n<figure class=\"wp-block-image size-large\"><img loading=\"lazy\" decoding=\"async\" width=\"3840\" height=\"1760\" data-id=\"20661\" src=\"https:\/\/tanzen-weilheim.de\/cms\/wp-content\/uploads\/2023\/10\/IMG_3051-3840x1760.jpg\" alt=\"\" class=\"wp-image-20661\" srcset=\"https:\/\/tanzen-weilheim.de\/cms\/wp-content\/uploads\/2023\/10\/IMG_3051-3840x1760.jpg 3840w, https:\/\/tanzen-weilheim.de\/cms\/wp-content\/uploads\/2023\/10\/IMG_3051-1920x880.jpg 1920w, https:\/\/tanzen-weilheim.de\/cms\/wp-content\/uploads\/2023\/10\/IMG_3051-960x440.jpg 960w, https:\/\/tanzen-weilheim.de\/cms\/wp-content\/uploads\/2023\/10\/IMG_3051-768x352.jpg 768w, https:\/\/tanzen-weilheim.de\/cms\/wp-content\/uploads\/2023\/10\/IMG_3051-1536x704.jpg 1536w, https:\/\/tanzen-weilheim.de\/cms\/wp-content\/uploads\/2023\/10\/IMG_3051-2048x939.jpg 2048w, https:\/\/tanzen-weilheim.de\/cms\/wp-content\/uploads\/2023\/10\/IMG_3051-400x183.jpg 400w\" sizes=\"auto, (max-width: 3840px) 100vw, 3840px\" \/><figcaption class=\"wp-element-caption\">Master III B Standard<\/figcaption><\/figure>\n\n\n\n<figure class=\"wp-block-image size-large\"><img loading=\"lazy\" decoding=\"async\" width=\"3840\" height=\"1752\" data-id=\"20657\" src=\"https:\/\/tanzen-weilheim.de\/cms\/wp-content\/uploads\/2023\/10\/PWP2023_IVAStd_GP-3840x1752.jpg\" alt=\"\" class=\"wp-image-20657\" srcset=\"https:\/\/tanzen-weilheim.de\/cms\/wp-content\/uploads\/2023\/10\/PWP2023_IVAStd_GP-3840x1752.jpg 3840w, https:\/\/tanzen-weilheim.de\/cms\/wp-content\/uploads\/2023\/10\/PWP2023_IVAStd_GP-1920x876.jpg 1920w, https:\/\/tanzen-weilheim.de\/cms\/wp-content\/uploads\/2023\/10\/PWP2023_IVAStd_GP-960x438.jpg 960w, https:\/\/tanzen-weilheim.de\/cms\/wp-content\/uploads\/2023\/10\/PWP2023_IVAStd_GP-768x350.jpg 768w, https:\/\/tanzen-weilheim.de\/cms\/wp-content\/uploads\/2023\/10\/PWP2023_IVAStd_GP-1536x701.jpg 1536w, https:\/\/tanzen-weilheim.de\/cms\/wp-content\/uploads\/2023\/10\/PWP2023_IVAStd_GP-2048x934.jpg 2048w, https:\/\/tanzen-weilheim.de\/cms\/wp-content\/uploads\/2023\/10\/PWP2023_IVAStd_GP-400x182.jpg 400w\" sizes=\"auto, (max-width: 3840px) 100vw, 3840px\" \/><figcaption class=\"wp-element-caption\">Master IV A Standard<\/figcaption><\/figure>\n\n\n\n<figure class=\"wp-block-image size-large\"><img loading=\"lazy\" decoding=\"async\" width=\"3840\" height=\"2883\" data-id=\"20762\" src=\"https:\/\/tanzen-weilheim.de\/cms\/wp-content\/uploads\/2023\/10\/PWP2023_MASIIIA_P1350035-3840x2883.jpg\" alt=\"\" class=\"wp-image-20762\" srcset=\"https:\/\/tanzen-weilheim.de\/cms\/wp-content\/uploads\/2023\/10\/PWP2023_MASIIIA_P1350035-3840x2883.jpg 3840w, https:\/\/tanzen-weilheim.de\/cms\/wp-content\/uploads\/2023\/10\/PWP2023_MASIIIA_P1350035-1920x1442.jpg 1920w, https:\/\/tanzen-weilheim.de\/cms\/wp-content\/uploads\/2023\/10\/PWP2023_MASIIIA_P1350035-960x721.jpg 960w, https:\/\/tanzen-weilheim.de\/cms\/wp-content\/uploads\/2023\/10\/PWP2023_MASIIIA_P1350035-768x577.jpg 768w, https:\/\/tanzen-weilheim.de\/cms\/wp-content\/uploads\/2023\/10\/PWP2023_MASIIIA_P1350035-1536x1153.jpg 1536w, https:\/\/tanzen-weilheim.de\/cms\/wp-content\/uploads\/2023\/10\/PWP2023_MASIIIA_P1350035-2048x1538.jpg 2048w, https:\/\/tanzen-weilheim.de\/cms\/wp-content\/uploads\/2023\/10\/PWP2023_MASIIIA_P1350035-400x300.jpg 400w\" sizes=\"auto, (max-width: 3840px) 100vw, 3840px\" \/><figcaption class=\"wp-element-caption\">Master III A Standard<\/figcaption><\/figure>\n\n\n\n<figure class=\"wp-block-image size-large\"><img loading=\"lazy\" decoding=\"async\" width=\"2560\" height=\"1779\" data-id=\"20656\" src=\"https:\/\/tanzen-weilheim.de\/cms\/wp-content\/uploads\/2023\/10\/PWP2023_IIIS_Std_GP-scaled.jpg\" alt=\"\" class=\"wp-image-20656\" srcset=\"https:\/\/tanzen-weilheim.de\/cms\/wp-content\/uploads\/2023\/10\/PWP2023_IIIS_Std_GP-scaled.jpg 2560w, https:\/\/tanzen-weilheim.de\/cms\/wp-content\/uploads\/2023\/10\/PWP2023_IIIS_Std_GP-1920x1334.jpg 1920w, https:\/\/tanzen-weilheim.de\/cms\/wp-content\/uploads\/2023\/10\/PWP2023_IIIS_Std_GP-960x667.jpg 960w, https:\/\/tanzen-weilheim.de\/cms\/wp-content\/uploads\/2023\/10\/PWP2023_IIIS_Std_GP-768x534.jpg 768w, https:\/\/tanzen-weilheim.de\/cms\/wp-content\/uploads\/2023\/10\/PWP2023_IIIS_Std_GP-1536x1067.jpg 1536w, https:\/\/tanzen-weilheim.de\/cms\/wp-content\/uploads\/2023\/10\/PWP2023_IIIS_Std_GP-2048x1423.jpg 2048w, https:\/\/tanzen-weilheim.de\/cms\/wp-content\/uploads\/2023\/10\/PWP2023_IIIS_Std_GP-400x278.jpg 400w\" sizes=\"auto, (max-width: 2560px) 100vw, 2560px\" \/><figcaption class=\"wp-element-caption\">Master III S Standard<\/figcaption><\/figure>\n<\/figure>\n\n\n\n<p class=\"has-luminous-vivid-amber-background-color has-background has-medium-font-size\">Foto&#8217;s der Startklassen Mas DIII, CIII, BIV und BIII (ohne Siegerehrung) Standard, sowie  Mas B2, Mas B3, Mas A3 Latein k\u00f6nnen unter sportwart@tanzen-weilheim.de angefragt werden (bitte Startnummer und Startklasse angeben; \u00fcber eine Spende auf DE 88 7335 0000 0310 6284 90 (Manfred Huber) w\u00fcrde man sich sehr freuen)<\/p>\n\n\n\n<p>Ab 15:50 Uhr starteten die Latein-Turniere. Hei\u00dfe Latein-Musik durchflutete die R\u00f6ntgenhalle w\u00e4hrend die Startklassen Master II C, Master III B, Master III C und Master III B Latein getanzt wurden. <br>Als letzte Startklasse wurden die Master III A-Latein Klasse gestartet.  <br>Oliver Albers &amp; Jutta Maccio zeigten, wie man hier in Weilheim Cha-Cha, Samba, Rumba, Paso Doble und Jive tanzt. Und sie machten dies richtig gut &#8211; Platz 1 &#8211; d.h. der Pfaffenwinkelpokal dieser Startklasse ging nach Weilheim &#8211; herzlichen Gl\u00fcckwunsch \ud83d\ude42<\/p>\n\n\n\n<p><\/p>\n\n\n\n<figure class=\"wp-block-gallery has-nested-images columns-2 is-cropped wp-block-gallery-4 is-layout-flex wp-block-gallery-is-layout-flex\">\n<figure class=\"wp-block-image size-large\"><img loading=\"lazy\" decoding=\"async\" width=\"2560\" height=\"2223\" data-id=\"20685\" src=\"https:\/\/tanzen-weilheim.de\/cms\/wp-content\/uploads\/2023\/10\/PWP2023_IIIA_Lat_Alber_Maccio_B_MM-scaled.jpg\" alt=\"\" class=\"wp-image-20685\" srcset=\"https:\/\/tanzen-weilheim.de\/cms\/wp-content\/uploads\/2023\/10\/PWP2023_IIIA_Lat_Alber_Maccio_B_MM-scaled.jpg 2560w, https:\/\/tanzen-weilheim.de\/cms\/wp-content\/uploads\/2023\/10\/PWP2023_IIIA_Lat_Alber_Maccio_B_MM-1920x1667.jpg 1920w, https:\/\/tanzen-weilheim.de\/cms\/wp-content\/uploads\/2023\/10\/PWP2023_IIIA_Lat_Alber_Maccio_B_MM-960x833.jpg 960w, https:\/\/tanzen-weilheim.de\/cms\/wp-content\/uploads\/2023\/10\/PWP2023_IIIA_Lat_Alber_Maccio_B_MM-768x667.jpg 768w, https:\/\/tanzen-weilheim.de\/cms\/wp-content\/uploads\/2023\/10\/PWP2023_IIIA_Lat_Alber_Maccio_B_MM-1536x1334.jpg 1536w, https:\/\/tanzen-weilheim.de\/cms\/wp-content\/uploads\/2023\/10\/PWP2023_IIIA_Lat_Alber_Maccio_B_MM-2048x1778.jpg 2048w, https:\/\/tanzen-weilheim.de\/cms\/wp-content\/uploads\/2023\/10\/PWP2023_IIIA_Lat_Alber_Maccio_B_MM-400x347.jpg 400w\" sizes=\"auto, (max-width: 2560px) 100vw, 2560px\" \/><figcaption class=\"wp-element-caption\">Jutta &amp; Oliver Mas III A Latein<\/figcaption><\/figure>\n\n\n\n<figure class=\"wp-block-image size-large\"><img loading=\"lazy\" decoding=\"async\" width=\"3840\" height=\"2880\" data-id=\"20716\" src=\"https:\/\/tanzen-weilheim.de\/cms\/wp-content\/uploads\/2023\/10\/IMG_7370-3840x2880.jpg\" alt=\"\" class=\"wp-image-20716\" srcset=\"https:\/\/tanzen-weilheim.de\/cms\/wp-content\/uploads\/2023\/10\/IMG_7370-3840x2880.jpg 3840w, https:\/\/tanzen-weilheim.de\/cms\/wp-content\/uploads\/2023\/10\/IMG_7370-1920x1440.jpg 1920w, https:\/\/tanzen-weilheim.de\/cms\/wp-content\/uploads\/2023\/10\/IMG_7370-960x720.jpg 960w, https:\/\/tanzen-weilheim.de\/cms\/wp-content\/uploads\/2023\/10\/IMG_7370-768x576.jpg 768w, https:\/\/tanzen-weilheim.de\/cms\/wp-content\/uploads\/2023\/10\/IMG_7370-1536x1152.jpg 1536w, https:\/\/tanzen-weilheim.de\/cms\/wp-content\/uploads\/2023\/10\/IMG_7370-2048x1536.jpg 2048w, https:\/\/tanzen-weilheim.de\/cms\/wp-content\/uploads\/2023\/10\/IMG_7370-400x300.jpg 400w\" sizes=\"auto, (max-width: 3840px) 100vw, 3840px\" \/><\/figure>\n\n\n\n<figure class=\"wp-block-image size-large\"><img loading=\"lazy\" decoding=\"async\" width=\"2560\" height=\"3840\" data-id=\"20750\" src=\"https:\/\/tanzen-weilheim.de\/cms\/wp-content\/uploads\/2023\/10\/IMG_0512-2560x3840.jpg\" alt=\"\" class=\"wp-image-20750\" srcset=\"https:\/\/tanzen-weilheim.de\/cms\/wp-content\/uploads\/2023\/10\/IMG_0512-2560x3840.jpg 2560w, https:\/\/tanzen-weilheim.de\/cms\/wp-content\/uploads\/2023\/10\/IMG_0512-1280x1920.jpg 1280w, https:\/\/tanzen-weilheim.de\/cms\/wp-content\/uploads\/2023\/10\/IMG_0512-640x960.jpg 640w, https:\/\/tanzen-weilheim.de\/cms\/wp-content\/uploads\/2023\/10\/IMG_0512-768x1152.jpg 768w, https:\/\/tanzen-weilheim.de\/cms\/wp-content\/uploads\/2023\/10\/IMG_0512-1024x1536.jpg 1024w, https:\/\/tanzen-weilheim.de\/cms\/wp-content\/uploads\/2023\/10\/IMG_0512-1365x2048.jpg 1365w, https:\/\/tanzen-weilheim.de\/cms\/wp-content\/uploads\/2023\/10\/IMG_0512-400x600.jpg 400w, https:\/\/tanzen-weilheim.de\/cms\/wp-content\/uploads\/2023\/10\/IMG_0512-scaled.jpg 1707w\" sizes=\"auto, (max-width: 2560px) 100vw, 2560px\" \/><\/figure>\n\n\n\n<figure class=\"wp-block-image size-large\"><img loading=\"lazy\" decoding=\"async\" width=\"853\" height=\"1280\" data-id=\"20749\" src=\"https:\/\/tanzen-weilheim.de\/cms\/wp-content\/uploads\/2023\/10\/Image-2.jpg\" alt=\"\" class=\"wp-image-20749\" srcset=\"https:\/\/tanzen-weilheim.de\/cms\/wp-content\/uploads\/2023\/10\/Image-2.jpg 853w, https:\/\/tanzen-weilheim.de\/cms\/wp-content\/uploads\/2023\/10\/Image-2-640x960.jpg 640w, https:\/\/tanzen-weilheim.de\/cms\/wp-content\/uploads\/2023\/10\/Image-2-768x1152.jpg 768w, https:\/\/tanzen-weilheim.de\/cms\/wp-content\/uploads\/2023\/10\/Image-2-400x600.jpg 400w\" sizes=\"auto, (max-width: 853px) 100vw, 853px\" \/><figcaption class=\"wp-element-caption\">Wahnsinn&#8230;wir haben gewonnen \ud83d\ude42<\/figcaption><\/figure>\n<\/figure>\n\n\n\n<p>Die Pfaffenwinkelpokale in den Lateinturnieren gingen hier an:<br>Master II  C Latein &#8211; Joachim Heymans \/ Elvira Mbodji <em>TTC Gr\u00fcn-Wei\u00df Eichenau<\/em><br>Master III C Latein &#8211; Joachim Heymans \/ Elvira Mbodji <em>TTC Gr\u00fcn-Wei\u00df Eichenau<\/em><br>Master II  B Latein &#8211; Christian Ey \/ Mirjam Carmen Viehweger <em>Gelb-Schwarz-Casino M\u00fcnchen<\/em><br>Master III B Latein &#8211; Marco Mailand \/ Irene Mailand <em>Happy Dancers Baden (HDB)<\/em><br>Master III A Latein &#8211; Oliver Albers \/ Jutta Maccio <em>TSA und RR-Abt. d. TSV Weilheim 1847<\/em><\/p>\n\n\n\n<p><br><\/p>\n\n\n\n<figure class=\"wp-block-gallery has-nested-images columns-1 is-cropped wp-block-gallery-5 is-layout-flex wp-block-gallery-is-layout-flex\">\n<figure class=\"wp-block-image size-large\"><img loading=\"lazy\" decoding=\"async\" width=\"2560\" height=\"1418\" data-id=\"20691\" src=\"https:\/\/tanzen-weilheim.de\/cms\/wp-content\/uploads\/2023\/10\/PWP20232_IIC_Latein_MM-scaled.jpg\" alt=\"\" class=\"wp-image-20691\" srcset=\"https:\/\/tanzen-weilheim.de\/cms\/wp-content\/uploads\/2023\/10\/PWP20232_IIC_Latein_MM-scaled.jpg 2560w, https:\/\/tanzen-weilheim.de\/cms\/wp-content\/uploads\/2023\/10\/PWP20232_IIC_Latein_MM-1920x1064.jpg 1920w, https:\/\/tanzen-weilheim.de\/cms\/wp-content\/uploads\/2023\/10\/PWP20232_IIC_Latein_MM-960x532.jpg 960w, https:\/\/tanzen-weilheim.de\/cms\/wp-content\/uploads\/2023\/10\/PWP20232_IIC_Latein_MM-768x425.jpg 768w, https:\/\/tanzen-weilheim.de\/cms\/wp-content\/uploads\/2023\/10\/PWP20232_IIC_Latein_MM-1536x851.jpg 1536w, https:\/\/tanzen-weilheim.de\/cms\/wp-content\/uploads\/2023\/10\/PWP20232_IIC_Latein_MM-2048x1135.jpg 2048w, https:\/\/tanzen-weilheim.de\/cms\/wp-content\/uploads\/2023\/10\/PWP20232_IIC_Latein_MM-400x222.jpg 400w\" sizes=\"auto, (max-width: 2560px) 100vw, 2560px\" \/><figcaption class=\"wp-element-caption\">Mas II C Latein <\/figcaption><\/figure>\n\n\n\n<figure class=\"wp-block-image size-large\"><img loading=\"lazy\" decoding=\"async\" width=\"2560\" height=\"1810\" data-id=\"20690\" src=\"https:\/\/tanzen-weilheim.de\/cms\/wp-content\/uploads\/2023\/10\/PWP2023_IIIC_Latein_MM-scaled.jpg\" alt=\"\" class=\"wp-image-20690\" srcset=\"https:\/\/tanzen-weilheim.de\/cms\/wp-content\/uploads\/2023\/10\/PWP2023_IIIC_Latein_MM-scaled.jpg 2560w, https:\/\/tanzen-weilheim.de\/cms\/wp-content\/uploads\/2023\/10\/PWP2023_IIIC_Latein_MM-1920x1357.jpg 1920w, https:\/\/tanzen-weilheim.de\/cms\/wp-content\/uploads\/2023\/10\/PWP2023_IIIC_Latein_MM-960x679.jpg 960w, https:\/\/tanzen-weilheim.de\/cms\/wp-content\/uploads\/2023\/10\/PWP2023_IIIC_Latein_MM-768x543.jpg 768w, https:\/\/tanzen-weilheim.de\/cms\/wp-content\/uploads\/2023\/10\/PWP2023_IIIC_Latein_MM-1536x1086.jpg 1536w, https:\/\/tanzen-weilheim.de\/cms\/wp-content\/uploads\/2023\/10\/PWP2023_IIIC_Latein_MM-2048x1448.jpg 2048w, https:\/\/tanzen-weilheim.de\/cms\/wp-content\/uploads\/2023\/10\/PWP2023_IIIC_Latein_MM-400x283.jpg 400w\" sizes=\"auto, (max-width: 2560px) 100vw, 2560px\" \/><figcaption class=\"wp-element-caption\">Mas III C Latein<\/figcaption><\/figure>\n\n\n\n<figure class=\"wp-block-image size-large\"><img loading=\"lazy\" decoding=\"async\" width=\"2560\" height=\"1275\" data-id=\"20689\" src=\"https:\/\/tanzen-weilheim.de\/cms\/wp-content\/uploads\/2023\/10\/PWP2023_IIB_Lat_MM-scaled.jpg\" alt=\"\" class=\"wp-image-20689\" srcset=\"https:\/\/tanzen-weilheim.de\/cms\/wp-content\/uploads\/2023\/10\/PWP2023_IIB_Lat_MM-scaled.jpg 2560w, https:\/\/tanzen-weilheim.de\/cms\/wp-content\/uploads\/2023\/10\/PWP2023_IIB_Lat_MM-1920x956.jpg 1920w, https:\/\/tanzen-weilheim.de\/cms\/wp-content\/uploads\/2023\/10\/PWP2023_IIB_Lat_MM-960x478.jpg 960w, https:\/\/tanzen-weilheim.de\/cms\/wp-content\/uploads\/2023\/10\/PWP2023_IIB_Lat_MM-768x382.jpg 768w, https:\/\/tanzen-weilheim.de\/cms\/wp-content\/uploads\/2023\/10\/PWP2023_IIB_Lat_MM-1536x765.jpg 1536w, https:\/\/tanzen-weilheim.de\/cms\/wp-content\/uploads\/2023\/10\/PWP2023_IIB_Lat_MM-2048x1020.jpg 2048w, https:\/\/tanzen-weilheim.de\/cms\/wp-content\/uploads\/2023\/10\/PWP2023_IIB_Lat_MM-400x199.jpg 400w\" sizes=\"auto, (max-width: 2560px) 100vw, 2560px\" \/><figcaption class=\"wp-element-caption\">Mas II B Latein<\/figcaption><\/figure>\n\n\n\n<figure class=\"wp-block-image size-large\"><img loading=\"lazy\" decoding=\"async\" width=\"3840\" height=\"2560\" data-id=\"20746\" src=\"https:\/\/tanzen-weilheim.de\/cms\/wp-content\/uploads\/2023\/10\/IMG_0467-3840x2560.jpg\" alt=\"\" class=\"wp-image-20746\" srcset=\"https:\/\/tanzen-weilheim.de\/cms\/wp-content\/uploads\/2023\/10\/IMG_0467-3840x2560.jpg 3840w, https:\/\/tanzen-weilheim.de\/cms\/wp-content\/uploads\/2023\/10\/IMG_0467-1920x1280.jpg 1920w, https:\/\/tanzen-weilheim.de\/cms\/wp-content\/uploads\/2023\/10\/IMG_0467-960x640.jpg 960w, https:\/\/tanzen-weilheim.de\/cms\/wp-content\/uploads\/2023\/10\/IMG_0467-768x512.jpg 768w, https:\/\/tanzen-weilheim.de\/cms\/wp-content\/uploads\/2023\/10\/IMG_0467-1536x1024.jpg 1536w, https:\/\/tanzen-weilheim.de\/cms\/wp-content\/uploads\/2023\/10\/IMG_0467-2048x1365.jpg 2048w, https:\/\/tanzen-weilheim.de\/cms\/wp-content\/uploads\/2023\/10\/IMG_0467-400x267.jpg 400w\" sizes=\"auto, (max-width: 3840px) 100vw, 3840px\" \/><figcaption class=\"wp-element-caption\">Mas III B Latein<\/figcaption><\/figure>\n\n\n\n<figure class=\"wp-block-image size-large\"><img loading=\"lazy\" decoding=\"async\" width=\"3840\" height=\"2560\" data-id=\"20747\" src=\"https:\/\/tanzen-weilheim.de\/cms\/wp-content\/uploads\/2023\/10\/IMG_0738-3840x2560.jpg\" alt=\"\" class=\"wp-image-20747\" srcset=\"https:\/\/tanzen-weilheim.de\/cms\/wp-content\/uploads\/2023\/10\/IMG_0738-3840x2560.jpg 3840w, https:\/\/tanzen-weilheim.de\/cms\/wp-content\/uploads\/2023\/10\/IMG_0738-1920x1280.jpg 1920w, https:\/\/tanzen-weilheim.de\/cms\/wp-content\/uploads\/2023\/10\/IMG_0738-960x640.jpg 960w, https:\/\/tanzen-weilheim.de\/cms\/wp-content\/uploads\/2023\/10\/IMG_0738-768x512.jpg 768w, https:\/\/tanzen-weilheim.de\/cms\/wp-content\/uploads\/2023\/10\/IMG_0738-1536x1024.jpg 1536w, https:\/\/tanzen-weilheim.de\/cms\/wp-content\/uploads\/2023\/10\/IMG_0738-2048x1365.jpg 2048w, https:\/\/tanzen-weilheim.de\/cms\/wp-content\/uploads\/2023\/10\/IMG_0738-400x267.jpg 400w\" sizes=\"auto, (max-width: 3840px) 100vw, 3840px\" \/><figcaption class=\"wp-element-caption\">Mas III A Latein<\/figcaption><\/figure>\n<\/figure>\n\n\n\n<p class=\"has-small-font-size\">Fotos:  TSA Weilheim (Rothb\u00f6ck, Pujic, Huber M., Marschall M+T)<\/p>\n\n\n\n<p class=\"has-medium-font-size\">Foto&#8217;s am Rande der Turnierfl\u00e4che findet man <a href=\"https:\/\/tanzen-weilheim.de\/cms\/veranstaltungen\/ergebnisse\" data-type=\"link\" data-id=\"https:\/\/tanzen-weilheim.de\/cms\/veranstaltungen\/ergebnisse\">hier<\/a><\/p>\n\n\n\n<p><a href=\"https:\/\/tanzen-weilheim.de\/cms\/veranstaltungen\/ergebnisse\" data-type=\"link\" data-id=\"https:\/\/tanzen-weilheim.de\/cms\/veranstaltungen\/ergebnisse\">Ergebnisse<\/a> der Veranstaltung <\/p>\n","protected":false},"excerpt":{"rendered":"<p>am Samstag, 28.10.2023 wurde in 12 Master-Startklassen um den Pfaffenwinkelpokal getanzt. Veranstaltungsort war, die Conrad-Wilhelm-R\u00f6ntgen-Turnhalle in Weilheim. Vielen Dank an dieser Stelle an alle Turnierpaare, die den Weg nach Weilheim gefunden und uns mit ihren Starts unterst\u00fctzt haben eine sch\u00f6ne, inzwischen traditionelle, Turnierveranstaltung in Weilheim durchf\u00fchren zu k\u00f6nnen.<\/p>\n","protected":false},"author":19,"featured_media":20697,"comment_status":"closed","ping_status":"closed","sticky":false,"template":"","format":"standard","meta":{"_jetpack_memberships_contains_paid_content":false,"footnotes":""},"categories":[1],"tags":[],"class_list":["post-20643","post","type-post","status-publish","format-standard","has-post-thumbnail","hentry","category-allgemein"],"jetpack_featured_media_url":"https:\/\/tanzen-weilheim.de\/cms\/wp-content\/uploads\/2023\/10\/IMG_4148-scaled.jpg","jetpack_sharing_enabled":true,"_links":{"self":[{"href":"https:\/\/tanzen-weilheim.de\/cms\/wp-json\/wp\/v2\/posts\/20643","targetHints":{"allow":["GET"]}}],"collection":[{"href":"https:\/\/tanzen-weilheim.de\/cms\/wp-json\/wp\/v2\/posts"}],"about":[{"href":"https:\/\/tanzen-weilheim.de\/cms\/wp-json\/wp\/v2\/types\/post"}],"author":[{"embeddable":true,"href":"https:\/\/tanzen-weilheim.de\/cms\/wp-json\/wp\/v2\/users\/19"}],"replies":[{"embeddable":true,"href":"https:\/\/tanzen-weilheim.de\/cms\/wp-json\/wp\/v2\/comments?post=20643"}],"version-history":[{"count":58,"href":"https:\/\/tanzen-weilheim.de\/cms\/wp-json\/wp\/v2\/posts\/20643\/revisions"}],"predecessor-version":[{"id":20806,"href":"https:\/\/tanzen-weilheim.de\/cms\/wp-json\/wp\/v2\/posts\/20643\/revisions\/20806"}],"wp:featuredmedia":[{"embeddable":true,"href":"https:\/\/tanzen-weilheim.de\/cms\/wp-json\/wp\/v2\/media\/20697"}],"wp:attachment":[{"href":"https:\/\/tanzen-weilheim.de\/cms\/wp-json\/wp\/v2\/media?parent=20643"}],"wp:term":[{"taxonomy":"category","embeddable":true,"href":"https:\/\/tanzen-weilheim.de\/cms\/wp-json\/wp\/v2\/categories?post=20643"},{"taxonomy":"post_tag","embeddable":true,"href":"https:\/\/tanzen-weilheim.de\/cms\/wp-json\/wp\/v2\/tags?post=20643"}],"curies":[{"name":"wp","href":"https:\/\/api.w.org\/{rel}","templated":true}]}}