{"id":20566,"date":"2023-10-09T08:50:47","date_gmt":"2023-10-09T06:50:47","guid":{"rendered":"https:\/\/tanzen-weilheim.de\/cms\/?p=20566"},"modified":"2023-10-09T16:37:54","modified_gmt":"2023-10-09T14:37:54","slug":"retata-2023","status":"publish","type":"post","link":"https:\/\/tanzen-weilheim.de\/cms\/20566\/retata-2023","title":{"rendered":"ReTaTa 2023"},"content":{"rendered":"\n<p class=\"has-medium-font-size\">der 7. und 8. Oktober 2023 war das Wochenende der <a href=\"https:\/\/www.tanzsportregensburg.de\/retata\/\" data-type=\"link\" data-id=\"https:\/\/www.tanzsportregensburg.de\/retata\/\">Regensburger Tanzsporttage<\/a> (ReTaTa). <br>Ausgerichtet wurde dieses Turnierwochenende von der TSA der Regensburger Turnerschaft.<\/p>\n\n\n\n<!--more-->\n\n\n\n<p class=\"has-medium-font-size\">Zum ersten Mal starteten Dr. G\u00fcnter &amp; Johanna Rechenauer f\u00fcr die TSA Weilheim &#8211; herzlich willkommen ihr Zwei in den Reihen der TSA Weilheim Turnierpaaren.<br>G\u00fcnter &amp; Johanna starteten an beiden Tagen in der Startklasse MASIV  B Standard.<\/p>\n\n\n\n<figure class=\"wp-block-gallery has-nested-images columns-default is-cropped wp-block-gallery-1 is-layout-flex wp-block-gallery-is-layout-flex\">\n<figure class=\"wp-block-image size-large\"><img loading=\"lazy\" decoding=\"async\" width=\"942\" height=\"525\" data-id=\"20568\" src=\"https:\/\/tanzen-weilheim.de\/cms\/wp-content\/uploads\/2023\/10\/c4cef59b-e708-4d08-9848-f1939c1cf75a.jpg\" alt=\"\" class=\"wp-image-20568\" srcset=\"https:\/\/tanzen-weilheim.de\/cms\/wp-content\/uploads\/2023\/10\/c4cef59b-e708-4d08-9848-f1939c1cf75a.jpg 942w, https:\/\/tanzen-weilheim.de\/cms\/wp-content\/uploads\/2023\/10\/c4cef59b-e708-4d08-9848-f1939c1cf75a-768x428.jpg 768w, https:\/\/tanzen-weilheim.de\/cms\/wp-content\/uploads\/2023\/10\/c4cef59b-e708-4d08-9848-f1939c1cf75a-400x223.jpg 400w\" sizes=\"auto, (max-width: 942px) 100vw, 942px\" \/><figcaption class=\"wp-element-caption\">MASIV B 07.10.2023 Platz 5<\/figcaption><\/figure>\n\n\n\n<figure class=\"wp-block-image size-large\"><img loading=\"lazy\" decoding=\"async\" width=\"1600\" height=\"908\" data-id=\"20569\" src=\"https:\/\/tanzen-weilheim.de\/cms\/wp-content\/uploads\/2023\/10\/7ef03984-6a19-4c59-bf75-0a8e36ca8254.jpg\" alt=\"\" class=\"wp-image-20569\" srcset=\"https:\/\/tanzen-weilheim.de\/cms\/wp-content\/uploads\/2023\/10\/7ef03984-6a19-4c59-bf75-0a8e36ca8254.jpg 1600w, https:\/\/tanzen-weilheim.de\/cms\/wp-content\/uploads\/2023\/10\/7ef03984-6a19-4c59-bf75-0a8e36ca8254-960x545.jpg 960w, https:\/\/tanzen-weilheim.de\/cms\/wp-content\/uploads\/2023\/10\/7ef03984-6a19-4c59-bf75-0a8e36ca8254-768x436.jpg 768w, https:\/\/tanzen-weilheim.de\/cms\/wp-content\/uploads\/2023\/10\/7ef03984-6a19-4c59-bf75-0a8e36ca8254-1536x872.jpg 1536w, https:\/\/tanzen-weilheim.de\/cms\/wp-content\/uploads\/2023\/10\/7ef03984-6a19-4c59-bf75-0a8e36ca8254-400x227.jpg 400w\" sizes=\"auto, (max-width: 1600px) 100vw, 1600px\" \/><figcaption class=\"wp-element-caption\">MASIV B 08.10.2023 Platz 6<\/figcaption><\/figure>\n<\/figure>\n\n\n\n<p><\/p>\n\n\n<div class=\"wp-block-image is-style-rounded\">\n<figure class=\"aligncenter size-full is-resized\"><img loading=\"lazy\" decoding=\"async\" src=\"https:\/\/tanzen-weilheim.de\/cms\/wp-content\/uploads\/2023\/10\/Rechenauer_IMG_4740.jpg\" alt=\"\" class=\"wp-image-20567\" style=\"width:274px;height:450px\" width=\"274\" height=\"450\" srcset=\"https:\/\/tanzen-weilheim.de\/cms\/wp-content\/uploads\/2023\/10\/Rechenauer_IMG_4740.jpg 390w, https:\/\/tanzen-weilheim.de\/cms\/wp-content\/uploads\/2023\/10\/Rechenauer_IMG_4740-366x600.jpg 366w\" sizes=\"auto, (max-width: 274px) 100vw, 274px\" \/><figcaption class=\"wp-element-caption\">Dr. G\u00fcnter &amp; Johanna Rechenauer <br>MASIV B Standard<\/figcaption><\/figure><\/div>\n\n\n<p class=\"has-small-font-size\"><br>Foto&#8217;s: privat<\/p>\n","protected":false},"excerpt":{"rendered":"<p>der 7. und 8. Oktober 2023 war das Wochenende der Regensburger Tanzsporttage (ReTaTa). Ausgerichtet wurde dieses Turnierwochenende von der TSA der Regensburger Turnerschaft.<\/p>\n","protected":false},"author":19,"featured_media":20574,"comment_status":"closed","ping_status":"closed","sticky":false,"template":"","format":"standard","meta":{"_jetpack_memberships_contains_paid_content":false,"footnotes":""},"categories":[1],"tags":[],"class_list":["post-20566","post","type-post","status-publish","format-standard","has-post-thumbnail","hentry","category-allgemein"],"jetpack_featured_media_url":"https:\/\/tanzen-weilheim.de\/cms\/wp-content\/uploads\/2023\/10\/IMG_3867.jpg","jetpack_sharing_enabled":true,"_links":{"self":[{"href":"https:\/\/tanzen-weilheim.de\/cms\/wp-json\/wp\/v2\/posts\/20566","targetHints":{"allow":["GET"]}}],"collection":[{"href":"https:\/\/tanzen-weilheim.de\/cms\/wp-json\/wp\/v2\/posts"}],"about":[{"href":"https:\/\/tanzen-weilheim.de\/cms\/wp-json\/wp\/v2\/types\/post"}],"author":[{"embeddable":true,"href":"https:\/\/tanzen-weilheim.de\/cms\/wp-json\/wp\/v2\/users\/19"}],"replies":[{"embeddable":true,"href":"https:\/\/tanzen-weilheim.de\/cms\/wp-json\/wp\/v2\/comments?post=20566"}],"version-history":[{"count":5,"href":"https:\/\/tanzen-weilheim.de\/cms\/wp-json\/wp\/v2\/posts\/20566\/revisions"}],"predecessor-version":[{"id":20587,"href":"https:\/\/tanzen-weilheim.de\/cms\/wp-json\/wp\/v2\/posts\/20566\/revisions\/20587"}],"wp:featuredmedia":[{"embeddable":true,"href":"https:\/\/tanzen-weilheim.de\/cms\/wp-json\/wp\/v2\/media\/20574"}],"wp:attachment":[{"href":"https:\/\/tanzen-weilheim.de\/cms\/wp-json\/wp\/v2\/media?parent=20566"}],"wp:term":[{"taxonomy":"category","embeddable":true,"href":"https:\/\/tanzen-weilheim.de\/cms\/wp-json\/wp\/v2\/categories?post=20566"},{"taxonomy":"post_tag","embeddable":true,"href":"https:\/\/tanzen-weilheim.de\/cms\/wp-json\/wp\/v2\/tags?post=20566"}],"curies":[{"name":"wp","href":"https:\/\/api.w.org\/{rel}","templated":true}]}}