{"id":20549,"date":"2023-10-03T18:01:05","date_gmt":"2023-10-03T16:01:05","guid":{"rendered":"https:\/\/tanzen-weilheim.de\/cms\/?p=20549"},"modified":"2023-10-03T18:11:50","modified_gmt":"2023-10-03T16:11:50","slug":"herbstturnier-in-weinheim","status":"publish","type":"post","link":"https:\/\/tanzen-weilheim.de\/cms\/20549\/herbstturnier-in-weinheim","title":{"rendered":"Herbstturnier in Weinheim"},"content":{"rendered":"\n<p>am Dienstag, dem 3. Oktober, veranstaltete die TSA im TSG 1862 Weinheim ihr traditionelles <a href=\"https:\/\/tanzsport-weinheim.de\/herbstturnier-am-3-oktober\/\">Herbstturnier. <\/a><\/p>\n\n\n\n<!--more-->\n\n\n\n<p>Ein Zwei-Fl\u00e4chen-Turnier, bei dem von Kindern, Junioren und Jugend \u00fcber die Hauptgruppe bis hin zu den Masters f\u00fcr alle Altersgruppen eine Startm\u00f6glichkeiten bestand.<\/p>\n\n\n\n<p>Jutta Maccio &amp; Oliver Albers waren f\u00fcr die TSA Weilheim in der Klasse MAS III A Latein am Start.<\/p>\n\n\n\n<p>Souver\u00e4n ertanzten sie sich in das Finale &#8211; leider knapp am Trepperl vorbei &#8211; Platz 4. <\/p>\n\n\n\n<p>Herzlichen Gl\u00fcckwunsch \ud83d\ude42<\/p>\n\n\n\n<p>&nbsp;<\/p>\n\n\n<div class=\"wp-block-image\">\n<figure class=\"aligncenter size-full is-resized\"><img loading=\"lazy\" decoding=\"async\" src=\"https:\/\/tanzen-weilheim.de\/cms\/wp-content\/uploads\/2023\/10\/PHOTO-2023-10-03-15-45-12.jpg\" alt=\"\" class=\"wp-image-20550\" style=\"width:840px;height:366px\" width=\"840\" height=\"366\" srcset=\"https:\/\/tanzen-weilheim.de\/cms\/wp-content\/uploads\/2023\/10\/PHOTO-2023-10-03-15-45-12.jpg 972w, https:\/\/tanzen-weilheim.de\/cms\/wp-content\/uploads\/2023\/10\/PHOTO-2023-10-03-15-45-12-960x419.jpg 960w, https:\/\/tanzen-weilheim.de\/cms\/wp-content\/uploads\/2023\/10\/PHOTO-2023-10-03-15-45-12-768x335.jpg 768w, https:\/\/tanzen-weilheim.de\/cms\/wp-content\/uploads\/2023\/10\/PHOTO-2023-10-03-15-45-12-400x174.jpg 400w\" sizes=\"auto, (max-width: 840px) 100vw, 840px\" \/><figcaption class=\"wp-element-caption\">Jutta &amp; Oliver MAS III Latein Platz 4 <\/figcaption><\/figure><\/div>\n\n\n<p class=\"has-small-font-size\">Foto: privat<\/p>\n","protected":false},"excerpt":{"rendered":"<p>am Dienstag, dem 3. Oktober, veranstaltete die TSA im TSG 1862 Weinheim ihr traditionelles Herbstturnier.<\/p>\n","protected":false},"author":19,"featured_media":20550,"comment_status":"closed","ping_status":"closed","sticky":false,"template":"","format":"standard","meta":{"_jetpack_memberships_contains_paid_content":false,"footnotes":""},"categories":[1],"tags":[],"class_list":["post-20549","post","type-post","status-publish","format-standard","has-post-thumbnail","hentry","category-allgemein"],"jetpack_featured_media_url":"https:\/\/tanzen-weilheim.de\/cms\/wp-content\/uploads\/2023\/10\/PHOTO-2023-10-03-15-45-12.jpg","jetpack_sharing_enabled":true,"_links":{"self":[{"href":"https:\/\/tanzen-weilheim.de\/cms\/wp-json\/wp\/v2\/posts\/20549","targetHints":{"allow":["GET"]}}],"collection":[{"href":"https:\/\/tanzen-weilheim.de\/cms\/wp-json\/wp\/v2\/posts"}],"about":[{"href":"https:\/\/tanzen-weilheim.de\/cms\/wp-json\/wp\/v2\/types\/post"}],"author":[{"embeddable":true,"href":"https:\/\/tanzen-weilheim.de\/cms\/wp-json\/wp\/v2\/users\/19"}],"replies":[{"embeddable":true,"href":"https:\/\/tanzen-weilheim.de\/cms\/wp-json\/wp\/v2\/comments?post=20549"}],"version-history":[{"count":4,"href":"https:\/\/tanzen-weilheim.de\/cms\/wp-json\/wp\/v2\/posts\/20549\/revisions"}],"predecessor-version":[{"id":20560,"href":"https:\/\/tanzen-weilheim.de\/cms\/wp-json\/wp\/v2\/posts\/20549\/revisions\/20560"}],"wp:featuredmedia":[{"embeddable":true,"href":"https:\/\/tanzen-weilheim.de\/cms\/wp-json\/wp\/v2\/media\/20550"}],"wp:attachment":[{"href":"https:\/\/tanzen-weilheim.de\/cms\/wp-json\/wp\/v2\/media?parent=20549"}],"wp:term":[{"taxonomy":"category","embeddable":true,"href":"https:\/\/tanzen-weilheim.de\/cms\/wp-json\/wp\/v2\/categories?post=20549"},{"taxonomy":"post_tag","embeddable":true,"href":"https:\/\/tanzen-weilheim.de\/cms\/wp-json\/wp\/v2\/tags?post=20549"}],"curies":[{"name":"wp","href":"https:\/\/api.w.org\/{rel}","templated":true}]}}