{"id":20528,"date":"2023-10-02T12:15:25","date_gmt":"2023-10-02T10:15:25","guid":{"rendered":"https:\/\/tanzen-weilheim.de\/cms\/?p=20528"},"modified":"2023-10-02T16:03:27","modified_gmt":"2023-10-02T14:03:27","slug":"wiesn-special-der-friday-night","status":"publish","type":"post","link":"https:\/\/tanzen-weilheim.de\/cms\/20528\/wiesn-special-der-friday-night","title":{"rendered":"Friday-night &#8222;Wiesn Special&#8220;"},"content":{"rendered":"\n<p>am vergangenen Samstag fand er wieder statt, der beliebte Tanzabend der TSA Weilheim, die Friday-night.<\/p>\n\n\n\n<p><br>Dieses Mal unter dem Motto &#8222;Wiesn Special&#8220;.<\/p>\n\n\n\n<!--more-->\n\n\n\n<p>Vielen Dank dem Organisations-Team unter der Leitung von Evelyn f\u00fcr die perfekte Vorbereitung dieses Tanzabends.<\/p>\n\n\n\n<p>Bereits am Eingang konnte man das Thema das Abends erkennen &#8211; leckere, selbergebackene Lebkuchenherzen (Danke Heidi, sehr lecker und super s\u00fc\u00df) lagen bereit und luden zum Eintritt in den Tanzsaal ein. <br>Hier gab es, wie soll es anders sein f\u00fcr den kleinen Appetit zwischen durch auch Brezeln und ein gro\u00dfes Sortiment an erfrischenden Getr\u00e4nken.<\/p>\n\n\n\n<p>Kein Wunder, dass bei einem solcher perfekten Ambiente getanzt wurde bis einem, wie in einem  Kettenkarussell, schwindelig war \ud83d\ude42<\/p>\n\n\n<div class=\"wp-block-image is-style-rounded wp-duotone-unset-1\">\n<figure class=\"aligncenter size-full is-resized\"><img loading=\"lazy\" decoding=\"async\" src=\"https:\/\/tanzen-weilheim.de\/cms\/wp-content\/uploads\/2023\/10\/IMG_7077-scaled.jpg\" alt=\"\" class=\"wp-image-20529\" style=\"width:580px;height:559px\" width=\"580\" height=\"559\" srcset=\"https:\/\/tanzen-weilheim.de\/cms\/wp-content\/uploads\/2023\/10\/IMG_7077-scaled.jpg 2560w, https:\/\/tanzen-weilheim.de\/cms\/wp-content\/uploads\/2023\/10\/IMG_7077-1920x1851.jpg 1920w, https:\/\/tanzen-weilheim.de\/cms\/wp-content\/uploads\/2023\/10\/IMG_7077-960x925.jpg 960w, https:\/\/tanzen-weilheim.de\/cms\/wp-content\/uploads\/2023\/10\/IMG_7077-768x740.jpg 768w, https:\/\/tanzen-weilheim.de\/cms\/wp-content\/uploads\/2023\/10\/IMG_7077-1536x1480.jpg 1536w, https:\/\/tanzen-weilheim.de\/cms\/wp-content\/uploads\/2023\/10\/IMG_7077-2048x1974.jpg 2048w, https:\/\/tanzen-weilheim.de\/cms\/wp-content\/uploads\/2023\/10\/IMG_7077-400x386.jpg 400w\" sizes=\"auto, (max-width: 580px) 100vw, 580px\" \/><\/figure><\/div>\n\n\n<p>Einige der G\u00e4ste des Abends hatten sich ins auch dem Thema entsprechend gekleidet, was den Wiesn-Flair unterstrich.<\/p>\n\n\n\n<p>Der n\u00e4chste Termin der Friday-night ist am 1.12.2023 unter dem Motto &#8222;Weihnachts Special&#8220; -wir bitten auch hier wieder um Anmeldung unter <a href=\"mailto:friday-night@tanzen-weilheim.de\">friday-night@tanzen-weilheim.de<\/a> <\/p>\n\n\n\n<p>Wir hoffen ihr habt euch den Termin bereits vorgemerkt &#8211; wir freuen uns auf euch \ud83d\ude42<\/p>\n\n\n\n<p><\/p>\n\n\n\n<p><\/p>\n","protected":false},"excerpt":{"rendered":"<p>am vergangenen Samstag fand er wieder statt, der beliebte Tanzabend der TSA Weilheim, die Friday-night. Dieses Mal unter dem Motto &#8222;Wiesn Special&#8220;.<\/p>\n","protected":false},"author":19,"featured_media":20530,"comment_status":"closed","ping_status":"closed","sticky":false,"template":"","format":"standard","meta":{"_jetpack_memberships_contains_paid_content":false,"footnotes":""},"categories":[1],"tags":[],"class_list":["post-20528","post","type-post","status-publish","format-standard","has-post-thumbnail","hentry","category-allgemein"],"jetpack_featured_media_url":"https:\/\/tanzen-weilheim.de\/cms\/wp-content\/uploads\/2023\/10\/IMG_7078-scaled.jpg","jetpack_sharing_enabled":true,"_links":{"self":[{"href":"https:\/\/tanzen-weilheim.de\/cms\/wp-json\/wp\/v2\/posts\/20528","targetHints":{"allow":["GET"]}}],"collection":[{"href":"https:\/\/tanzen-weilheim.de\/cms\/wp-json\/wp\/v2\/posts"}],"about":[{"href":"https:\/\/tanzen-weilheim.de\/cms\/wp-json\/wp\/v2\/types\/post"}],"author":[{"embeddable":true,"href":"https:\/\/tanzen-weilheim.de\/cms\/wp-json\/wp\/v2\/users\/19"}],"replies":[{"embeddable":true,"href":"https:\/\/tanzen-weilheim.de\/cms\/wp-json\/wp\/v2\/comments?post=20528"}],"version-history":[{"count":13,"href":"https:\/\/tanzen-weilheim.de\/cms\/wp-json\/wp\/v2\/posts\/20528\/revisions"}],"predecessor-version":[{"id":20546,"href":"https:\/\/tanzen-weilheim.de\/cms\/wp-json\/wp\/v2\/posts\/20528\/revisions\/20546"}],"wp:featuredmedia":[{"embeddable":true,"href":"https:\/\/tanzen-weilheim.de\/cms\/wp-json\/wp\/v2\/media\/20530"}],"wp:attachment":[{"href":"https:\/\/tanzen-weilheim.de\/cms\/wp-json\/wp\/v2\/media?parent=20528"}],"wp:term":[{"taxonomy":"category","embeddable":true,"href":"https:\/\/tanzen-weilheim.de\/cms\/wp-json\/wp\/v2\/categories?post=20528"},{"taxonomy":"post_tag","embeddable":true,"href":"https:\/\/tanzen-weilheim.de\/cms\/wp-json\/wp\/v2\/tags?post=20528"}],"curies":[{"name":"wp","href":"https:\/\/api.w.org\/{rel}","templated":true}]}}