{"id":20511,"date":"2023-10-02T11:51:37","date_gmt":"2023-10-02T09:51:37","guid":{"rendered":"https:\/\/tanzen-weilheim.de\/cms\/?p=20511"},"modified":"2023-10-02T11:59:55","modified_gmt":"2023-10-02T09:59:55","slug":"turnier-am-saalebogen-2","status":"publish","type":"post","link":"https:\/\/tanzen-weilheim.de\/cms\/20511\/turnier-am-saalebogen-2","title":{"rendered":"Turnier am Saalebogen 2023"},"content":{"rendered":"\n<p>vom 29.09. bis 1.10.2023 fand in Bad Blankenburg die gro\u00dfe Turnierveranstaltung &#8222;Turnier am Saalebogen&#8220; statt.<\/p>\n\n\n\n<p>F\u00fcr Weilheim am Start waren Oliver Albers &amp; Jutta Maccio. Sie starteten sowohl in Latein als auch auch in Standard, was f\u00fcr sie Neuland bedeutete.<\/p>\n\n\n\n<p>Insgesamt waren sie 8 mal am Start, davon standen sie 3 mal auf dem Trepperl <\/p>\n\n\n\n<p>wir gratulieren herzlich \ud83d\ude42 <\/p>\n\n\n\n<p>weiter so, ihr seid auf dem richtigen Weg \ud83d\ude42<\/p>\n\n\n<div class=\"wp-block-image\">\n<figure class=\"aligncenter size-full is-resized\"><img loading=\"lazy\" decoding=\"async\" src=\"https:\/\/tanzen-weilheim.de\/cms\/wp-content\/uploads\/2023\/10\/eda8c91d-9384-43ff-a367-358634707e1e.jpg\" alt=\"\" class=\"wp-image-20512\" style=\"width:505px;height:563px\" width=\"505\" height=\"563\" srcset=\"https:\/\/tanzen-weilheim.de\/cms\/wp-content\/uploads\/2023\/10\/eda8c91d-9384-43ff-a367-358634707e1e.jpg 1133w, https:\/\/tanzen-weilheim.de\/cms\/wp-content\/uploads\/2023\/10\/eda8c91d-9384-43ff-a367-358634707e1e-861x960.jpg 861w, https:\/\/tanzen-weilheim.de\/cms\/wp-content\/uploads\/2023\/10\/eda8c91d-9384-43ff-a367-358634707e1e-768x857.jpg 768w, https:\/\/tanzen-weilheim.de\/cms\/wp-content\/uploads\/2023\/10\/eda8c91d-9384-43ff-a367-358634707e1e-400x446.jpg 400w\" sizes=\"auto, (max-width: 505px) 100vw, 505px\" \/><figcaption class=\"wp-element-caption\"><strong>Platz 1 MAS III D Standard am 1.10.2023<\/strong> \ud83d\ude42<\/figcaption><\/figure><\/div>\n\n<div class=\"wp-block-image\">\n<figure class=\"aligncenter size-full is-resized\"><img loading=\"lazy\" decoding=\"async\" src=\"https:\/\/tanzen-weilheim.de\/cms\/wp-content\/uploads\/2023\/10\/1dca639d-aa63-405c-acb0-60939a84e818.jpg\" alt=\"\" class=\"wp-image-20514\" style=\"width:496px;height:398px\" width=\"496\" height=\"398\" srcset=\"https:\/\/tanzen-weilheim.de\/cms\/wp-content\/uploads\/2023\/10\/1dca639d-aa63-405c-acb0-60939a84e818.jpg 1181w, https:\/\/tanzen-weilheim.de\/cms\/wp-content\/uploads\/2023\/10\/1dca639d-aa63-405c-acb0-60939a84e818-960x771.jpg 960w, https:\/\/tanzen-weilheim.de\/cms\/wp-content\/uploads\/2023\/10\/1dca639d-aa63-405c-acb0-60939a84e818-768x616.jpg 768w, https:\/\/tanzen-weilheim.de\/cms\/wp-content\/uploads\/2023\/10\/1dca639d-aa63-405c-acb0-60939a84e818-400x321.jpg 400w\" sizes=\"auto, (max-width: 496px) 100vw, 496px\" \/><figcaption class=\"wp-element-caption\"><strong>Platz 3 MAS II D Standard <\/strong><\/figcaption><\/figure><\/div>\n\n<div class=\"wp-block-image\">\n<figure class=\"aligncenter size-full is-resized\"><img loading=\"lazy\" decoding=\"async\" src=\"https:\/\/tanzen-weilheim.de\/cms\/wp-content\/uploads\/2023\/10\/a486b17f-ce64-40ef-b301-8d27263f1f3b.jpg\" alt=\"\" class=\"wp-image-20513\" style=\"width:504px;height:427px\" width=\"504\" height=\"427\" srcset=\"https:\/\/tanzen-weilheim.de\/cms\/wp-content\/uploads\/2023\/10\/a486b17f-ce64-40ef-b301-8d27263f1f3b.jpg 1785w, https:\/\/tanzen-weilheim.de\/cms\/wp-content\/uploads\/2023\/10\/a486b17f-ce64-40ef-b301-8d27263f1f3b-960x813.jpg 960w, https:\/\/tanzen-weilheim.de\/cms\/wp-content\/uploads\/2023\/10\/a486b17f-ce64-40ef-b301-8d27263f1f3b-768x651.jpg 768w, https:\/\/tanzen-weilheim.de\/cms\/wp-content\/uploads\/2023\/10\/a486b17f-ce64-40ef-b301-8d27263f1f3b-1536x1301.jpg 1536w, https:\/\/tanzen-weilheim.de\/cms\/wp-content\/uploads\/2023\/10\/a486b17f-ce64-40ef-b301-8d27263f1f3b-400x339.jpg 400w\" sizes=\"auto, (max-width: 504px) 100vw, 504px\" \/><figcaption class=\"wp-element-caption\"><strong>Platz 2 MAS III A Latein<\/strong><\/figcaption><\/figure><\/div>\n\n\n<p>Auch unsere Zweitmitglieder, startend f\u00fcr den TSC T\u00f6lzer Land, Bj\u00f6rn &amp; Anke Buschmann starteten in Bad Blankenburg in den Startklassen MAS I A Latein und MAS I S Standard<\/p>\n\n\n\n<p><\/p>\n\n\n<div class=\"wp-block-image\">\n<figure class=\"aligncenter size-full is-resized\"><img loading=\"lazy\" decoding=\"async\" src=\"https:\/\/tanzen-weilheim.de\/cms\/wp-content\/uploads\/2023\/10\/IMG_3627.jpg\" alt=\"\" class=\"wp-image-20515\" style=\"width:383px;height:415px\" width=\"383\" height=\"415\" srcset=\"https:\/\/tanzen-weilheim.de\/cms\/wp-content\/uploads\/2023\/10\/IMG_3627.jpg 1125w, https:\/\/tanzen-weilheim.de\/cms\/wp-content\/uploads\/2023\/10\/IMG_3627-887x960.jpg 887w, https:\/\/tanzen-weilheim.de\/cms\/wp-content\/uploads\/2023\/10\/IMG_3627-768x831.jpg 768w, https:\/\/tanzen-weilheim.de\/cms\/wp-content\/uploads\/2023\/10\/IMG_3627-400x433.jpg 400w\" sizes=\"auto, (max-width: 383px) 100vw, 383px\" \/><figcaption class=\"wp-element-caption\">herzlich willkommen in der S-Klasse der MAS I<\/figcaption><\/figure><\/div>\n\n\n<p>Hier geht es zu den <a href=\"https:\/\/www.turnier-am-saalebogen.de\/index.php\/fuer-aktive\/ergebnisse\/ergebnisse-2023\">Ergebnissen<\/a> der Turnierveranstaltung<\/p>\n\n\n\n<p class=\"has-small-font-size\">Foto&#8217;s: alle privat<\/p>\n\n\n\n<p><br><br><\/p>\n","protected":false},"excerpt":{"rendered":"<p>vom 29.09. bis 1.10.2023 fand in Bad Blankenburg die gro\u00dfe Turnierveranstaltung &#8222;Turnier am Saalebogen&#8220; statt. F\u00fcr Weilheim am Start waren Oliver Albers &amp; Jutta Maccio. Sie starteten sowohl in Latein als auch auch in Standard, was f\u00fcr sie Neuland bedeutete. Insgesamt waren sie 8 mal am Start, davon standen sie 3 mal auf dem Trepperl [&hellip;]<\/p>\n","protected":false},"author":19,"featured_media":20521,"comment_status":"closed","ping_status":"closed","sticky":false,"template":"","format":"standard","meta":{"_jetpack_memberships_contains_paid_content":false,"footnotes":""},"categories":[1],"tags":[],"class_list":["post-20511","post","type-post","status-publish","format-standard","has-post-thumbnail","hentry","category-allgemein"],"jetpack_featured_media_url":"https:\/\/tanzen-weilheim.de\/cms\/wp-content\/uploads\/2023\/10\/98932d7a-34b0-41f0-87a3-9b5acd9dfc12-1.jpg","jetpack_sharing_enabled":true,"_links":{"self":[{"href":"https:\/\/tanzen-weilheim.de\/cms\/wp-json\/wp\/v2\/posts\/20511","targetHints":{"allow":["GET"]}}],"collection":[{"href":"https:\/\/tanzen-weilheim.de\/cms\/wp-json\/wp\/v2\/posts"}],"about":[{"href":"https:\/\/tanzen-weilheim.de\/cms\/wp-json\/wp\/v2\/types\/post"}],"author":[{"embeddable":true,"href":"https:\/\/tanzen-weilheim.de\/cms\/wp-json\/wp\/v2\/users\/19"}],"replies":[{"embeddable":true,"href":"https:\/\/tanzen-weilheim.de\/cms\/wp-json\/wp\/v2\/comments?post=20511"}],"version-history":[{"count":8,"href":"https:\/\/tanzen-weilheim.de\/cms\/wp-json\/wp\/v2\/posts\/20511\/revisions"}],"predecessor-version":[{"id":20527,"href":"https:\/\/tanzen-weilheim.de\/cms\/wp-json\/wp\/v2\/posts\/20511\/revisions\/20527"}],"wp:featuredmedia":[{"embeddable":true,"href":"https:\/\/tanzen-weilheim.de\/cms\/wp-json\/wp\/v2\/media\/20521"}],"wp:attachment":[{"href":"https:\/\/tanzen-weilheim.de\/cms\/wp-json\/wp\/v2\/media?parent=20511"}],"wp:term":[{"taxonomy":"category","embeddable":true,"href":"https:\/\/tanzen-weilheim.de\/cms\/wp-json\/wp\/v2\/categories?post=20511"},{"taxonomy":"post_tag","embeddable":true,"href":"https:\/\/tanzen-weilheim.de\/cms\/wp-json\/wp\/v2\/tags?post=20511"}],"curies":[{"name":"wp","href":"https:\/\/api.w.org\/{rel}","templated":true}]}}