{"id":19742,"date":"2023-05-20T21:49:03","date_gmt":"2023-05-20T19:49:03","guid":{"rendered":"http:\/\/tanzen-weilheim.de\/cms\/?p=19742"},"modified":"2023-05-22T13:37:19","modified_gmt":"2023-05-22T11:37:19","slug":"mittelfraenkisches-tanzsportwochenende-2","status":"publish","type":"post","link":"https:\/\/tanzen-weilheim.de\/cms\/19742\/mittelfraenkisches-tanzsportwochenende-2","title":{"rendered":"Mittelfr\u00e4nkisches Tanzsportwochenende"},"content":{"rendered":"\n<p>Am vergangenen Wochenende fand beim RCG N\u00fcrnberg, TTC Erlangen und dem TSG F\u00fcrth das mittelfr\u00e4nkische Tanzsportwochenende mit integriertem Bayernpokal statt.<\/p>\n\n\n\n<p>Aus Weilheim waren 3 Turnierpaare am Start: Oliver Albers &amp; Jutta Maccio (Latein), Richard &amp; Kamilla Czierpke (Standard) und Dr. Michael &amp; Monika Marschall (Standard). <\/p>\n\n\n\n<p>F\u00fcr die Turnierpaare der TSA war es wieder ein erfolgreiches Turnierwochenende.<\/p>\n\n\n\n<!--more-->\n\n\n\n<p>Fangen wir mit Jutta und Oliver an, denn sie haben an diesem Wochenende die meisten Starts hingelegt und waren dabei sehr erfolgreich \ud83d\ude42<br>Mit einem hervorragenden 3. Platz in der Startklasse MAS II B am Stamstag im RGC N\u00fcrnberg sind die beiden, mit einer Punktlandung nach nur 20 getanzten Turnieren, in der B-Klasse (MAS II + III) in Rekordzeit (1. Start B-Klasse am 29.10.22) in die A-Klasse aufgestiegen. <\/p>\n\n\n\n<div class=\"wp-block-image\"><figure class=\"alignright is-resized\"><img loading=\"lazy\" decoding=\"async\" src=\"https:\/\/tanzen-weilheim.de\/cms\/wp-content\/uploads\/2023\/05\/Sekt.jpg\" alt=\"\" class=\"wp-image-19752\" width=\"145\" height=\"193\" srcset=\"https:\/\/tanzen-weilheim.de\/cms\/wp-content\/uploads\/2023\/05\/Sekt.jpg 768w, https:\/\/tanzen-weilheim.de\/cms\/wp-content\/uploads\/2023\/05\/Sekt-720x960.jpg 720w, https:\/\/tanzen-weilheim.de\/cms\/wp-content\/uploads\/2023\/05\/Sekt-400x533.jpg 400w\" sizes=\"auto, (max-width: 145px) 100vw, 145px\" \/><\/figure><\/div>\n\n\n\n<p>Herzlichen Gl\u00fcckwunsch euch Beiden \ud83d\ude42  <br>Wir sind sehr stolz auf euch \ud83d\ude42 <\/p>\n\n\n\n<ul class=\"wp-block-gallery columns-1 is-cropped wp-block-gallery-1 is-layout-flex wp-block-gallery-is-layout-flex\"><li class=\"blocks-gallery-item\"><figure><img loading=\"lazy\" decoding=\"async\" width=\"1024\" height=\"768\" src=\"https:\/\/tanzen-weilheim.de\/cms\/wp-content\/uploads\/2023\/05\/Aufstieg-1.jpg\" alt=\"\" data-id=\"19751\" data-link=\"https:\/\/tanzen-weilheim.de\/cms\/19742\/mittelfraenkisches-tanzsportwochenende-2\/aufstieg-1\" class=\"wp-image-19751\" srcset=\"https:\/\/tanzen-weilheim.de\/cms\/wp-content\/uploads\/2023\/05\/Aufstieg-1.jpg 1024w, https:\/\/tanzen-weilheim.de\/cms\/wp-content\/uploads\/2023\/05\/Aufstieg-1-960x720.jpg 960w, https:\/\/tanzen-weilheim.de\/cms\/wp-content\/uploads\/2023\/05\/Aufstieg-1-768x576.jpg 768w, https:\/\/tanzen-weilheim.de\/cms\/wp-content\/uploads\/2023\/05\/Aufstieg-1-400x300.jpg 400w\" sizes=\"auto, (max-width: 1024px) 100vw, 1024px\" \/><\/figure><\/li><\/ul>\n\n\n\n<p>Nat\u00fcrlich, war das noch nicht alles. Noch am gleichen Abend starteten sie in der Startklasse MAS III A Latein und konnten sich dort \u00fcber einen spitzen 4. Platz freuen.<\/p>\n\n\n\n<p>Am Sonntag starteten die beiden dann noch beim TSG F\u00fcrth in der Startklasse MAS II A. Hier tanzten sie sich auf Platz 6 . Aber wie sich das f\u00fcr die Beiden geh\u00f6rt, startete;). Und so kam es, dass sie in der MAS III A  auf dem Trepperl standen &#8211;  Platz 2 \ud83d\ude42<\/p>\n\n\n\n<ul class=\"wp-block-gallery columns-1 is-cropped wp-block-gallery-2 is-layout-flex wp-block-gallery-is-layout-flex\"><li class=\"blocks-gallery-item\"><figure><img loading=\"lazy\" decoding=\"async\" width=\"1024\" height=\"768\" src=\"https:\/\/tanzen-weilheim.de\/cms\/wp-content\/uploads\/2023\/05\/Trepperl.jpg\" alt=\"\" data-id=\"19755\" data-link=\"https:\/\/tanzen-weilheim.de\/cms\/?attachment_id=19755\" class=\"wp-image-19755\" srcset=\"https:\/\/tanzen-weilheim.de\/cms\/wp-content\/uploads\/2023\/05\/Trepperl.jpg 1024w, https:\/\/tanzen-weilheim.de\/cms\/wp-content\/uploads\/2023\/05\/Trepperl-960x720.jpg 960w, https:\/\/tanzen-weilheim.de\/cms\/wp-content\/uploads\/2023\/05\/Trepperl-768x576.jpg 768w, https:\/\/tanzen-weilheim.de\/cms\/wp-content\/uploads\/2023\/05\/Trepperl-400x300.jpg 400w\" sizes=\"auto, (max-width: 1024px) 100vw, 1024px\" \/><\/figure><\/li><\/ul>\n\n\n\n<p>Das nennt man dann einen super Start in der neuen Startklasse &#8211; wir gratulieren herzlichst und w\u00fcnschen weiter viel Erfolg.<\/p>\n\n\n\n<p><\/p>\n\n\n\n<p>Auch f\u00fcr Richard &amp; Kamilla war es ein erfolgreicher Start, sie erreichten in MAS III B Standard den 3. Platz.<br>Herzlichen Gl\u00fcckwunsch &#8211;  weiter so \ud83d\ude42<\/p>\n\n\n\n<ul class=\"wp-block-gallery columns-2 is-cropped wp-block-gallery-3 is-layout-flex wp-block-gallery-is-layout-flex\"><li class=\"blocks-gallery-item\"><figure><img loading=\"lazy\" decoding=\"async\" width=\"3612\" height=\"2709\" src=\"https:\/\/tanzen-weilheim.de\/cms\/wp-content\/uploads\/2023\/05\/IMG_1119.jpg\" alt=\"\" data-id=\"19749\" data-link=\"https:\/\/tanzen-weilheim.de\/cms\/19742\/mittelfraenkisches-tanzsportwochenende-2\/img_1119\" class=\"wp-image-19749\" srcset=\"https:\/\/tanzen-weilheim.de\/cms\/wp-content\/uploads\/2023\/05\/IMG_1119.jpg 3612w, https:\/\/tanzen-weilheim.de\/cms\/wp-content\/uploads\/2023\/05\/IMG_1119-960x720.jpg 960w, https:\/\/tanzen-weilheim.de\/cms\/wp-content\/uploads\/2023\/05\/IMG_1119-1920x1440.jpg 1920w, https:\/\/tanzen-weilheim.de\/cms\/wp-content\/uploads\/2023\/05\/IMG_1119-768x576.jpg 768w, https:\/\/tanzen-weilheim.de\/cms\/wp-content\/uploads\/2023\/05\/IMG_1119-400x300.jpg 400w\" sizes=\"auto, (max-width: 3612px) 100vw, 3612px\" \/><\/figure><\/li><li class=\"blocks-gallery-item\"><figure><img loading=\"lazy\" decoding=\"async\" width=\"3617\" height=\"2713\" src=\"https:\/\/tanzen-weilheim.de\/cms\/wp-content\/uploads\/2023\/05\/IMG_1102.jpg\" alt=\"\" data-id=\"19750\" data-link=\"https:\/\/tanzen-weilheim.de\/cms\/19742\/mittelfraenkisches-tanzsportwochenende-2\/img_1102\" class=\"wp-image-19750\" srcset=\"https:\/\/tanzen-weilheim.de\/cms\/wp-content\/uploads\/2023\/05\/IMG_1102.jpg 3617w, https:\/\/tanzen-weilheim.de\/cms\/wp-content\/uploads\/2023\/05\/IMG_1102-960x720.jpg 960w, https:\/\/tanzen-weilheim.de\/cms\/wp-content\/uploads\/2023\/05\/IMG_1102-1920x1440.jpg 1920w, https:\/\/tanzen-weilheim.de\/cms\/wp-content\/uploads\/2023\/05\/IMG_1102-768x576.jpg 768w, https:\/\/tanzen-weilheim.de\/cms\/wp-content\/uploads\/2023\/05\/IMG_1102-400x300.jpg 400w\" sizes=\"auto, (max-width: 3617px) 100vw, 3617px\" \/><\/figure><\/li><\/ul>\n\n\n\n<p>Michael und Monika erreichten in  MAS III A Standard den 4. Platz.<\/p>\n\n\n\n<p><a href=\"https:\/\/ltvb.de\/sport\/leistungssport\/ergebnisse\/?category=Bayernpokal&amp;currentyear=2023\">Ergebnisse&nbsp;RGC&nbsp;N\u00fcrnberg<\/a><br><a href=\"https:\/\/www.tsg-fuerth.de\/turnierergebnisse.htm\">Ergebnisse TSG F\u00fcrth<\/a><\/p>\n\n\n\n<p>Foto&#8217;s: TSA privat<\/p>\n","protected":false},"excerpt":{"rendered":"<p>Am vergangenen Wochenende fand beim RCG N\u00fcrnberg, TTC Erlangen und dem TSG F\u00fcrth das mittelfr\u00e4nkische Tanzsportwochenende mit integriertem Bayernpokal statt. Aus Weilheim waren 3 Turnierpaare am Start: Oliver Albers &amp; Jutta Maccio (Latein), Richard &amp; Kamilla Czierpke (Standard) und Dr. Michael &amp; Monika Marschall (Standard). F\u00fcr die Turnierpaare der TSA war es wieder ein erfolgreiches [&hellip;]<\/p>\n","protected":false},"author":19,"featured_media":19757,"comment_status":"closed","ping_status":"closed","sticky":false,"template":"","format":"standard","meta":{"_jetpack_memberships_contains_paid_content":false,"footnotes":""},"categories":[1],"tags":[],"class_list":["post-19742","post","type-post","status-publish","format-standard","has-post-thumbnail","hentry","category-allgemein"],"jetpack_featured_media_url":"https:\/\/tanzen-weilheim.de\/cms\/wp-content\/uploads\/2023\/05\/Beide-1.jpg","jetpack_sharing_enabled":true,"_links":{"self":[{"href":"https:\/\/tanzen-weilheim.de\/cms\/wp-json\/wp\/v2\/posts\/19742","targetHints":{"allow":["GET"]}}],"collection":[{"href":"https:\/\/tanzen-weilheim.de\/cms\/wp-json\/wp\/v2\/posts"}],"about":[{"href":"https:\/\/tanzen-weilheim.de\/cms\/wp-json\/wp\/v2\/types\/post"}],"author":[{"embeddable":true,"href":"https:\/\/tanzen-weilheim.de\/cms\/wp-json\/wp\/v2\/users\/19"}],"replies":[{"embeddable":true,"href":"https:\/\/tanzen-weilheim.de\/cms\/wp-json\/wp\/v2\/comments?post=19742"}],"version-history":[{"count":14,"href":"https:\/\/tanzen-weilheim.de\/cms\/wp-json\/wp\/v2\/posts\/19742\/revisions"}],"predecessor-version":[{"id":19769,"href":"https:\/\/tanzen-weilheim.de\/cms\/wp-json\/wp\/v2\/posts\/19742\/revisions\/19769"}],"wp:featuredmedia":[{"embeddable":true,"href":"https:\/\/tanzen-weilheim.de\/cms\/wp-json\/wp\/v2\/media\/19757"}],"wp:attachment":[{"href":"https:\/\/tanzen-weilheim.de\/cms\/wp-json\/wp\/v2\/media?parent=19742"}],"wp:term":[{"taxonomy":"category","embeddable":true,"href":"https:\/\/tanzen-weilheim.de\/cms\/wp-json\/wp\/v2\/categories?post=19742"},{"taxonomy":"post_tag","embeddable":true,"href":"https:\/\/tanzen-weilheim.de\/cms\/wp-json\/wp\/v2\/tags?post=19742"}],"curies":[{"name":"wp","href":"https:\/\/api.w.org\/{rel}","templated":true}]}}