{"id":19693,"date":"2023-05-14T11:52:49","date_gmt":"2023-05-14T09:52:49","guid":{"rendered":"http:\/\/tanzen-weilheim.de\/cms\/?p=19693"},"modified":"2023-05-16T12:22:04","modified_gmt":"2023-05-16T10:22:04","slug":"hessen-tanzt","status":"publish","type":"post","link":"https:\/\/tanzen-weilheim.de\/cms\/19693\/hessen-tanzt","title":{"rendered":"Hessen tanzt"},"content":{"rendered":"\n<p>vom 12.5. bis 14.5.2023 hie\u00df es &#8222;Hessen tanzt 2023&#8220; in der Eisporthalle in Frankfurt. <br>Hier finden auf bis zu 8 Tanzfl\u00e4chen verschiedenste DTV und WDSF Turniere aller Altersklassen (von Kinder bis MAS IV) in Standard und Latein  statt.<\/p>\n\n\n\n<p>Insgesamt 73 Turniere, davon 14 WDSF-Turniere standen auf dem dreit\u00e4gigen Programm. Abwechselnd werden Standard- und Latein-Turniere auf der Gesamtfl\u00e4che abgehalten.<\/p>\n\n\n\n<!--more-->\n\n\n\n<div class=\"wp-block-image\"><figure class=\"aligncenter is-resized\"><img loading=\"lazy\" decoding=\"async\" src=\"https:\/\/tanzen-weilheim.de\/cms\/wp-content\/uploads\/2023\/05\/IMG_0970-3840x2880.jpg\" alt=\"\" class=\"wp-image-19695\" width=\"477\" height=\"358\" srcset=\"https:\/\/tanzen-weilheim.de\/cms\/wp-content\/uploads\/2023\/05\/IMG_0970-3840x2880.jpg 3840w, https:\/\/tanzen-weilheim.de\/cms\/wp-content\/uploads\/2023\/05\/IMG_0970-960x720.jpg 960w, https:\/\/tanzen-weilheim.de\/cms\/wp-content\/uploads\/2023\/05\/IMG_0970-1920x1440.jpg 1920w, https:\/\/tanzen-weilheim.de\/cms\/wp-content\/uploads\/2023\/05\/IMG_0970-768x576.jpg 768w, https:\/\/tanzen-weilheim.de\/cms\/wp-content\/uploads\/2023\/05\/IMG_0970-400x300.jpg 400w\" sizes=\"auto, (max-width: 477px) 100vw, 477px\" \/><figcaption>Der 1. Blick auf die Tanzfl\u00e4che am Freitag gegen 15 Uhr<\/figcaption><\/figure><\/div>\n\n\n\n<p>Als Turnierpaar der TSA waren Dr. Michael und Monika Marschall in Frankfurt zum wiederholten Male dabei. Ist die Fahrt nach Frankfurt f\u00fcr Michael ja eine eine Fahrt in seine Heimat, denn er kommt aus Hofheim bei Frankfurt ;).<\/p>\n\n\n\n<p>Es ist schon eine etwas andere Turnierveranstaltung, an der ein oder anderen Stelle gew\u00f6hnungsbed\u00fcrftig,  aber sie hat ihren ganz besonderen Touch &#8211; irgendwie zieht es einen doch immer wieder hin ;). <br>Z.B. kann man vor und nach dem Turnier als Zuschauer auf den anderen Fl\u00e4chen mit fiebern, was die Beiden auf Grund der Versp\u00e4tung ihres Turnieres dann auch gemacht haben.<\/p>\n\n\n\n<p>Ihr Turnier DTV MAS III A sollte eigentlich um 17 Uhr starten, doch es kam zu 1.5 h Versp\u00e4tung, so dass sie auf Fl\u00e4che 5\/6 noch die Vorrunde WDSF Risings Stars Latein anschauen konnten. Hier startete der Trainer der TSA Weilheim Igor Akalowski mit seiner Partnerin Klaudia Szab\u00f3&#8230;.leider konnten sie nicht bis zu Endrunde entspannt zuschauen, denn auch f\u00fcr sie ging es dann um 18:30 Uhr auf Fl\u00e4che 7 los. Igor und Klaudia ertanzten sich in diesem sehr hochklassigen Turnier den 4. Platz :). <\/p>\n\n\n\n<ul class=\"wp-block-gallery columns-2 is-cropped wp-block-gallery-1 is-layout-flex wp-block-gallery-is-layout-flex\"><li class=\"blocks-gallery-item\"><figure><img loading=\"lazy\" decoding=\"async\" width=\"3840\" height=\"2880\" src=\"https:\/\/tanzen-weilheim.de\/cms\/wp-content\/uploads\/2023\/05\/IMG_0986-3840x2880.jpg\" alt=\"\" data-id=\"19697\" data-link=\"https:\/\/tanzen-weilheim.de\/cms\/?attachment_id=19697\" class=\"wp-image-19697\" srcset=\"https:\/\/tanzen-weilheim.de\/cms\/wp-content\/uploads\/2023\/05\/IMG_0986-3840x2880.jpg 3840w, https:\/\/tanzen-weilheim.de\/cms\/wp-content\/uploads\/2023\/05\/IMG_0986-960x720.jpg 960w, https:\/\/tanzen-weilheim.de\/cms\/wp-content\/uploads\/2023\/05\/IMG_0986-1920x1440.jpg 1920w, https:\/\/tanzen-weilheim.de\/cms\/wp-content\/uploads\/2023\/05\/IMG_0986-768x576.jpg 768w, https:\/\/tanzen-weilheim.de\/cms\/wp-content\/uploads\/2023\/05\/IMG_0986-400x300.jpg 400w\" sizes=\"auto, (max-width: 3840px) 100vw, 3840px\" \/><\/figure><\/li><li class=\"blocks-gallery-item\"><figure><img loading=\"lazy\" decoding=\"async\" width=\"3840\" height=\"2880\" src=\"https:\/\/tanzen-weilheim.de\/cms\/wp-content\/uploads\/2023\/05\/IMG_0998-3840x2880.jpg\" alt=\"\" data-id=\"19700\" data-link=\"https:\/\/tanzen-weilheim.de\/cms\/?attachment_id=19700\" class=\"wp-image-19700\" srcset=\"https:\/\/tanzen-weilheim.de\/cms\/wp-content\/uploads\/2023\/05\/IMG_0998-3840x2880.jpg 3840w, https:\/\/tanzen-weilheim.de\/cms\/wp-content\/uploads\/2023\/05\/IMG_0998-960x720.jpg 960w, https:\/\/tanzen-weilheim.de\/cms\/wp-content\/uploads\/2023\/05\/IMG_0998-1920x1440.jpg 1920w, https:\/\/tanzen-weilheim.de\/cms\/wp-content\/uploads\/2023\/05\/IMG_0998-768x576.jpg 768w, https:\/\/tanzen-weilheim.de\/cms\/wp-content\/uploads\/2023\/05\/IMG_0998-400x300.jpg 400w\" sizes=\"auto, (max-width: 3840px) 100vw, 3840px\" \/><\/figure><\/li><li class=\"blocks-gallery-item\"><figure><img loading=\"lazy\" decoding=\"async\" width=\"3840\" height=\"2880\" src=\"https:\/\/tanzen-weilheim.de\/cms\/wp-content\/uploads\/2023\/05\/IMG_0985-3840x2880.jpg\" alt=\"\" data-id=\"19696\" data-link=\"https:\/\/tanzen-weilheim.de\/cms\/?attachment_id=19696\" class=\"wp-image-19696\" srcset=\"https:\/\/tanzen-weilheim.de\/cms\/wp-content\/uploads\/2023\/05\/IMG_0985-3840x2880.jpg 3840w, https:\/\/tanzen-weilheim.de\/cms\/wp-content\/uploads\/2023\/05\/IMG_0985-960x720.jpg 960w, https:\/\/tanzen-weilheim.de\/cms\/wp-content\/uploads\/2023\/05\/IMG_0985-1920x1440.jpg 1920w, https:\/\/tanzen-weilheim.de\/cms\/wp-content\/uploads\/2023\/05\/IMG_0985-768x576.jpg 768w, https:\/\/tanzen-weilheim.de\/cms\/wp-content\/uploads\/2023\/05\/IMG_0985-400x300.jpg 400w\" sizes=\"auto, (max-width: 3840px) 100vw, 3840px\" \/><\/figure><\/li><\/ul>\n\n\n\n<p>In der MAS III A Standard waren 22 Paare  am Start. Nach Vor- und Zwischenrunde hie\u00df es dann, f\u00fcr sie &#8211; Endrunde :). Hier landeten sie dann auf Platz 6.<\/p>\n\n\n\n<ul class=\"wp-block-gallery columns-2 is-cropped wp-block-gallery-2 is-layout-flex wp-block-gallery-is-layout-flex\"><li class=\"blocks-gallery-item\"><figure><img loading=\"lazy\" decoding=\"async\" width=\"3088\" height=\"2320\" src=\"https:\/\/tanzen-weilheim.de\/cms\/wp-content\/uploads\/2023\/05\/IMG_0995-1.jpg\" alt=\"\" data-id=\"19704\" data-link=\"https:\/\/tanzen-weilheim.de\/cms\/19693\/hessen-tanzt\/img_0995-2\" class=\"wp-image-19704\" srcset=\"https:\/\/tanzen-weilheim.de\/cms\/wp-content\/uploads\/2023\/05\/IMG_0995-1.jpg 3088w, https:\/\/tanzen-weilheim.de\/cms\/wp-content\/uploads\/2023\/05\/IMG_0995-1-960x721.jpg 960w, https:\/\/tanzen-weilheim.de\/cms\/wp-content\/uploads\/2023\/05\/IMG_0995-1-1920x1442.jpg 1920w, https:\/\/tanzen-weilheim.de\/cms\/wp-content\/uploads\/2023\/05\/IMG_0995-1-768x577.jpg 768w, https:\/\/tanzen-weilheim.de\/cms\/wp-content\/uploads\/2023\/05\/IMG_0995-1-400x301.jpg 400w\" sizes=\"auto, (max-width: 3088px) 100vw, 3088px\" \/><figcaption>vor dem Turnier<\/figcaption><\/figure><\/li><li class=\"blocks-gallery-item\"><figure><img loading=\"lazy\" decoding=\"async\" width=\"2880\" height=\"3840\" src=\"https:\/\/tanzen-weilheim.de\/cms\/wp-content\/uploads\/2023\/05\/IMG_1001-2880x3840.jpg\" alt=\"\" data-id=\"19706\" data-link=\"https:\/\/tanzen-weilheim.de\/cms\/19693\/hessen-tanzt\/img_1001\" class=\"wp-image-19706\" srcset=\"https:\/\/tanzen-weilheim.de\/cms\/wp-content\/uploads\/2023\/05\/IMG_1001-2880x3840.jpg 2880w, https:\/\/tanzen-weilheim.de\/cms\/wp-content\/uploads\/2023\/05\/IMG_1001-720x960.jpg 720w, https:\/\/tanzen-weilheim.de\/cms\/wp-content\/uploads\/2023\/05\/IMG_1001-1440x1920.jpg 1440w, https:\/\/tanzen-weilheim.de\/cms\/wp-content\/uploads\/2023\/05\/IMG_1001-768x1024.jpg 768w, https:\/\/tanzen-weilheim.de\/cms\/wp-content\/uploads\/2023\/05\/IMG_1001-400x533.jpg 400w\" sizes=\"auto, (max-width: 2880px) 100vw, 2880px\" \/><figcaption>nach dem Turnier<\/figcaption><\/figure><\/li><li class=\"blocks-gallery-item\"><figure><img loading=\"lazy\" decoding=\"async\" width=\"2000\" height=\"3000\" src=\"https:\/\/tanzen-weilheim.de\/cms\/wp-content\/uploads\/2023\/05\/Marschall_dancepoint_gerner-_2023_SFG7_04787.jpg\" alt=\"\" data-id=\"19724\" data-link=\"https:\/\/tanzen-weilheim.de\/cms\/19693\/hessen-tanzt\/marschall_dancepoint_gerner-_2023_sfg7_04787\" class=\"wp-image-19724\" srcset=\"https:\/\/tanzen-weilheim.de\/cms\/wp-content\/uploads\/2023\/05\/Marschall_dancepoint_gerner-_2023_SFG7_04787.jpg 2000w, https:\/\/tanzen-weilheim.de\/cms\/wp-content\/uploads\/2023\/05\/Marschall_dancepoint_gerner-_2023_SFG7_04787-640x960.jpg 640w, https:\/\/tanzen-weilheim.de\/cms\/wp-content\/uploads\/2023\/05\/Marschall_dancepoint_gerner-_2023_SFG7_04787-1280x1920.jpg 1280w, https:\/\/tanzen-weilheim.de\/cms\/wp-content\/uploads\/2023\/05\/Marschall_dancepoint_gerner-_2023_SFG7_04787-768x1152.jpg 768w, https:\/\/tanzen-weilheim.de\/cms\/wp-content\/uploads\/2023\/05\/Marschall_dancepoint_gerner-_2023_SFG7_04787-400x600.jpg 400w\" sizes=\"auto, (max-width: 2000px) 100vw, 2000px\" \/><\/figure><\/li><\/ul>\n\n\n\n<div class=\"wp-block-image\"><figure class=\"aligncenter is-resized\"><img loading=\"lazy\" decoding=\"async\" src=\"https:\/\/tanzen-weilheim.de\/cms\/wp-content\/uploads\/2023\/05\/IMG_0971-3840x2880.jpg\" alt=\"\" class=\"wp-image-19707\" width=\"404\" height=\"303\" srcset=\"https:\/\/tanzen-weilheim.de\/cms\/wp-content\/uploads\/2023\/05\/IMG_0971-3840x2880.jpg 3840w, https:\/\/tanzen-weilheim.de\/cms\/wp-content\/uploads\/2023\/05\/IMG_0971-960x720.jpg 960w, https:\/\/tanzen-weilheim.de\/cms\/wp-content\/uploads\/2023\/05\/IMG_0971-1920x1440.jpg 1920w, https:\/\/tanzen-weilheim.de\/cms\/wp-content\/uploads\/2023\/05\/IMG_0971-768x576.jpg 768w, https:\/\/tanzen-weilheim.de\/cms\/wp-content\/uploads\/2023\/05\/IMG_0971-400x300.jpg 400w\" sizes=\"auto, (max-width: 404px) 100vw, 404px\" \/><figcaption>MAS I A Latein auf Fl\u00e4che 8 am Freitag (Anke ist die Dame in der Mitte, die den Arm nach oben streckt ;))<\/figcaption><\/figure><\/div>\n\n\n\n<p><\/p>\n\n\n\n<p style=\"text-align:left\">Auch Bj\u00f6rn und Anke Buschmann waren in Frankfurt am Start. Freitags starteten sie zeitgleich zum Igor auf Fl\u00e4che 8 in MAS I A Latein und am Samstag tanzten sie zum 1. Mal als S-Klassenpaar in WDSF Open Sen I Standard mit.<\/p>\n\n\n\n<p><a href=\"https:\/\/hessen-tanzt.de\/startlisteergebnisse\/\">Alle Ergebnisse der Veranstaltung<\/a><\/p>\n","protected":false},"excerpt":{"rendered":"<p>vom 12.5. bis 14.5.2023 hie\u00df es &#8222;Hessen tanzt 2023&#8220; in der Eisporthalle in Frankfurt. Hier finden auf bis zu 8 Tanzfl\u00e4chen verschiedenste DTV und WDSF Turniere aller Altersklassen (von Kinder bis MAS IV) in Standard und Latein statt. Insgesamt 73 Turniere, davon 14 WDSF-Turniere standen auf dem dreit\u00e4gigen Programm. Abwechselnd werden Standard- und Latein-Turniere auf [&hellip;]<\/p>\n","protected":false},"author":19,"featured_media":19711,"comment_status":"closed","ping_status":"closed","sticky":false,"template":"","format":"standard","meta":{"_jetpack_memberships_contains_paid_content":false,"footnotes":""},"categories":[1],"tags":[],"class_list":["post-19693","post","type-post","status-publish","format-standard","has-post-thumbnail","hentry","category-allgemein"],"jetpack_featured_media_url":"https:\/\/tanzen-weilheim.de\/cms\/wp-content\/uploads\/2023\/05\/IMG_1057.jpg","jetpack_sharing_enabled":true,"_links":{"self":[{"href":"https:\/\/tanzen-weilheim.de\/cms\/wp-json\/wp\/v2\/posts\/19693","targetHints":{"allow":["GET"]}}],"collection":[{"href":"https:\/\/tanzen-weilheim.de\/cms\/wp-json\/wp\/v2\/posts"}],"about":[{"href":"https:\/\/tanzen-weilheim.de\/cms\/wp-json\/wp\/v2\/types\/post"}],"author":[{"embeddable":true,"href":"https:\/\/tanzen-weilheim.de\/cms\/wp-json\/wp\/v2\/users\/19"}],"replies":[{"embeddable":true,"href":"https:\/\/tanzen-weilheim.de\/cms\/wp-json\/wp\/v2\/comments?post=19693"}],"version-history":[{"count":22,"href":"https:\/\/tanzen-weilheim.de\/cms\/wp-json\/wp\/v2\/posts\/19693\/revisions"}],"predecessor-version":[{"id":19738,"href":"https:\/\/tanzen-weilheim.de\/cms\/wp-json\/wp\/v2\/posts\/19693\/revisions\/19738"}],"wp:featuredmedia":[{"embeddable":true,"href":"https:\/\/tanzen-weilheim.de\/cms\/wp-json\/wp\/v2\/media\/19711"}],"wp:attachment":[{"href":"https:\/\/tanzen-weilheim.de\/cms\/wp-json\/wp\/v2\/media?parent=19693"}],"wp:term":[{"taxonomy":"category","embeddable":true,"href":"https:\/\/tanzen-weilheim.de\/cms\/wp-json\/wp\/v2\/categories?post=19693"},{"taxonomy":"post_tag","embeddable":true,"href":"https:\/\/tanzen-weilheim.de\/cms\/wp-json\/wp\/v2\/tags?post=19693"}],"curies":[{"name":"wp","href":"https:\/\/api.w.org\/{rel}","templated":true}]}}