{"id":19671,"date":"2023-05-11T22:30:54","date_gmt":"2023-05-11T20:30:54","guid":{"rendered":"http:\/\/tanzen-weilheim.de\/cms\/?p=19671"},"modified":"2023-05-12T07:48:03","modified_gmt":"2023-05-12T05:48:03","slug":"friday-night-nach-langer-pause","status":"publish","type":"post","link":"https:\/\/tanzen-weilheim.de\/cms\/19671\/friday-night-nach-langer-pause","title":{"rendered":"Friday night nach langer Pause ein voller Erfolg"},"content":{"rendered":"\n<p>Bericht: Evelyn Ebnet 11.05.2023<\/p>\n\n\n\n<p>\u201eEin wirklich gelungener Abend\u201c, \u201ehat viel Spa\u00df gemacht\u201c, \u201ewir kommen auf jeden Fall  wieder\u201c  so lauteten die einhelligen Kommentare zur ersten Neuauflage der  Friday Night , die am 28. April 2023 im Pfarrheim der katholischen Kirche Weilheim stattfand. <\/p>\n\n\n\n<!--more-->\n\n\n\n<div class=\"wp-block-image\"><figure class=\"aligncenter is-resized\"><img loading=\"lazy\" decoding=\"async\" src=\"https:\/\/tanzen-weilheim.de\/cms\/wp-content\/uploads\/2023\/05\/Tsich_signal-2023-04-28-19-37-17-627-1.jpg\" alt=\"\" class=\"wp-image-19678\" width=\"221\" height=\"490\" srcset=\"https:\/\/tanzen-weilheim.de\/cms\/wp-content\/uploads\/2023\/05\/Tsich_signal-2023-04-28-19-37-17-627-1.jpg 922w, https:\/\/tanzen-weilheim.de\/cms\/wp-content\/uploads\/2023\/05\/Tsich_signal-2023-04-28-19-37-17-627-1-432x960.jpg 432w, https:\/\/tanzen-weilheim.de\/cms\/wp-content\/uploads\/2023\/05\/Tsich_signal-2023-04-28-19-37-17-627-1-864x1920.jpg 864w, https:\/\/tanzen-weilheim.de\/cms\/wp-content\/uploads\/2023\/05\/Tsich_signal-2023-04-28-19-37-17-627-1-768x1706.jpg 768w, https:\/\/tanzen-weilheim.de\/cms\/wp-content\/uploads\/2023\/05\/Tsich_signal-2023-04-28-19-37-17-627-1-270x600.jpg 270w\" sizes=\"auto, (max-width: 221px) 100vw, 221px\" \/><\/figure><\/div>\n\n\n\n<ul class=\"wp-block-gallery columns-1 is-cropped wp-block-gallery-1 is-layout-flex wp-block-gallery-is-layout-flex\"><li class=\"blocks-gallery-item\"><figure><img loading=\"lazy\" decoding=\"async\" width=\"2048\" height=\"1536\" src=\"https:\/\/tanzen-weilheim.de\/cms\/wp-content\/uploads\/2023\/05\/Leer_signal-2023-04-29-091116-1-1.jpeg\" alt=\"\" data-id=\"19685\" data-link=\"https:\/\/tanzen-weilheim.de\/cms\/?attachment_id=19685\" class=\"wp-image-19685\" srcset=\"https:\/\/tanzen-weilheim.de\/cms\/wp-content\/uploads\/2023\/05\/Leer_signal-2023-04-29-091116-1-1.jpeg 2048w, https:\/\/tanzen-weilheim.de\/cms\/wp-content\/uploads\/2023\/05\/Leer_signal-2023-04-29-091116-1-1-960x720.jpeg 960w, https:\/\/tanzen-weilheim.de\/cms\/wp-content\/uploads\/2023\/05\/Leer_signal-2023-04-29-091116-1-1-1920x1440.jpeg 1920w, https:\/\/tanzen-weilheim.de\/cms\/wp-content\/uploads\/2023\/05\/Leer_signal-2023-04-29-091116-1-1-768x576.jpeg 768w, https:\/\/tanzen-weilheim.de\/cms\/wp-content\/uploads\/2023\/05\/Leer_signal-2023-04-29-091116-1-1-400x300.jpeg 400w\" sizes=\"auto, (max-width: 2048px) 100vw, 2048px\" \/><\/figure><\/li><\/ul>\n\n\n\n<p>Mehr als f\u00fcnfzig  tanzbegeisterte Mitglieder der TSA und TSV-Freunde waren der Einladung eines von Evelyn Ebnet ins Leben  gerufenen Orga-Teams gefolgt und trafen sich in einem ansprechend gestalteten  \u201ePartyraum\u201c mit toller Tischdekoration, Beleuchtung und bester Stimmung zum Tanzen,  Ratschen, Kennenlernen.. Empfangen wurden die G\u00e4ste mit einem Begr\u00fc\u00dfungsgetr\u00e4nk und ausgew\u00e4hlter Musik, die  f\u00fcr alle Standard- und Lateint\u00e4nzer und jeden Geschmack etwas zu bieten hatte. <\/p>\n\n\n\n<p>So war die  Tanzfl\u00e4che schnell gef\u00fcllt und alle konnten ihre Fertigkeiten und t\u00e4nzerischen Qualit\u00e4ten  auf\u2019s Parkett bringen. <\/p>\n\n\n\n<ul class=\"wp-block-gallery columns-1 is-cropped wp-block-gallery-2 is-layout-flex wp-block-gallery-is-layout-flex\"><li class=\"blocks-gallery-item\"><figure><img loading=\"lazy\" decoding=\"async\" width=\"2048\" height=\"922\" src=\"https:\/\/tanzen-weilheim.de\/cms\/wp-content\/uploads\/2023\/05\/Gaste_signal-2023-04-29-10-42-13-657-1-2.jpg\" alt=\"\" data-id=\"19681\" data-link=\"https:\/\/tanzen-weilheim.de\/cms\/?attachment_id=19681\" class=\"wp-image-19681\" srcset=\"https:\/\/tanzen-weilheim.de\/cms\/wp-content\/uploads\/2023\/05\/Gaste_signal-2023-04-29-10-42-13-657-1-2.jpg 2048w, https:\/\/tanzen-weilheim.de\/cms\/wp-content\/uploads\/2023\/05\/Gaste_signal-2023-04-29-10-42-13-657-1-2-960x432.jpg 960w, https:\/\/tanzen-weilheim.de\/cms\/wp-content\/uploads\/2023\/05\/Gaste_signal-2023-04-29-10-42-13-657-1-2-1920x864.jpg 1920w, https:\/\/tanzen-weilheim.de\/cms\/wp-content\/uploads\/2023\/05\/Gaste_signal-2023-04-29-10-42-13-657-1-2-768x346.jpg 768w, https:\/\/tanzen-weilheim.de\/cms\/wp-content\/uploads\/2023\/05\/Gaste_signal-2023-04-29-10-42-13-657-1-2-400x180.jpg 400w\" sizes=\"auto, (max-width: 2048px) 100vw, 2048px\" \/><\/figure><\/li><li class=\"blocks-gallery-item\"><figure><img loading=\"lazy\" decoding=\"async\" width=\"2048\" height=\"922\" src=\"https:\/\/tanzen-weilheim.de\/cms\/wp-content\/uploads\/2023\/05\/G\u00e4ste_signal-2023-04-29-10-42-13-657-2.jpg\" alt=\"\" data-id=\"19682\" data-link=\"https:\/\/tanzen-weilheim.de\/cms\/?attachment_id=19682\" class=\"wp-image-19682\" srcset=\"https:\/\/tanzen-weilheim.de\/cms\/wp-content\/uploads\/2023\/05\/G\u00e4ste_signal-2023-04-29-10-42-13-657-2.jpg 2048w, https:\/\/tanzen-weilheim.de\/cms\/wp-content\/uploads\/2023\/05\/G\u00e4ste_signal-2023-04-29-10-42-13-657-2-960x432.jpg 960w, https:\/\/tanzen-weilheim.de\/cms\/wp-content\/uploads\/2023\/05\/G\u00e4ste_signal-2023-04-29-10-42-13-657-2-1920x864.jpg 1920w, https:\/\/tanzen-weilheim.de\/cms\/wp-content\/uploads\/2023\/05\/G\u00e4ste_signal-2023-04-29-10-42-13-657-2-768x346.jpg 768w, https:\/\/tanzen-weilheim.de\/cms\/wp-content\/uploads\/2023\/05\/G\u00e4ste_signal-2023-04-29-10-42-13-657-2-400x180.jpg 400w\" sizes=\"auto, (max-width: 2048px) 100vw, 2048px\" \/><\/figure><\/li><li class=\"blocks-gallery-item\"><figure><img loading=\"lazy\" decoding=\"async\" width=\"3840\" height=\"2880\" src=\"https:\/\/tanzen-weilheim.de\/cms\/wp-content\/uploads\/2023\/05\/IMG_0657_Original-3840x2880.jpg\" alt=\"\" data-id=\"19684\" data-link=\"https:\/\/tanzen-weilheim.de\/cms\/?attachment_id=19684\" class=\"wp-image-19684\" srcset=\"https:\/\/tanzen-weilheim.de\/cms\/wp-content\/uploads\/2023\/05\/IMG_0657_Original-3840x2880.jpg 3840w, https:\/\/tanzen-weilheim.de\/cms\/wp-content\/uploads\/2023\/05\/IMG_0657_Original-960x720.jpg 960w, https:\/\/tanzen-weilheim.de\/cms\/wp-content\/uploads\/2023\/05\/IMG_0657_Original-1920x1440.jpg 1920w, https:\/\/tanzen-weilheim.de\/cms\/wp-content\/uploads\/2023\/05\/IMG_0657_Original-768x576.jpg 768w, https:\/\/tanzen-weilheim.de\/cms\/wp-content\/uploads\/2023\/05\/IMG_0657_Original-400x300.jpg 400w\" sizes=\"auto, (max-width: 3840px) 100vw, 3840px\" \/><\/figure><\/li><\/ul>\n\n\n\n<p>Kurz unterbrochen durch ein unterhaltsames Quiz mit Fragen zu Musik und passenden T\u00e4nzen ging es bis Mitternacht weiter. Die Gewinnerin &#8211; Angelika Mayer &#8211;  erntete gro\u00dfen Beifall und wurde mit einem \u201eMotivationsgetr\u00e4nk\u201c belohnt. <\/p>\n\n\n\n<figure class=\"wp-block-image\"><img loading=\"lazy\" decoding=\"async\" width=\"2048\" height=\"1536\" src=\"https:\/\/tanzen-weilheim.de\/cms\/wp-content\/uploads\/2023\/05\/Sieger_signal-2023-04-29-091116-3-1.jpeg\" alt=\"\" class=\"wp-image-19683\" srcset=\"https:\/\/tanzen-weilheim.de\/cms\/wp-content\/uploads\/2023\/05\/Sieger_signal-2023-04-29-091116-3-1.jpeg 2048w, https:\/\/tanzen-weilheim.de\/cms\/wp-content\/uploads\/2023\/05\/Sieger_signal-2023-04-29-091116-3-1-960x720.jpeg 960w, https:\/\/tanzen-weilheim.de\/cms\/wp-content\/uploads\/2023\/05\/Sieger_signal-2023-04-29-091116-3-1-1920x1440.jpeg 1920w, https:\/\/tanzen-weilheim.de\/cms\/wp-content\/uploads\/2023\/05\/Sieger_signal-2023-04-29-091116-3-1-768x576.jpeg 768w, https:\/\/tanzen-weilheim.de\/cms\/wp-content\/uploads\/2023\/05\/Sieger_signal-2023-04-29-091116-3-1-400x300.jpeg 400w\" sizes=\"auto, (max-width: 2048px) 100vw, 2048px\" \/><\/figure>\n\n\n\n<p>Die tolle Stimmung der G\u00e4ste und die positiven Gespr\u00e4che sind Anerkennung und Ansporn  f\u00fcr Evelyn und ihr Organisationsteam, die n\u00e4chste  Friday Night   am Freitag, 29. September  2023 vorzubereiten, wenn es wieder hei\u00dft  Komm Tanzen !<\/p>\n\n\n\n<p>Anmerkung der Abteilungsleitung:<br>Vielen Dank an das Team &#8222;Friday night&#8220;, das habt ihr wirklich super gemacht \ud83d\ude42<\/p>\n\n\n\n<p class=\"has-small-font-size\">Foto&#8217;s: TSA privat<\/p>\n\n\n\n<p><br><\/p>\n","protected":false},"excerpt":{"rendered":"<p>Bericht: Evelyn Ebnet 11.05.2023 \u201eEin wirklich gelungener Abend\u201c, \u201ehat viel Spa\u00df gemacht\u201c, \u201ewir kommen auf jeden Fall wieder\u201c so lauteten die einhelligen Kommentare zur ersten Neuauflage der Friday Night , die am 28. April 2023 im Pfarrheim der katholischen Kirche Weilheim stattfand.<\/p>\n","protected":false},"author":19,"featured_media":19508,"comment_status":"closed","ping_status":"closed","sticky":false,"template":"","format":"standard","meta":{"_jetpack_memberships_contains_paid_content":false,"footnotes":""},"categories":[1],"tags":[],"class_list":["post-19671","post","type-post","status-publish","format-standard","has-post-thumbnail","hentry","category-allgemein"],"jetpack_featured_media_url":"https:\/\/tanzen-weilheim.de\/cms\/wp-content\/uploads\/2023\/04\/744457e9-d444-4536-bf52-adac03e05ea3-1.jpg","jetpack_sharing_enabled":true,"_links":{"self":[{"href":"https:\/\/tanzen-weilheim.de\/cms\/wp-json\/wp\/v2\/posts\/19671","targetHints":{"allow":["GET"]}}],"collection":[{"href":"https:\/\/tanzen-weilheim.de\/cms\/wp-json\/wp\/v2\/posts"}],"about":[{"href":"https:\/\/tanzen-weilheim.de\/cms\/wp-json\/wp\/v2\/types\/post"}],"author":[{"embeddable":true,"href":"https:\/\/tanzen-weilheim.de\/cms\/wp-json\/wp\/v2\/users\/19"}],"replies":[{"embeddable":true,"href":"https:\/\/tanzen-weilheim.de\/cms\/wp-json\/wp\/v2\/comments?post=19671"}],"version-history":[{"count":4,"href":"https:\/\/tanzen-weilheim.de\/cms\/wp-json\/wp\/v2\/posts\/19671\/revisions"}],"predecessor-version":[{"id":19690,"href":"https:\/\/tanzen-weilheim.de\/cms\/wp-json\/wp\/v2\/posts\/19671\/revisions\/19690"}],"wp:featuredmedia":[{"embeddable":true,"href":"https:\/\/tanzen-weilheim.de\/cms\/wp-json\/wp\/v2\/media\/19508"}],"wp:attachment":[{"href":"https:\/\/tanzen-weilheim.de\/cms\/wp-json\/wp\/v2\/media?parent=19671"}],"wp:term":[{"taxonomy":"category","embeddable":true,"href":"https:\/\/tanzen-weilheim.de\/cms\/wp-json\/wp\/v2\/categories?post=19671"},{"taxonomy":"post_tag","embeddable":true,"href":"https:\/\/tanzen-weilheim.de\/cms\/wp-json\/wp\/v2\/tags?post=19671"}],"curies":[{"name":"wp","href":"https:\/\/api.w.org\/{rel}","templated":true}]}}