{"id":17305,"date":"2022-06-22T09:22:30","date_gmt":"2022-06-22T07:22:30","guid":{"rendered":"http:\/\/tanzen-weilheim.de\/cms\/?p=17305"},"modified":"2022-12-09T10:56:40","modified_gmt":"2022-12-09T09:56:40","slug":"landesmeisterschaften-sen-iii-in-fuerth","status":"publish","type":"post","link":"https:\/\/tanzen-weilheim.de\/cms\/17305\/landesmeisterschaften-sen-iii-in-fuerth","title":{"rendered":"Landesmeisterschaften Sen III D-S in F\u00fcrth"},"content":{"rendered":"\n<p>15 Grad war der Tagesh\u00f6chstwert am 29. Mai 2022, dem urspr\u00fcnglichen Datum f\u00fcr die Landesmeisterschaft Senioren III Standard. Aufgrund einer Verschiebung einer Meisterschaft auf Bundesebene musste auch die Landesmeisterschaft verschoben werden. Neuer Termin: 19. Juni, neuer Temperaturh\u00f6chstwert: 37 Grad<\/p>\n\n\n\n<p>Mit zugezogenen Jalousien und aufgestellten Ventilatoren hat der ausrichtende Verein TSG F\u00fcrth alles versucht, um die Temperatur im Saal f\u00fcr die Paare ertr\u00e4glich zu halten. Sehr beliebt bei den T\u00e4nzer:innen waren auch F\u00e4cher oder nasse Handt\u00fccher im Nacken oder um die Handgelenke gewickelt. Die \u00e4u\u00dferen Bedingungen waren also nicht einfach, dies tat aber der Stimmung keinen Abbruch. Der Saal war gut gef\u00fcllt, das Publikum unterst\u00fctzte die Paare in dieser Hitzeschlacht so gut es ging und die Paare bewiesen hervorragende Kondition. In jeder Klasse waren mindestens zwei Runden zu tanzen, manche Aufsteiger haben es bis auf zu f\u00fcnf Runden gebracht \u2013 eine gro\u00dfartige Leistung!<\/p>\n\n\n\n<p>Auch die Weilheimer Paare Amberg\/Kaiser, Huber und Marschall nahmen die &#8222;hei\u00dfe&#8220; Herausforderung des Tages an.<br>In der SenIII C Klasse konnten sich Barbara&amp;Harry in das Finale tanzen und sich dort auf den 6. Platz positionieren.<\/p>\n\n\n\n<figure class=\"wp-block-image\"><img loading=\"lazy\" decoding=\"async\" width=\"800\" height=\"337\" src=\"https:\/\/tanzen-weilheim.de\/cms\/wp-content\/uploads\/2022\/06\/2022-06-19-LM-Sen-III-C-Std-Siegerehrung.jpg\" alt=\"\" class=\"wp-image-17306\" srcset=\"https:\/\/tanzen-weilheim.de\/cms\/wp-content\/uploads\/2022\/06\/2022-06-19-LM-Sen-III-C-Std-Siegerehrung.jpg 800w, https:\/\/tanzen-weilheim.de\/cms\/wp-content\/uploads\/2022\/06\/2022-06-19-LM-Sen-III-C-Std-Siegerehrung-768x324.jpg 768w, https:\/\/tanzen-weilheim.de\/cms\/wp-content\/uploads\/2022\/06\/2022-06-19-LM-Sen-III-C-Std-Siegerehrung-400x169.jpg 400w\" sizes=\"auto, (max-width: 800px) 100vw, 800px\" \/><figcaption>Sen III C Barbara&amp;Harry auf Platz 6<\/figcaption><\/figure>\n\n\n\n<p>Beide SenIII A-Paare (Christine&amp;Manfred, sowie Monika&amp;Michael) konnten sich ganz eindeutig die Zwischenrunde qualifizieren&#8230;<\/p>\n\n\n\n<figure class=\"wp-block-image\"><img loading=\"lazy\" decoding=\"async\" width=\"2333\" height=\"3500\" src=\"https:\/\/tanzen-weilheim.de\/cms\/wp-content\/uploads\/2022\/12\/Marschall_LM2022_Blitznicht_222_02447_bear.jpg\" alt=\"\" class=\"wp-image-18670\" srcset=\"https:\/\/tanzen-weilheim.de\/cms\/wp-content\/uploads\/2022\/12\/Marschall_LM2022_Blitznicht_222_02447_bear.jpg 2333w, https:\/\/tanzen-weilheim.de\/cms\/wp-content\/uploads\/2022\/12\/Marschall_LM2022_Blitznicht_222_02447_bear-640x960.jpg 640w, https:\/\/tanzen-weilheim.de\/cms\/wp-content\/uploads\/2022\/12\/Marschall_LM2022_Blitznicht_222_02447_bear-1280x1920.jpg 1280w, https:\/\/tanzen-weilheim.de\/cms\/wp-content\/uploads\/2022\/12\/Marschall_LM2022_Blitznicht_222_02447_bear-768x1152.jpg 768w, https:\/\/tanzen-weilheim.de\/cms\/wp-content\/uploads\/2022\/12\/Marschall_LM2022_Blitznicht_222_02447_bear-400x600.jpg 400w\" sizes=\"auto, (max-width: 2333px) 100vw, 2333px\" \/><figcaption>Monika &amp; Michael Sen III A<br>Foto: blitznicht.de<\/figcaption><\/figure>\n\n\n\n<p><a href=\"https:\/\/tsg-fuerth.de\/turnierergebnisse.htm\">hier<\/a> geht es zu den Ergebnissen der Landesmeisterschaft<\/p>\n","protected":false},"excerpt":{"rendered":"<p>15 Grad war der Tagesh\u00f6chstwert am 29. Mai 2022, dem urspr\u00fcnglichen Datum f\u00fcr die Landesmeisterschaft Senioren III Standard. Aufgrund einer Verschiebung einer Meisterschaft auf Bundesebene musste auch die Landesmeisterschaft verschoben werden. Neuer Termin: 19. Juni, neuer Temperaturh\u00f6chstwert: 37 Grad Mit zugezogenen Jalousien und aufgestellten Ventilatoren hat der ausrichtende Verein TSG F\u00fcrth alles versucht, um die [&hellip;]<\/p>\n","protected":false},"author":19,"featured_media":18670,"comment_status":"closed","ping_status":"closed","sticky":false,"template":"","format":"standard","meta":{"_jetpack_memberships_contains_paid_content":false,"footnotes":""},"categories":[1],"tags":[],"class_list":["post-17305","post","type-post","status-publish","format-standard","has-post-thumbnail","hentry","category-allgemein"],"jetpack_featured_media_url":"https:\/\/tanzen-weilheim.de\/cms\/wp-content\/uploads\/2022\/12\/Marschall_LM2022_Blitznicht_222_02447_bear.jpg","jetpack_sharing_enabled":true,"_links":{"self":[{"href":"https:\/\/tanzen-weilheim.de\/cms\/wp-json\/wp\/v2\/posts\/17305","targetHints":{"allow":["GET"]}}],"collection":[{"href":"https:\/\/tanzen-weilheim.de\/cms\/wp-json\/wp\/v2\/posts"}],"about":[{"href":"https:\/\/tanzen-weilheim.de\/cms\/wp-json\/wp\/v2\/types\/post"}],"author":[{"embeddable":true,"href":"https:\/\/tanzen-weilheim.de\/cms\/wp-json\/wp\/v2\/users\/19"}],"replies":[{"embeddable":true,"href":"https:\/\/tanzen-weilheim.de\/cms\/wp-json\/wp\/v2\/comments?post=17305"}],"version-history":[{"count":7,"href":"https:\/\/tanzen-weilheim.de\/cms\/wp-json\/wp\/v2\/posts\/17305\/revisions"}],"predecessor-version":[{"id":18683,"href":"https:\/\/tanzen-weilheim.de\/cms\/wp-json\/wp\/v2\/posts\/17305\/revisions\/18683"}],"wp:featuredmedia":[{"embeddable":true,"href":"https:\/\/tanzen-weilheim.de\/cms\/wp-json\/wp\/v2\/media\/18670"}],"wp:attachment":[{"href":"https:\/\/tanzen-weilheim.de\/cms\/wp-json\/wp\/v2\/media?parent=17305"}],"wp:term":[{"taxonomy":"category","embeddable":true,"href":"https:\/\/tanzen-weilheim.de\/cms\/wp-json\/wp\/v2\/categories?post=17305"},{"taxonomy":"post_tag","embeddable":true,"href":"https:\/\/tanzen-weilheim.de\/cms\/wp-json\/wp\/v2\/tags?post=17305"}],"curies":[{"name":"wp","href":"https:\/\/api.w.org\/{rel}","templated":true}]}}