{"id":17269,"date":"2022-06-14T10:57:55","date_gmt":"2022-06-14T08:57:55","guid":{"rendered":"http:\/\/tanzen-weilheim.de\/cms\/?p=17269"},"modified":"2022-06-14T11:03:22","modified_gmt":"2022-06-14T09:03:22","slug":"pfingstturniere-2022-in-unterschleissheim","status":"publish","type":"post","link":"https:\/\/tanzen-weilheim.de\/cms\/17269\/pfingstturniere-2022-in-unterschleissheim","title":{"rendered":"Pfingstturniere 2022 in Unterschlei\u00dfheim"},"content":{"rendered":"\n<p>vergangenes Wochenende war es wieder einmal so weit &#8211; der TSC Unterschei\u00dfheim veranstaltete seine traditionellen Pfingstturnieren.<\/p>\n\n\n\n<p>Bei herrlichstem Wetter nutzten viele Turnierpaare, aus dem Standard- und Lateinbereich, die Chance in der neuen FOS\/BOS-3-fach-Turnhalle an diesen Turnieren teilzunehmen.  <br><\/p>\n\n\n\n<p>Insgesamt waren aus dem Turniertrainingsbereich Weilheim 5 Paare in Unterschlei\u00dfheim dabei, die an 11 Turnieren teilnahmen.<\/p>\n\n\n\n<!--more-->\n\n\n\n<p>Den Namen der  Tanzsportabteilung Weilheim vertraten Birgit&amp;Peter  Handel (Standard Sen B IV + Latein BI\/II + BIII), Kamilla&amp;Richard Czierpke (Standard BIII) und Christine&amp;Manfred Huber (Standard AII + AIII) .<br><\/p>\n\n\n\n<p>F\u00fcr den  TSC T\u00f6lzer Land waren unsere Zweitmitglieder Bj\u00f6rn&amp;Anke Buschmann (Standard + Latein Sen I) und f\u00fcr den GTC Murnau Oliver Albers&amp;Jutta Machio (Standard DI (es war ihr aller erster Start in Standard) + Latein CI + CII ) am Start.<br><br>Die 5 Paare aus dem Turniertrainingsbereich der TSA Weilheim zeigten, in den  internationalen Startfeldern,  hervorragendes Tanzen und platzierten sich jeweils in den Finals. <\/p>\n\n\n\n<ul class=\"wp-block-gallery columns-1 is-cropped wp-block-gallery-1 is-layout-flex wp-block-gallery-is-layout-flex\"><li class=\"blocks-gallery-item\"><figure><img loading=\"lazy\" decoding=\"async\" width=\"1545\" height=\"722\" src=\"https:\/\/tanzen-weilheim.de\/cms\/wp-content\/uploads\/2022\/06\/Pfaffenwinkelpokal2022_SenIID_Foto_Albers_PHOTO-2022-06-12-16-11-27-1.jpg\" alt=\"\" data-id=\"17279\" data-link=\"https:\/\/tanzen-weilheim.de\/cms\/?attachment_id=17279\" class=\"wp-image-17279\" srcset=\"https:\/\/tanzen-weilheim.de\/cms\/wp-content\/uploads\/2022\/06\/Pfaffenwinkelpokal2022_SenIID_Foto_Albers_PHOTO-2022-06-12-16-11-27-1.jpg 1545w, https:\/\/tanzen-weilheim.de\/cms\/wp-content\/uploads\/2022\/06\/Pfaffenwinkelpokal2022_SenIID_Foto_Albers_PHOTO-2022-06-12-16-11-27-1-960x449.jpg 960w, https:\/\/tanzen-weilheim.de\/cms\/wp-content\/uploads\/2022\/06\/Pfaffenwinkelpokal2022_SenIID_Foto_Albers_PHOTO-2022-06-12-16-11-27-1-768x359.jpg 768w, https:\/\/tanzen-weilheim.de\/cms\/wp-content\/uploads\/2022\/06\/Pfaffenwinkelpokal2022_SenIID_Foto_Albers_PHOTO-2022-06-12-16-11-27-1-400x187.jpg 400w\" sizes=\"auto, (max-width: 1545px) 100vw, 1545px\" \/><figcaption>Jutta&#038;Oliver Standard Sen II D Platz 6<\/figcaption><\/figure><\/li><li class=\"blocks-gallery-item\"><figure><img loading=\"lazy\" decoding=\"async\" width=\"1702\" height=\"820\" src=\"https:\/\/tanzen-weilheim.de\/cms\/wp-content\/uploads\/2022\/06\/Paffenwinkelpokal2022_SenBIV_Foto_Huber_PHOTO-2022-06-12-19-24-57-1.jpg\" alt=\"\" data-id=\"17278\" data-link=\"https:\/\/tanzen-weilheim.de\/cms\/?attachment_id=17278\" class=\"wp-image-17278\" srcset=\"https:\/\/tanzen-weilheim.de\/cms\/wp-content\/uploads\/2022\/06\/Paffenwinkelpokal2022_SenBIV_Foto_Huber_PHOTO-2022-06-12-19-24-57-1.jpg 1702w, https:\/\/tanzen-weilheim.de\/cms\/wp-content\/uploads\/2022\/06\/Paffenwinkelpokal2022_SenBIV_Foto_Huber_PHOTO-2022-06-12-19-24-57-1-960x463.jpg 960w, https:\/\/tanzen-weilheim.de\/cms\/wp-content\/uploads\/2022\/06\/Paffenwinkelpokal2022_SenBIV_Foto_Huber_PHOTO-2022-06-12-19-24-57-1-768x370.jpg 768w, https:\/\/tanzen-weilheim.de\/cms\/wp-content\/uploads\/2022\/06\/Paffenwinkelpokal2022_SenBIV_Foto_Huber_PHOTO-2022-06-12-19-24-57-1-400x193.jpg 400w\" sizes=\"auto, (max-width: 1702px) 100vw, 1702px\" \/><figcaption>Birgit&#038;Peter Standard SenIV B Platz 5<\/figcaption><\/figure><\/li><li class=\"blocks-gallery-item\"><figure><img loading=\"lazy\" decoding=\"async\" width=\"1525\" height=\"749\" src=\"https:\/\/tanzen-weilheim.de\/cms\/wp-content\/uploads\/2022\/06\/Pfingstturniere2022_B3_FotoBuschmann_PHOTO-2022-06-12-13-15-47-1.jpg\" alt=\"\" data-id=\"17282\" data-link=\"https:\/\/tanzen-weilheim.de\/cms\/?attachment_id=17282\" class=\"wp-image-17282\" srcset=\"https:\/\/tanzen-weilheim.de\/cms\/wp-content\/uploads\/2022\/06\/Pfingstturniere2022_B3_FotoBuschmann_PHOTO-2022-06-12-13-15-47-1.jpg 1525w, https:\/\/tanzen-weilheim.de\/cms\/wp-content\/uploads\/2022\/06\/Pfingstturniere2022_B3_FotoBuschmann_PHOTO-2022-06-12-13-15-47-1-960x472.jpg 960w, https:\/\/tanzen-weilheim.de\/cms\/wp-content\/uploads\/2022\/06\/Pfingstturniere2022_B3_FotoBuschmann_PHOTO-2022-06-12-13-15-47-1-768x377.jpg 768w, https:\/\/tanzen-weilheim.de\/cms\/wp-content\/uploads\/2022\/06\/Pfingstturniere2022_B3_FotoBuschmann_PHOTO-2022-06-12-13-15-47-1-400x196.jpg 400w\" sizes=\"auto, (max-width: 1525px) 100vw, 1525px\" \/><figcaption>Kamilla&#038;Richard Standard  SenBIII Platz 6<\/figcaption><\/figure><\/li><li class=\"blocks-gallery-item\"><figure><img loading=\"lazy\" decoding=\"async\" width=\"2974\" height=\"1803\" src=\"https:\/\/tanzen-weilheim.de\/cms\/wp-content\/uploads\/2022\/06\/Pfingstturniere_2022_A3_Foto_Buschmann_20220612_131157-1.jpg\" alt=\"\" data-id=\"17280\" data-link=\"https:\/\/tanzen-weilheim.de\/cms\/?attachment_id=17280\" class=\"wp-image-17280\" srcset=\"https:\/\/tanzen-weilheim.de\/cms\/wp-content\/uploads\/2022\/06\/Pfingstturniere_2022_A3_Foto_Buschmann_20220612_131157-1.jpg 2974w, https:\/\/tanzen-weilheim.de\/cms\/wp-content\/uploads\/2022\/06\/Pfingstturniere_2022_A3_Foto_Buschmann_20220612_131157-1-960x582.jpg 960w, https:\/\/tanzen-weilheim.de\/cms\/wp-content\/uploads\/2022\/06\/Pfingstturniere_2022_A3_Foto_Buschmann_20220612_131157-1-1920x1164.jpg 1920w, https:\/\/tanzen-weilheim.de\/cms\/wp-content\/uploads\/2022\/06\/Pfingstturniere_2022_A3_Foto_Buschmann_20220612_131157-1-768x466.jpg 768w, https:\/\/tanzen-weilheim.de\/cms\/wp-content\/uploads\/2022\/06\/Pfingstturniere_2022_A3_Foto_Buschmann_20220612_131157-1-400x243.jpg 400w\" sizes=\"auto, (max-width: 2974px) 100vw, 2974px\" \/><figcaption>Christine&#038;Manfred Standard SeniII A Platz 5<\/figcaption><\/figure><\/li><li class=\"blocks-gallery-item\"><figure><img loading=\"lazy\" decoding=\"async\" width=\"3361\" height=\"1846\" src=\"https:\/\/tanzen-weilheim.de\/cms\/wp-content\/uploads\/2022\/06\/Pfingstturniere2022_AI_II_Foto_Handel_IMG_20220612_154413-1.jpg\" alt=\"\" data-id=\"17281\" data-link=\"https:\/\/tanzen-weilheim.de\/cms\/?attachment_id=17281\" class=\"wp-image-17281\" srcset=\"https:\/\/tanzen-weilheim.de\/cms\/wp-content\/uploads\/2022\/06\/Pfingstturniere2022_AI_II_Foto_Handel_IMG_20220612_154413-1.jpg 3361w, https:\/\/tanzen-weilheim.de\/cms\/wp-content\/uploads\/2022\/06\/Pfingstturniere2022_AI_II_Foto_Handel_IMG_20220612_154413-1-960x527.jpg 960w, https:\/\/tanzen-weilheim.de\/cms\/wp-content\/uploads\/2022\/06\/Pfingstturniere2022_AI_II_Foto_Handel_IMG_20220612_154413-1-1920x1055.jpg 1920w, https:\/\/tanzen-weilheim.de\/cms\/wp-content\/uploads\/2022\/06\/Pfingstturniere2022_AI_II_Foto_Handel_IMG_20220612_154413-1-768x422.jpg 768w, https:\/\/tanzen-weilheim.de\/cms\/wp-content\/uploads\/2022\/06\/Pfingstturniere2022_AI_II_Foto_Handel_IMG_20220612_154413-1-400x220.jpg 400w\" sizes=\"auto, (max-width: 3361px) 100vw, 3361px\" \/><figcaption>Kombinationsturnier<br>Anke&amp;Bj\u00f6rn Standard SenI A Platz 1 \/\/ Christine&amp;Manfred Standard SenII A Platz 4<\/figcaption><\/figure><\/li><\/ul>\n\n\n\n<p><a href=\"https:\/\/tsc-unterschleissheim.de\/wp-content\/Ergebnisse\/OPT2022\/\">hier<\/a> geht es zu den Ergebnisse der Pfingstturniere 2022<\/p>\n\n\n\n<p>Foto&#8217;s: TSA privat<\/p>\n\n\n\n<p><\/p>\n","protected":false},"excerpt":{"rendered":"<p>vergangenes Wochenende war es wieder einmal so weit &#8211; der TSC Unterschei\u00dfheim veranstaltete seine traditionellen Pfingstturnieren. Bei herrlichstem Wetter nutzten viele Turnierpaare, aus dem Standard- und Lateinbereich, die Chance in der neuen FOS\/BOS-3-fach-Turnhalle an diesen Turnieren teilzunehmen. Insgesamt waren aus dem Turniertrainingsbereich Weilheim 5 Paare in Unterschlei\u00dfheim dabei, die an 11 Turnieren teilnahmen.<\/p>\n","protected":false},"author":19,"featured_media":17285,"comment_status":"closed","ping_status":"closed","sticky":false,"template":"","format":"standard","meta":{"_jetpack_memberships_contains_paid_content":false,"footnotes":""},"categories":[1],"tags":[],"class_list":["post-17269","post","type-post","status-publish","format-standard","has-post-thumbnail","hentry","category-allgemein"],"jetpack_featured_media_url":"https:\/\/tanzen-weilheim.de\/cms\/wp-content\/uploads\/2022\/06\/Pfingssturniere2022_AI_AII_Foto_Handel_IMG_20220612_154107.jpg","jetpack_sharing_enabled":true,"_links":{"self":[{"href":"https:\/\/tanzen-weilheim.de\/cms\/wp-json\/wp\/v2\/posts\/17269","targetHints":{"allow":["GET"]}}],"collection":[{"href":"https:\/\/tanzen-weilheim.de\/cms\/wp-json\/wp\/v2\/posts"}],"about":[{"href":"https:\/\/tanzen-weilheim.de\/cms\/wp-json\/wp\/v2\/types\/post"}],"author":[{"embeddable":true,"href":"https:\/\/tanzen-weilheim.de\/cms\/wp-json\/wp\/v2\/users\/19"}],"replies":[{"embeddable":true,"href":"https:\/\/tanzen-weilheim.de\/cms\/wp-json\/wp\/v2\/comments?post=17269"}],"version-history":[{"count":10,"href":"https:\/\/tanzen-weilheim.de\/cms\/wp-json\/wp\/v2\/posts\/17269\/revisions"}],"predecessor-version":[{"id":17292,"href":"https:\/\/tanzen-weilheim.de\/cms\/wp-json\/wp\/v2\/posts\/17269\/revisions\/17292"}],"wp:featuredmedia":[{"embeddable":true,"href":"https:\/\/tanzen-weilheim.de\/cms\/wp-json\/wp\/v2\/media\/17285"}],"wp:attachment":[{"href":"https:\/\/tanzen-weilheim.de\/cms\/wp-json\/wp\/v2\/media?parent=17269"}],"wp:term":[{"taxonomy":"category","embeddable":true,"href":"https:\/\/tanzen-weilheim.de\/cms\/wp-json\/wp\/v2\/categories?post=17269"},{"taxonomy":"post_tag","embeddable":true,"href":"https:\/\/tanzen-weilheim.de\/cms\/wp-json\/wp\/v2\/tags?post=17269"}],"curies":[{"name":"wp","href":"https:\/\/api.w.org\/{rel}","templated":true}]}}